{"id":10031,"date":"2023-02-06T12:14:02","date_gmt":"2023-02-06T11:14:02","guid":{"rendered":"https:\/\/www.euroekonom.sk\/?p=10031"},"modified":"2024-05-13T14:57:46","modified_gmt":"2024-05-13T12:57:46","slug":"bez-peknej-zahrady-nie-je-pekny-ziadny-dom","status":"publish","type":"post","link":"https:\/\/www.vrtulniky.sk\/news\/bez-peknej-zahrady-nie-je-pekny-ziadny-dom\/","title":{"rendered":"Bez peknej z\u00e1hrady nie je pekn\u00fd \u017eiadny dom"},"content":{"rendered":"<p><strong>Ku ka\u017ed\u00e9mu rodinn\u00e9mu domu patr\u00ed aj okolit\u00fd pozemok, ktor\u00fd by mal sp\u013a\u0148a\u0165 viacero funkci\u00ed. Jednou z nich je aj spolu\u00fa\u010das\u0165 pri tvorbe celkov\u00e9ho dizajnu b\u00fdvania, na z\u00e1klade \u010doho je d\u00f4le\u017eit\u00fd jeho vzh\u013ead. A o ten sa najviac star\u00e1 pr\u00e1ve \u0161t\u00fdlovo upraven\u00e1 z\u00e1hrada.<\/strong><br \/>\nHlavn\u00fdm d\u00f4vodom, kv\u00f4li ktor\u00e9mu je potrebn\u00e9 venova\u0165 rovnak\u00fa pozornos\u0165 ako nehnute\u013enosti aj z\u00e1hrade, je cesta za komfortn\u00fdm b\u00fdvan\u00edm. Predstava, \u017ee vyjdete zo \u0161t\u00fdlovo zariadenej kuchyne alebo k\u00fape\u013ene von a zbad\u00e1te zarasten\u00fd dvor s neporiadkom je dos\u0165 odpudiv\u00e1. Pocit spokojnosti z b\u00fdvania z\u00e1vis\u00ed od pr\u00edjemn\u00e9ho prostredia vytvoren\u00e9ho na ka\u017edom mieste, tak\u017ee venova\u0165 sa interi\u00e9ru aj exteri\u00e9ru treba v rovnakej miere.<\/p>\n<h2>Zapojte kreativitu a vkus<\/h2>\n<p>Pri n\u00e1vrhu z\u00e1hrady je najd\u00f4le\u017eitej\u0161ie dr\u017ea\u0165 sa vlastn\u00e9ho vkusu. Ak ho spoj\u00edte s fant\u00e1ziou a r\u00f4znymi kreat\u00edvnymi n\u00e1padmi, dok\u00e1\u017eete si vytvori\u0165 pr\u00edjemn\u00e9 prostredie, ktor\u00e9 bude ladne dop\u013a\u0148a\u0165 b\u00fdvanie. Autenticita pri tvorbe z\u00e1hrady je potrebn\u00e1 u\u017e len kv\u00f4li dobrej orient\u00e1ci\u00ed a schopnosti vidie\u0165 v jej obraze zrkadlo svojej osobnosti. \u010casopisy, telev\u00edzia a internet by preto mali by\u0165 len in\u0161pir\u00e1ciou, nie vzorovou predlohou ako m\u00e1 V\u00e1\u0161 priestor vyzera\u0165.<\/p>\n<h2>Pom\u00f4\u017ee z\u00e1hradn\u00e1 architekt\u00fara<\/h2>\n<p>M\u00f4\u017ee sa sta\u0165, \u017ee s dizajnom z\u00e1hrady si neviete poradi\u0165. V takom pr\u00edpade V\u00e1m dok\u00e1\u017ee pom\u00f4c\u0165 \u0161ikovn\u00fd z\u00e1hradn\u00fd architekt, ktor\u00e9ho \u00falohou je n\u00e1vrh vzh\u013eadu t\u00fdchto extern\u00fdch pl\u00f4ch. Za jeho slu\u017eby s\u00edce treba zaplati\u0165, no investova\u0165 do komfortn\u00e9ho b\u00fdvania v elegantnom prostred\u00ed sa ur\u010dite oplat\u00ed.<br \/>\n<a href=\"https:\/\/www.nemovitosti-inzerce.cz\/\">Rodinn\u00fd dom a z\u00e1hrada<\/a> patria neodmyslite\u013ene k sebe, tak\u017ee nie nadarmo sa vrav\u00ed, \u017ee bez peknej z\u00e1hrady nie je pekn\u00fd \u017eiadny dom. M\u00f4\u017eete ma\u0165 kr\u00e1sny interi\u00e9r, modern\u00fa fas\u00e1du alebo bud\u00fa Va\u0161u nehnute\u013enos\u0165 zdobi\u0165 in\u00e9 dizajnov\u00e9 prvky, budova mus\u00ed v\u017edy ladi\u0165 aj so z\u00e1hradou. To znamen\u00e1, \u017ee treba h\u013eada\u0165 r\u00f4zne sp\u00f4soby ako vytvori\u0165 harm\u00f3niu v dizajne a rovnakou mierou spoji\u0165 estetiku budovy s kr\u00e1sou z\u00e1hrady. Dobr\u00e9 z\u00e1hradn\u00edctvo so \u0161irok\u00fdm v\u00fdberom, v\u00e1m s t\u00fdm pom\u00f4\u017ee.<\/p>\n","protected":false},"excerpt":{"rendered":"<p>Ku ka\u017ed\u00e9mu rodinn\u00e9mu domu patr\u00ed aj okolit\u00fd pozemok, ktor\u00fd by mal sp\u013a\u0148a\u0165 viacero funkci\u00ed. Jednou z nich je aj spolu\u00fa\u010das\u0165 pri tvorbe celkov\u00e9ho dizajnu b\u00fdvania, &hellip; <\/p>\n","protected":false},"author":5,"featured_media":24950,"comment_status":"open","ping_status":"closed","sticky":false,"template":"","format":"standard","meta":{"footnotes":""},"categories":[19,549],"tags":[180,181],"class_list":["post-10031","post","type-post","status-publish","format-standard","has-post-thumbnail","hentry","category-obchod","category-pracujem","tag-architektura","tag-zahrada"],"yoast_head":"<!-- This site is optimized with the Yoast SEO plugin v27.5 - https:\/\/yoast.com\/product\/yoast-seo-wordpress\/ -->\n<title>Bez peknej z\u00e1hrady nie je pekn\u00fd \u017eiadny dom<\/title>\n<meta name=\"description\" content=\"Bez peknej z\u00e1hrady nie je pekn\u00fd \u017eiadny dom. Zapojte kreativitu a vkus. Pom\u00f4\u017ee z\u00e1hradn\u00e1 architekt\u00fara.\" \/>\n<meta name=\"robots\" content=\"index, follow, max-snippet:-1, max-image-preview:large, max-video-preview:-1\" \/>\n<link rel=\"canonical\" href=\"https:\/\/www.vrtulniky.sk\/news\/bez-peknej-zahrady-nie-je-pekny-ziadny-dom\/\" \/>\n<meta property=\"og:locale\" content=\"sk_SK\" \/>\n<meta property=\"og:type\" content=\"article\" \/>\n<meta property=\"og:title\" content=\"Bez peknej z\u00e1hrady nie je pekn\u00fd \u017eiadny dom\" \/>\n<meta property=\"og:description\" content=\"Bez peknej z\u00e1hrady nie je pekn\u00fd \u017eiadny dom. Zapojte kreativitu a vkus. Pom\u00f4\u017ee z\u00e1hradn\u00e1 architekt\u00fara.\" \/>\n<meta property=\"og:url\" content=\"https:\/\/www.vrtulniky.sk\/news\/bez-peknej-zahrady-nie-je-pekny-ziadny-dom\/\" \/>\n<meta property=\"og:site_name\" content=\"Podnik\u00e1m, lietam a relaxujem\" \/>\n<meta property=\"article:publisher\" content=\"https:\/\/www.facebook.com\/vrtulniky\/\" \/>\n<meta property=\"article:published_time\" content=\"2023-02-06T11:14:02+00:00\" \/>\n<meta property=\"article:modified_time\" content=\"2024-05-13T12:57:46+00:00\" \/>\n<meta property=\"og:image\" content=\"https:\/\/www.vrtulniky.sk\/news\/wp-content\/uploads\/2022\/08\/logistika-2022-1.jpg\" \/>\n\t<meta property=\"og:image:width\" content=\"1361\" \/>\n\t<meta property=\"og:image:height\" content=\"899\" \/>\n\t<meta property=\"og:image:type\" content=\"image\/jpeg\" \/>\n<meta name=\"author\" content=\"Marta\" \/>\n<meta name=\"twitter:card\" content=\"summary_large_image\" \/>\n<meta name=\"twitter:label1\" content=\"Autor\" \/>\n\t<meta name=\"twitter:data1\" content=\"Marta\" \/>\n\t<meta name=\"twitter:label2\" content=\"Predpokladan\u00fd \u010das \u010d\u00edtania\" \/>\n\t<meta name=\"twitter:data2\" content=\"2 min\u00faty\" \/>\n<script type=\"application\/ld+json\" class=\"yoast-schema-graph\">{\"@context\":\"https:\\\/\\\/schema.org\",\"@graph\":[{\"@type\":\"Article\",\"@id\":\"https:\\\/\\\/www.vrtulniky.sk\\\/news\\\/bez-peknej-zahrady-nie-je-pekny-ziadny-dom\\\/#article\",\"isPartOf\":{\"@id\":\"https:\\\/\\\/www.vrtulniky.sk\\\/news\\\/bez-peknej-zahrady-nie-je-pekny-ziadny-dom\\\/\"},\"author\":{\"name\":\"Marta\",\"@id\":\"https:\\\/\\\/www.vrtulniky.sk\\\/news\\\/#\\\/schema\\\/person\\\/c0a8939002b2237daa4a1bd4f544e01f\"},\"headline\":\"Bez peknej z\u00e1hrady nie je pekn\u00fd \u017eiadny dom\",\"datePublished\":\"2023-02-06T11:14:02+00:00\",\"dateModified\":\"2024-05-13T12:57:46+00:00\",\"mainEntityOfPage\":{\"@id\":\"https:\\\/\\\/www.vrtulniky.sk\\\/news\\\/bez-peknej-zahrady-nie-je-pekny-ziadny-dom\\\/\"},\"wordCount\":404,\"commentCount\":0,\"publisher\":{\"@id\":\"https:\\\/\\\/www.vrtulniky.sk\\\/news\\\/#organization\"},\"image\":{\"@id\":\"https:\\\/\\\/www.vrtulniky.sk\\\/news\\\/bez-peknej-zahrady-nie-je-pekny-ziadny-dom\\\/#primaryimage\"},\"thumbnailUrl\":\"https:\\\/\\\/www.vrtulniky.sk\\\/news\\\/wp-content\\\/uploads\\\/2022\\\/08\\\/logistika-2022-1.jpg\",\"keywords\":[\"architekt\u00fara\",\"z\u00e1hrada\"],\"articleSection\":[\"Obchod\",\"Pracujem\"],\"inLanguage\":\"sk-SK\",\"potentialAction\":[{\"@type\":\"CommentAction\",\"name\":\"Comment\",\"target\":[\"https:\\\/\\\/www.vrtulniky.sk\\\/news\\\/bez-peknej-zahrady-nie-je-pekny-ziadny-dom\\\/#respond\"]}]},{\"@type\":\"WebPage\",\"@id\":\"https:\\\/\\\/www.vrtulniky.sk\\\/news\\\/bez-peknej-zahrady-nie-je-pekny-ziadny-dom\\\/\",\"url\":\"https:\\\/\\\/www.vrtulniky.sk\\\/news\\\/bez-peknej-zahrady-nie-je-pekny-ziadny-dom\\\/\",\"name\":\"Bez peknej z\u00e1hrady nie je pekn\u00fd \u017eiadny dom\",\"isPartOf\":{\"@id\":\"https:\\\/\\\/www.vrtulniky.sk\\\/news\\\/#website\"},\"primaryImageOfPage\":{\"@id\":\"https:\\\/\\\/www.vrtulniky.sk\\\/news\\\/bez-peknej-zahrady-nie-je-pekny-ziadny-dom\\\/#primaryimage\"},\"image\":{\"@id\":\"https:\\\/\\\/www.vrtulniky.sk\\\/news\\\/bez-peknej-zahrady-nie-je-pekny-ziadny-dom\\\/#primaryimage\"},\"thumbnailUrl\":\"https:\\\/\\\/www.vrtulniky.sk\\\/news\\\/wp-content\\\/uploads\\\/2022\\\/08\\\/logistika-2022-1.jpg\",\"datePublished\":\"2023-02-06T11:14:02+00:00\",\"dateModified\":\"2024-05-13T12:57:46+00:00\",\"description\":\"Bez peknej z\u00e1hrady nie je pekn\u00fd \u017eiadny dom. Zapojte kreativitu a vkus. Pom\u00f4\u017ee z\u00e1hradn\u00e1 architekt\u00fara.\",\"breadcrumb\":{\"@id\":\"https:\\\/\\\/www.vrtulniky.sk\\\/news\\\/bez-peknej-zahrady-nie-je-pekny-ziadny-dom\\\/#breadcrumb\"},\"inLanguage\":\"sk-SK\",\"potentialAction\":[{\"@type\":\"ReadAction\",\"target\":[\"https:\\\/\\\/www.vrtulniky.sk\\\/news\\\/bez-peknej-zahrady-nie-je-pekny-ziadny-dom\\\/\"]}]},{\"@type\":\"ImageObject\",\"inLanguage\":\"sk-SK\",\"@id\":\"https:\\\/\\\/www.vrtulniky.sk\\\/news\\\/bez-peknej-zahrady-nie-je-pekny-ziadny-dom\\\/#primaryimage\",\"url\":\"https:\\\/\\\/www.vrtulniky.sk\\\/news\\\/wp-content\\\/uploads\\\/2022\\\/08\\\/logistika-2022-1.jpg\",\"contentUrl\":\"https:\\\/\\\/www.vrtulniky.sk\\\/news\\\/wp-content\\\/uploads\\\/2022\\\/08\\\/logistika-2022-1.jpg\",\"width\":1361,\"height\":899},{\"@type\":\"BreadcrumbList\",\"@id\":\"https:\\\/\\\/www.vrtulniky.sk\\\/news\\\/bez-peknej-zahrady-nie-je-pekny-ziadny-dom\\\/#breadcrumb\",\"itemListElement\":[{\"@type\":\"ListItem\",\"position\":1,\"name\":\"Home\",\"item\":\"https:\\\/\\\/www.vrtulniky.sk\\\/news\\\/\"},{\"@type\":\"ListItem\",\"position\":2,\"name\":\"Bez peknej z\u00e1hrady nie je pekn\u00fd \u017eiadny dom\"}]},{\"@type\":\"WebSite\",\"@id\":\"https:\\\/\\\/www.vrtulniky.sk\\\/news\\\/#website\",\"url\":\"https:\\\/\\\/www.vrtulniky.sk\\\/news\\\/\",\"name\":\"Podnik\u00e1m, lietam a relaxujem\",\"description\":\"Vrtu\u013en\u00edky.sk\",\"publisher\":{\"@id\":\"https:\\\/\\\/www.vrtulniky.sk\\\/news\\\/#organization\"},\"potentialAction\":[{\"@type\":\"SearchAction\",\"target\":{\"@type\":\"EntryPoint\",\"urlTemplate\":\"https:\\\/\\\/www.vrtulniky.sk\\\/news\\\/?s={search_term_string}\"},\"query-input\":{\"@type\":\"PropertyValueSpecification\",\"valueRequired\":true,\"valueName\":\"search_term_string\"}}],\"inLanguage\":\"sk-SK\"},{\"@type\":\"Organization\",\"@id\":\"https:\\\/\\\/www.vrtulniky.sk\\\/news\\\/#organization\",\"name\":\"Podnik\u00e1m, lietam a relaxujem\",\"url\":\"https:\\\/\\\/www.vrtulniky.sk\\\/news\\\/\",\"logo\":{\"@type\":\"ImageObject\",\"inLanguage\":\"sk-SK\",\"@id\":\"https:\\\/\\\/www.vrtulniky.sk\\\/news\\\/#\\\/schema\\\/logo\\\/image\\\/\",\"url\":\"https:\\\/\\\/www.vrtulniky.sk\\\/news\\\/wp-content\\\/uploads\\\/2022\\\/08\\\/news-vrtulniky-sk-logo-e1660318023553.png\",\"contentUrl\":\"https:\\\/\\\/www.vrtulniky.sk\\\/news\\\/wp-content\\\/uploads\\\/2022\\\/08\\\/news-vrtulniky-sk-logo-e1660318023553.png\",\"width\":201,\"height\":200,\"caption\":\"Podnik\u00e1m, lietam a relaxujem\"},\"image\":{\"@id\":\"https:\\\/\\\/www.vrtulniky.sk\\\/news\\\/#\\\/schema\\\/logo\\\/image\\\/\"},\"sameAs\":[\"https:\\\/\\\/www.facebook.com\\\/vrtulniky\\\/\"]},{\"@type\":\"Person\",\"@id\":\"https:\\\/\\\/www.vrtulniky.sk\\\/news\\\/#\\\/schema\\\/person\\\/c0a8939002b2237daa4a1bd4f544e01f\",\"name\":\"Marta\",\"url\":\"https:\\\/\\\/www.vrtulniky.sk\\\/news\\\/author\\\/inzercia\\\/\"}]}<\/script>\n<!-- \/ Yoast SEO plugin. -->","yoast_head_json":{"title":"Bez peknej z\u00e1hrady nie je pekn\u00fd \u017eiadny dom","description":"Bez peknej z\u00e1hrady nie je pekn\u00fd \u017eiadny dom. Zapojte kreativitu a vkus. Pom\u00f4\u017ee z\u00e1hradn\u00e1 architekt\u00fara.","robots":{"index":"index","follow":"follow","max-snippet":"max-snippet:-1","max-image-preview":"max-image-preview:large","max-video-preview":"max-video-preview:-1"},"canonical":"https:\/\/www.vrtulniky.sk\/news\/bez-peknej-zahrady-nie-je-pekny-ziadny-dom\/","og_locale":"sk_SK","og_type":"article","og_title":"Bez peknej z\u00e1hrady nie je pekn\u00fd \u017eiadny dom","og_description":"Bez peknej z\u00e1hrady nie je pekn\u00fd \u017eiadny dom. Zapojte kreativitu a vkus. Pom\u00f4\u017ee z\u00e1hradn\u00e1 architekt\u00fara.","og_url":"https:\/\/www.vrtulniky.sk\/news\/bez-peknej-zahrady-nie-je-pekny-ziadny-dom\/","og_site_name":"Podnik\u00e1m, lietam a relaxujem","article_publisher":"https:\/\/www.facebook.com\/vrtulniky\/","article_published_time":"2023-02-06T11:14:02+00:00","article_modified_time":"2024-05-13T12:57:46+00:00","og_image":[{"width":1361,"height":899,"url":"https:\/\/www.vrtulniky.sk\/news\/wp-content\/uploads\/2022\/08\/logistika-2022-1.jpg","type":"image\/jpeg"}],"author":"Marta","twitter_card":"summary_large_image","twitter_misc":{"Autor":"Marta","Predpokladan\u00fd \u010das \u010d\u00edtania":"2 min\u00faty"},"schema":{"@context":"https:\/\/schema.org","@graph":[{"@type":"Article","@id":"https:\/\/www.vrtulniky.sk\/news\/bez-peknej-zahrady-nie-je-pekny-ziadny-dom\/#article","isPartOf":{"@id":"https:\/\/www.vrtulniky.sk\/news\/bez-peknej-zahrady-nie-je-pekny-ziadny-dom\/"},"author":{"name":"Marta","@id":"https:\/\/www.vrtulniky.sk\/news\/#\/schema\/person\/c0a8939002b2237daa4a1bd4f544e01f"},"headline":"Bez peknej z\u00e1hrady nie je pekn\u00fd \u017eiadny dom","datePublished":"2023-02-06T11:14:02+00:00","dateModified":"2024-05-13T12:57:46+00:00","mainEntityOfPage":{"@id":"https:\/\/www.vrtulniky.sk\/news\/bez-peknej-zahrady-nie-je-pekny-ziadny-dom\/"},"wordCount":404,"commentCount":0,"publisher":{"@id":"https:\/\/www.vrtulniky.sk\/news\/#organization"},"image":{"@id":"https:\/\/www.vrtulniky.sk\/news\/bez-peknej-zahrady-nie-je-pekny-ziadny-dom\/#primaryimage"},"thumbnailUrl":"https:\/\/www.vrtulniky.sk\/news\/wp-content\/uploads\/2022\/08\/logistika-2022-1.jpg","keywords":["architekt\u00fara","z\u00e1hrada"],"articleSection":["Obchod","Pracujem"],"inLanguage":"sk-SK","potentialAction":[{"@type":"CommentAction","name":"Comment","target":["https:\/\/www.vrtulniky.sk\/news\/bez-peknej-zahrady-nie-je-pekny-ziadny-dom\/#respond"]}]},{"@type":"WebPage","@id":"https:\/\/www.vrtulniky.sk\/news\/bez-peknej-zahrady-nie-je-pekny-ziadny-dom\/","url":"https:\/\/www.vrtulniky.sk\/news\/bez-peknej-zahrady-nie-je-pekny-ziadny-dom\/","name":"Bez peknej z\u00e1hrady nie je pekn\u00fd \u017eiadny dom","isPartOf":{"@id":"https:\/\/www.vrtulniky.sk\/news\/#website"},"primaryImageOfPage":{"@id":"https:\/\/www.vrtulniky.sk\/news\/bez-peknej-zahrady-nie-je-pekny-ziadny-dom\/#primaryimage"},"image":{"@id":"https:\/\/www.vrtulniky.sk\/news\/bez-peknej-zahrady-nie-je-pekny-ziadny-dom\/#primaryimage"},"thumbnailUrl":"https:\/\/www.vrtulniky.sk\/news\/wp-content\/uploads\/2022\/08\/logistika-2022-1.jpg","datePublished":"2023-02-06T11:14:02+00:00","dateModified":"2024-05-13T12:57:46+00:00","description":"Bez peknej z\u00e1hrady nie je pekn\u00fd \u017eiadny dom. Zapojte kreativitu a vkus. Pom\u00f4\u017ee z\u00e1hradn\u00e1 architekt\u00fara.","breadcrumb":{"@id":"https:\/\/www.vrtulniky.sk\/news\/bez-peknej-zahrady-nie-je-pekny-ziadny-dom\/#breadcrumb"},"inLanguage":"sk-SK","potentialAction":[{"@type":"ReadAction","target":["https:\/\/www.vrtulniky.sk\/news\/bez-peknej-zahrady-nie-je-pekny-ziadny-dom\/"]}]},{"@type":"ImageObject","inLanguage":"sk-SK","@id":"https:\/\/www.vrtulniky.sk\/news\/bez-peknej-zahrady-nie-je-pekny-ziadny-dom\/#primaryimage","url":"https:\/\/www.vrtulniky.sk\/news\/wp-content\/uploads\/2022\/08\/logistika-2022-1.jpg","contentUrl":"https:\/\/www.vrtulniky.sk\/news\/wp-content\/uploads\/2022\/08\/logistika-2022-1.jpg","width":1361,"height":899},{"@type":"BreadcrumbList","@id":"https:\/\/www.vrtulniky.sk\/news\/bez-peknej-zahrady-nie-je-pekny-ziadny-dom\/#breadcrumb","itemListElement":[{"@type":"ListItem","position":1,"name":"Home","item":"https:\/\/www.vrtulniky.sk\/news\/"},{"@type":"ListItem","position":2,"name":"Bez peknej z\u00e1hrady nie je pekn\u00fd \u017eiadny dom"}]},{"@type":"WebSite","@id":"https:\/\/www.vrtulniky.sk\/news\/#website","url":"https:\/\/www.vrtulniky.sk\/news\/","name":"Podnik\u00e1m, lietam a relaxujem","description":"Vrtu\u013en\u00edky.sk","publisher":{"@id":"https:\/\/www.vrtulniky.sk\/news\/#organization"},"potentialAction":[{"@type":"SearchAction","target":{"@type":"EntryPoint","urlTemplate":"https:\/\/www.vrtulniky.sk\/news\/?s={search_term_string}"},"query-input":{"@type":"PropertyValueSpecification","valueRequired":true,"valueName":"search_term_string"}}],"inLanguage":"sk-SK"},{"@type":"Organization","@id":"https:\/\/www.vrtulniky.sk\/news\/#organization","name":"Podnik\u00e1m, lietam a relaxujem","url":"https:\/\/www.vrtulniky.sk\/news\/","logo":{"@type":"ImageObject","inLanguage":"sk-SK","@id":"https:\/\/www.vrtulniky.sk\/news\/#\/schema\/logo\/image\/","url":"https:\/\/www.vrtulniky.sk\/news\/wp-content\/uploads\/2022\/08\/news-vrtulniky-sk-logo-e1660318023553.png","contentUrl":"https:\/\/www.vrtulniky.sk\/news\/wp-content\/uploads\/2022\/08\/news-vrtulniky-sk-logo-e1660318023553.png","width":201,"height":200,"caption":"Podnik\u00e1m, lietam a relaxujem"},"image":{"@id":"https:\/\/www.vrtulniky.sk\/news\/#\/schema\/logo\/image\/"},"sameAs":["https:\/\/www.facebook.com\/vrtulniky\/"]},{"@type":"Person","@id":"https:\/\/www.vrtulniky.sk\/news\/#\/schema\/person\/c0a8939002b2237daa4a1bd4f544e01f","name":"Marta","url":"https:\/\/www.vrtulniky.sk\/news\/author\/inzercia\/"}]}},"_links":{"self":[{"href":"https:\/\/www.vrtulniky.sk\/news\/wp-json\/wp\/v2\/posts\/10031","targetHints":{"allow":["GET"]}}],"collection":[{"href":"https:\/\/www.vrtulniky.sk\/news\/wp-json\/wp\/v2\/posts"}],"about":[{"href":"https:\/\/www.vrtulniky.sk\/news\/wp-json\/wp\/v2\/types\/post"}],"author":[{"embeddable":true,"href":"https:\/\/www.vrtulniky.sk\/news\/wp-json\/wp\/v2\/users\/5"}],"replies":[{"embeddable":true,"href":"https:\/\/www.vrtulniky.sk\/news\/wp-json\/wp\/v2\/comments?post=10031"}],"version-history":[{"count":0,"href":"https:\/\/www.vrtulniky.sk\/news\/wp-json\/wp\/v2\/posts\/10031\/revisions"}],"wp:featuredmedia":[{"embeddable":true,"href":"https:\/\/www.vrtulniky.sk\/news\/wp-json\/wp\/v2\/media\/24950"}],"wp:attachment":[{"href":"https:\/\/www.vrtulniky.sk\/news\/wp-json\/wp\/v2\/media?parent=10031"}],"wp:term":[{"taxonomy":"category","embeddable":true,"href":"https:\/\/www.vrtulniky.sk\/news\/wp-json\/wp\/v2\/categories?post=10031"},{"taxonomy":"post_tag","embeddable":true,"href":"https:\/\/www.vrtulniky.sk\/news\/wp-json\/wp\/v2\/tags?post=10031"}],"curies":[{"name":"wp","href":"https:\/\/api.w.org\/{rel}","templated":true}]}}