{"id":10396,"date":"2023-02-25T14:29:48","date_gmt":"2023-02-25T13:29:48","guid":{"rendered":"https:\/\/www.euroekonom.sk\/?p=10396"},"modified":"2024-05-13T14:57:42","modified_gmt":"2024-05-13T12:57:42","slug":"edukacne-prostredie","status":"publish","type":"post","link":"https:\/\/www.vrtulniky.sk\/news\/edukacne-prostredie\/","title":{"rendered":"Eduka\u010dn\u00e9 prostredie"},"content":{"rendered":"<p>Model <strong>\u0161kolsk\u00e9ho eduka\u010dn\u00e9ho<\/strong> (vzdel\u00e1vacieho) prostredia (jeho demografick\u00e1, geografick\u00e1, ekonomick\u00e1, soci\u00e1lna, gnozeologick\u00e1, psychologick\u00e1 determin\u00e1cia) a z\u00e1kladn\u00e9 jeho determinanty (\u017eiak, u\u010dite\u013e a eduka\u010dn\u00e9 kon\u0161trukty).<br \/>\n<strong>Eduka\u010dn\u00e9 prostredie<\/strong> je ve\u013emi jednoducho povedan\u00e9 prostredie, v ktorom prebiehaj\u00fa eduka\u010dn\u00e9 procesy. Tie mo\u017eno charakterizova\u0165 ako procesy z\u00e1mern\u00e9, systematick\u00e9, organizovan\u00e9; procesy, kde jeden subjekt sa u\u010d\u00ed a druh\u00fd subjekt alebo technick\u00e9 zariadenie mu toto u\u010denie sprostredk\u00fava. Eduka\u010dn\u00e9 procesy mo\u017eno v z\u00e1sade rozdeli\u0165 na in\u0161titucionalizovan\u00e9 a nein\u0161titucionalizovan\u00e9 (napr. dom\u00e1ce dou\u010dovanie). In\u0161titucionalizovan\u00e9 eduka\u010dn\u00e9 prostredie je \u010falej mo\u017en\u00e9 deli\u0165 na \u0161kolsk\u00e9 a ne\u0161kolsk\u00e9 (eduk\u00e1cia v osvetov\u00fdch zariadeniach, vo firm\u00e1ch a pod.). My sa budeme zaobera\u0165 modelom \u0161kolsk\u00e9ho eduka\u010dn\u00e9ho procesu a \u0161kolsk\u00e9ho eduka\u010dn\u00e9ho prostredia.<\/p>\n<h2>\u0160kolsk\u00e9 eduka\u010dn\u00e9 prostredie<\/h2>\n<p>\u0160kolsk\u00e9 eduka\u010dn\u00e9 prostredie mo\u017eno v z\u00e1sade rozl\u00ed\u0161i\u0165 na:<\/p>\n<ol>\n<li><strong>vonkaj\u0161ie:<\/strong> okolie \u0161koly s jeho ekonomick\u00fdmi, sociokult\u00farnymi, demografick\u00fdmi, politick\u00fdmi charakteristikami;<\/li>\n<li><strong>vn\u00fatorn\u00e9,<\/strong> ktor\u00e9 je mo\u017en\u00e9 \u010falej deli\u0165 na:\n<ul>\n<li><strong>fyzik\u00e1lne<\/strong> (ergonomick\u00e9 parametre: osvetlenie, teplota, n\u00e1bytok a pod.);<\/li>\n<li><strong>psychodoci\u00e1lne<\/strong>, ktor\u00e9 je \u010falej mo\u017en\u00e9 deli\u0165 na:\n<ul>\n<li><strong>statick\u00e9<\/strong> = kl\u00edma (trvalej\u0161ie soci\u00e1lne vz\u0165ahy medzi u\u010dite\u013eom a \u017eiakmi i \u017eiakmi navz\u00e1jom);<\/li>\n<li><strong>premenliv\u00e9 <\/strong>= atmosf\u00e9ra (kr\u00e1tkodob\u00e9 vplyvy, ktor\u00e9 p\u00f4sobia na charakter komunik\u00e1cie medzi u\u010dite\u013eom a \u017eiakmi i \u017eiakmi navz\u00e1jom).<\/li>\n<\/ul>\n<\/li>\n<\/ul>\n<\/li>\n<\/ol>\n<h2>Didaktick\u00fd trojuholn\u00edk<\/h2>\n<p>Ak hovor\u00edme o \u0161kolskom eduka\u010dnom prostred\u00ed m\u00e1me na mysli prostredie, v ktorom prebiehaj\u00fa \u0161kolsk\u00e9 eduka\u010dn\u00e9 procesy, a to predov\u0161etk\u00fdm vo forme v\u00fdu\u010dby (vyu\u010dovacieho procesu). Ide o proces interakcie medzi \u017eiakom a u\u010dite\u013eom i \u017eiakmi navz\u00e1jom, ktor\u00fd smeruje k utv\u00e1raniu vedomost\u00ed, rozvoju schopnost\u00ed a postojov \u017eiakov a ktor\u00fd sa realizuje v ur\u010ditom \u010dasopriestore (prostred\u00ed). Najbe\u017enej\u0161\u00edm modelom eduka\u010dn\u00e9ho procesu bol doposia\u013e v <a href=\"https:\/\/www.euroekonom.sk\/didaktika\/\">te\u00f3ri\u00e1ch didaktiky<\/a> model, ktor\u00fd vymedzuje eduka\u010dn\u00e9 prostredie ako vz\u0165ah medzi troma z\u00e1kladn\u00fdmi komponentami: 1 \u017eiak, 2. u\u010dite\u013e a 3. u\u010divo. Tento model bol schematicky zn\u00e1zor\u0148ovan\u00fd ako trojuholn\u00edk a dostal pomenovanie didaktick\u00fd trojuholn\u00edk.<br \/>\nTento model je ve\u013emi zjednodu\u0161en\u00fd a zab\u00fada na mno\u017estvo \u010fal\u0161\u00edch d\u00f4le\u017eit\u00fdch komponentov. Ako v\u00fdsti\u017enej\u0161\u00ed sa preto jav\u00ed model eduka\u010dn\u00e9ho procesu pod\u013ea Ch. Kyriacou, ktor\u00fd v \u0148om zv\u00fdraz\u0148uje tri z\u00e1kladn\u00e9 premenn\u00e9:<\/p>\n<ul>\n<li>Premenn\u00e9 kontextu<\/li>\n<li>Premenn\u00e9 procesu charakteristiky u\u010dite\u013eov, percepcie, strat\u00e9gie percepcie, strat\u00e9gie \u017eiakov, kurikula, a spr\u00e1vanie u\u010dite\u013ea a spr\u00e1vanie \u017eiaka tried, \u0161k\u00f4l, komunity a konkr\u00e9tneho \u010dasu charakteristiky u\u010debn\u00fdch \u00faloh a aktiv\u00edt<\/li>\n<li>Premenn\u00e9 produktu kr\u00e1tkodob\u00e9\/dlhodob\u00e9 kognit\u00edvne\/afekt\u00edvne v\u00fdstupy eduka\u010dn\u00e9ho procesu<\/li>\n<\/ul>\n<p>Ani tento model sa v\u0161ak nejav\u00ed ako \u00faplne komplexn\u00fd, preto\u017ee zab\u00fada na \u0161ir\u0161ie soci\u00e1lne, politick\u00e9, ekonomick\u00e9, geografick\u00e9 prostredie, teda na ur\u010dit\u00fd \u010dasopriestor, v ktorom sa eduka\u010dn\u00e9 proces realizuje.<\/p>\n<h2>Geografick\u00e9 a demografick\u00e9 prostredie<\/h2>\n<p>Geografick\u00e9 a demografick\u00e9 prostredie predstavuje s\u00fahrn fyzick\u00fdch podmienok v ur\u010ditej lokalite, ktor\u00e9 v r\u00f4znej miere ovplyv\u0148uj\u00fa eduka\u010dn\u00fd proces v nej prebiehaj\u00face. Ide konkr\u00e9tne o tieto faktory: poloha a rozloha \u0161t\u00e1tu, po\u010det obyvate\u013eov a hustota os\u00eddlenia, podnebie a pod. Menej pop\u00edsan\u00fd je vplyv geografick\u00fdch podmienok, av\u0161ak napr. hustota os\u00eddlenia m\u00f4\u017ee ovplyvni\u0165 typ vzdel\u00e1vania \u2013 ak je hustota n\u00edzka, predpoklad\u00e1 sa di\u0161tan\u010dn\u00fd typ vzdel\u00e1vania v danej krajine.<\/p>\n<h2>Soci\u00e1lne prostredie<\/h2>\n<p>Soci\u00e1lne prostredie (alebo soci\u00e1lnodemografick\u00e9 prostredie) tvoria tieto indik\u00e1tory: &#8211; prirodzen\u00fd pr\u00edrastok obyvate\u013estva; \u0161trukt\u00fara pracovn\u00fdch s\u00edl; zamestnanos\u0165 \u017eien \u2013 matiek; po\u010det rozveden\u00fdch man\u017eelstiev s de\u0165mi; urbaniz\u00e1cia obyvate\u013estva; \u017eivotn\u00fd \u0161t\u00fdl obyvate\u013eov. Napr. zamestnanos\u0165 \u017eien \u2013 matiek v\u00fdrazne ovplyv\u0148uje po\u010det det\u00ed, ktor\u00e9 prich\u00e1dzaj\u00fa do pred\u0161kolsk\u00fdch zariaden\u00ed, ako aj charakter prim\u00e1rneho i \u010fal\u0161\u00edch stup\u0148ov vzdel\u00e1vania.<\/p>\n","protected":false},"excerpt":{"rendered":"<p>Model \u0161kolsk\u00e9ho eduka\u010dn\u00e9ho (vzdel\u00e1vacieho) prostredia (jeho demografick\u00e1, geografick\u00e1, ekonomick\u00e1, soci\u00e1lna, gnozeologick\u00e1, psychologick\u00e1 determin\u00e1cia) a z\u00e1kladn\u00e9 jeho determinanty (\u017eiak, u\u010dite\u013e a eduka\u010dn\u00e9 kon\u0161trukty). Eduka\u010dn\u00e9 prostredie je &hellip; <\/p>\n","protected":false},"author":15,"featured_media":25042,"comment_status":"open","ping_status":"closed","sticky":false,"template":"","format":"standard","meta":{"footnotes":""},"categories":[77,549],"tags":[],"class_list":["post-10396","post","type-post","status-publish","format-standard","has-post-thumbnail","hentry","category-ludia","category-pracujem"],"yoast_head":"<!-- This site is optimized with the Yoast SEO plugin v27.5 - https:\/\/yoast.com\/product\/yoast-seo-wordpress\/ -->\n<title>Eduka\u010dn\u00e9 prostredie<\/title>\n<meta name=\"description\" content=\"Didaktick\u00fd trojuholn\u00edk. Eduka\u010dn\u00fd proces. Eduka\u010dn\u00e9 prostredie: \u0161kolsk\u00e9 eduka\u010dn\u00e9 prostredie, geografick\u00e9, demografick\u00e9 a soci\u00e1lne prostredie.\" \/>\n<meta name=\"robots\" content=\"index, follow, max-snippet:-1, max-image-preview:large, max-video-preview:-1\" \/>\n<link rel=\"canonical\" href=\"https:\/\/www.vrtulniky.sk\/news\/edukacne-prostredie\/\" \/>\n<meta property=\"og:locale\" content=\"sk_SK\" \/>\n<meta property=\"og:type\" content=\"article\" \/>\n<meta property=\"og:title\" content=\"Eduka\u010dn\u00e9 prostredie\" \/>\n<meta property=\"og:description\" content=\"Didaktick\u00fd trojuholn\u00edk. Eduka\u010dn\u00fd proces. Eduka\u010dn\u00e9 prostredie: \u0161kolsk\u00e9 eduka\u010dn\u00e9 prostredie, geografick\u00e9, demografick\u00e9 a soci\u00e1lne prostredie.\" \/>\n<meta property=\"og:url\" content=\"https:\/\/www.vrtulniky.sk\/news\/edukacne-prostredie\/\" \/>\n<meta property=\"og:site_name\" content=\"Podnik\u00e1m, lietam a relaxujem\" \/>\n<meta property=\"article:publisher\" content=\"https:\/\/www.facebook.com\/vrtulniky\/\" \/>\n<meta property=\"article:published_time\" content=\"2023-02-25T13:29:48+00:00\" \/>\n<meta property=\"article:modified_time\" content=\"2024-05-13T12:57:42+00:00\" \/>\n<meta property=\"og:image\" content=\"https:\/\/www.vrtulniky.sk\/news\/wp-content\/uploads\/2022\/08\/om-oro13.jpg\" \/>\n\t<meta property=\"og:image:width\" content=\"900\" \/>\n\t<meta property=\"og:image:height\" content=\"675\" \/>\n\t<meta property=\"og:image:type\" content=\"image\/jpeg\" \/>\n<meta name=\"author\" content=\"Bc. Januska\" \/>\n<meta name=\"twitter:card\" content=\"summary_large_image\" \/>\n<meta name=\"twitter:label1\" content=\"Autor\" \/>\n\t<meta name=\"twitter:data1\" content=\"Bc. Januska\" \/>\n\t<meta name=\"twitter:label2\" content=\"Predpokladan\u00fd \u010das \u010d\u00edtania\" \/>\n\t<meta name=\"twitter:data2\" content=\"3 min\u00faty\" \/>\n<script type=\"application\/ld+json\" class=\"yoast-schema-graph\">{\"@context\":\"https:\\\/\\\/schema.org\",\"@graph\":[{\"@type\":\"Article\",\"@id\":\"https:\\\/\\\/www.vrtulniky.sk\\\/news\\\/edukacne-prostredie\\\/#article\",\"isPartOf\":{\"@id\":\"https:\\\/\\\/www.vrtulniky.sk\\\/news\\\/edukacne-prostredie\\\/\"},\"author\":{\"name\":\"Bc. Januska\",\"@id\":\"https:\\\/\\\/www.vrtulniky.sk\\\/news\\\/#\\\/schema\\\/person\\\/7ff007765bc70c0a20e1487aebea02d9\"},\"headline\":\"Eduka\u010dn\u00e9 prostredie\",\"datePublished\":\"2023-02-25T13:29:48+00:00\",\"dateModified\":\"2024-05-13T12:57:42+00:00\",\"mainEntityOfPage\":{\"@id\":\"https:\\\/\\\/www.vrtulniky.sk\\\/news\\\/edukacne-prostredie\\\/\"},\"wordCount\":671,\"commentCount\":0,\"publisher\":{\"@id\":\"https:\\\/\\\/www.vrtulniky.sk\\\/news\\\/#organization\"},\"image\":{\"@id\":\"https:\\\/\\\/www.vrtulniky.sk\\\/news\\\/edukacne-prostredie\\\/#primaryimage\"},\"thumbnailUrl\":\"https:\\\/\\\/www.vrtulniky.sk\\\/news\\\/wp-content\\\/uploads\\\/2022\\\/08\\\/om-oro13.jpg\",\"articleSection\":[\"\u013dudia\",\"Pracujem\"],\"inLanguage\":\"sk-SK\",\"potentialAction\":[{\"@type\":\"CommentAction\",\"name\":\"Comment\",\"target\":[\"https:\\\/\\\/www.vrtulniky.sk\\\/news\\\/edukacne-prostredie\\\/#respond\"]}]},{\"@type\":\"WebPage\",\"@id\":\"https:\\\/\\\/www.vrtulniky.sk\\\/news\\\/edukacne-prostredie\\\/\",\"url\":\"https:\\\/\\\/www.vrtulniky.sk\\\/news\\\/edukacne-prostredie\\\/\",\"name\":\"Eduka\u010dn\u00e9 prostredie\",\"isPartOf\":{\"@id\":\"https:\\\/\\\/www.vrtulniky.sk\\\/news\\\/#website\"},\"primaryImageOfPage\":{\"@id\":\"https:\\\/\\\/www.vrtulniky.sk\\\/news\\\/edukacne-prostredie\\\/#primaryimage\"},\"image\":{\"@id\":\"https:\\\/\\\/www.vrtulniky.sk\\\/news\\\/edukacne-prostredie\\\/#primaryimage\"},\"thumbnailUrl\":\"https:\\\/\\\/www.vrtulniky.sk\\\/news\\\/wp-content\\\/uploads\\\/2022\\\/08\\\/om-oro13.jpg\",\"datePublished\":\"2023-02-25T13:29:48+00:00\",\"dateModified\":\"2024-05-13T12:57:42+00:00\",\"description\":\"Didaktick\u00fd trojuholn\u00edk. Eduka\u010dn\u00fd proces. Eduka\u010dn\u00e9 prostredie: \u0161kolsk\u00e9 eduka\u010dn\u00e9 prostredie, geografick\u00e9, demografick\u00e9 a soci\u00e1lne prostredie.\",\"breadcrumb\":{\"@id\":\"https:\\\/\\\/www.vrtulniky.sk\\\/news\\\/edukacne-prostredie\\\/#breadcrumb\"},\"inLanguage\":\"sk-SK\",\"potentialAction\":[{\"@type\":\"ReadAction\",\"target\":[\"https:\\\/\\\/www.vrtulniky.sk\\\/news\\\/edukacne-prostredie\\\/\"]}]},{\"@type\":\"ImageObject\",\"inLanguage\":\"sk-SK\",\"@id\":\"https:\\\/\\\/www.vrtulniky.sk\\\/news\\\/edukacne-prostredie\\\/#primaryimage\",\"url\":\"https:\\\/\\\/www.vrtulniky.sk\\\/news\\\/wp-content\\\/uploads\\\/2022\\\/08\\\/om-oro13.jpg\",\"contentUrl\":\"https:\\\/\\\/www.vrtulniky.sk\\\/news\\\/wp-content\\\/uploads\\\/2022\\\/08\\\/om-oro13.jpg\",\"width\":900,\"height\":675,\"caption\":\"OLYMPUS DIGITAL CAMERA\"},{\"@type\":\"BreadcrumbList\",\"@id\":\"https:\\\/\\\/www.vrtulniky.sk\\\/news\\\/edukacne-prostredie\\\/#breadcrumb\",\"itemListElement\":[{\"@type\":\"ListItem\",\"position\":1,\"name\":\"Home\",\"item\":\"https:\\\/\\\/www.vrtulniky.sk\\\/news\\\/\"},{\"@type\":\"ListItem\",\"position\":2,\"name\":\"Eduka\u010dn\u00e9 prostredie\"}]},{\"@type\":\"WebSite\",\"@id\":\"https:\\\/\\\/www.vrtulniky.sk\\\/news\\\/#website\",\"url\":\"https:\\\/\\\/www.vrtulniky.sk\\\/news\\\/\",\"name\":\"Podnik\u00e1m, lietam a relaxujem\",\"description\":\"Vrtu\u013en\u00edky.sk\",\"publisher\":{\"@id\":\"https:\\\/\\\/www.vrtulniky.sk\\\/news\\\/#organization\"},\"potentialAction\":[{\"@type\":\"SearchAction\",\"target\":{\"@type\":\"EntryPoint\",\"urlTemplate\":\"https:\\\/\\\/www.vrtulniky.sk\\\/news\\\/?s={search_term_string}\"},\"query-input\":{\"@type\":\"PropertyValueSpecification\",\"valueRequired\":true,\"valueName\":\"search_term_string\"}}],\"inLanguage\":\"sk-SK\"},{\"@type\":\"Organization\",\"@id\":\"https:\\\/\\\/www.vrtulniky.sk\\\/news\\\/#organization\",\"name\":\"Podnik\u00e1m, lietam a relaxujem\",\"url\":\"https:\\\/\\\/www.vrtulniky.sk\\\/news\\\/\",\"logo\":{\"@type\":\"ImageObject\",\"inLanguage\":\"sk-SK\",\"@id\":\"https:\\\/\\\/www.vrtulniky.sk\\\/news\\\/#\\\/schema\\\/logo\\\/image\\\/\",\"url\":\"https:\\\/\\\/www.vrtulniky.sk\\\/news\\\/wp-content\\\/uploads\\\/2022\\\/08\\\/news-vrtulniky-sk-logo-e1660318023553.png\",\"contentUrl\":\"https:\\\/\\\/www.vrtulniky.sk\\\/news\\\/wp-content\\\/uploads\\\/2022\\\/08\\\/news-vrtulniky-sk-logo-e1660318023553.png\",\"width\":201,\"height\":200,\"caption\":\"Podnik\u00e1m, lietam a relaxujem\"},\"image\":{\"@id\":\"https:\\\/\\\/www.vrtulniky.sk\\\/news\\\/#\\\/schema\\\/logo\\\/image\\\/\"},\"sameAs\":[\"https:\\\/\\\/www.facebook.com\\\/vrtulniky\\\/\"]},{\"@type\":\"Person\",\"@id\":\"https:\\\/\\\/www.vrtulniky.sk\\\/news\\\/#\\\/schema\\\/person\\\/7ff007765bc70c0a20e1487aebea02d9\",\"name\":\"Bc. Januska\",\"url\":\"https:\\\/\\\/www.vrtulniky.sk\\\/news\\\/author\\\/jana6121\\\/\"}]}<\/script>\n<!-- \/ Yoast SEO plugin. -->","yoast_head_json":{"title":"Eduka\u010dn\u00e9 prostredie","description":"Didaktick\u00fd trojuholn\u00edk. Eduka\u010dn\u00fd proces. Eduka\u010dn\u00e9 prostredie: \u0161kolsk\u00e9 eduka\u010dn\u00e9 prostredie, geografick\u00e9, demografick\u00e9 a soci\u00e1lne prostredie.","robots":{"index":"index","follow":"follow","max-snippet":"max-snippet:-1","max-image-preview":"max-image-preview:large","max-video-preview":"max-video-preview:-1"},"canonical":"https:\/\/www.vrtulniky.sk\/news\/edukacne-prostredie\/","og_locale":"sk_SK","og_type":"article","og_title":"Eduka\u010dn\u00e9 prostredie","og_description":"Didaktick\u00fd trojuholn\u00edk. Eduka\u010dn\u00fd proces. Eduka\u010dn\u00e9 prostredie: \u0161kolsk\u00e9 eduka\u010dn\u00e9 prostredie, geografick\u00e9, demografick\u00e9 a soci\u00e1lne prostredie.","og_url":"https:\/\/www.vrtulniky.sk\/news\/edukacne-prostredie\/","og_site_name":"Podnik\u00e1m, lietam a relaxujem","article_publisher":"https:\/\/www.facebook.com\/vrtulniky\/","article_published_time":"2023-02-25T13:29:48+00:00","article_modified_time":"2024-05-13T12:57:42+00:00","og_image":[{"width":900,"height":675,"url":"https:\/\/www.vrtulniky.sk\/news\/wp-content\/uploads\/2022\/08\/om-oro13.jpg","type":"image\/jpeg"}],"author":"Bc. Januska","twitter_card":"summary_large_image","twitter_misc":{"Autor":"Bc. Januska","Predpokladan\u00fd \u010das \u010d\u00edtania":"3 min\u00faty"},"schema":{"@context":"https:\/\/schema.org","@graph":[{"@type":"Article","@id":"https:\/\/www.vrtulniky.sk\/news\/edukacne-prostredie\/#article","isPartOf":{"@id":"https:\/\/www.vrtulniky.sk\/news\/edukacne-prostredie\/"},"author":{"name":"Bc. Januska","@id":"https:\/\/www.vrtulniky.sk\/news\/#\/schema\/person\/7ff007765bc70c0a20e1487aebea02d9"},"headline":"Eduka\u010dn\u00e9 prostredie","datePublished":"2023-02-25T13:29:48+00:00","dateModified":"2024-05-13T12:57:42+00:00","mainEntityOfPage":{"@id":"https:\/\/www.vrtulniky.sk\/news\/edukacne-prostredie\/"},"wordCount":671,"commentCount":0,"publisher":{"@id":"https:\/\/www.vrtulniky.sk\/news\/#organization"},"image":{"@id":"https:\/\/www.vrtulniky.sk\/news\/edukacne-prostredie\/#primaryimage"},"thumbnailUrl":"https:\/\/www.vrtulniky.sk\/news\/wp-content\/uploads\/2022\/08\/om-oro13.jpg","articleSection":["\u013dudia","Pracujem"],"inLanguage":"sk-SK","potentialAction":[{"@type":"CommentAction","name":"Comment","target":["https:\/\/www.vrtulniky.sk\/news\/edukacne-prostredie\/#respond"]}]},{"@type":"WebPage","@id":"https:\/\/www.vrtulniky.sk\/news\/edukacne-prostredie\/","url":"https:\/\/www.vrtulniky.sk\/news\/edukacne-prostredie\/","name":"Eduka\u010dn\u00e9 prostredie","isPartOf":{"@id":"https:\/\/www.vrtulniky.sk\/news\/#website"},"primaryImageOfPage":{"@id":"https:\/\/www.vrtulniky.sk\/news\/edukacne-prostredie\/#primaryimage"},"image":{"@id":"https:\/\/www.vrtulniky.sk\/news\/edukacne-prostredie\/#primaryimage"},"thumbnailUrl":"https:\/\/www.vrtulniky.sk\/news\/wp-content\/uploads\/2022\/08\/om-oro13.jpg","datePublished":"2023-02-25T13:29:48+00:00","dateModified":"2024-05-13T12:57:42+00:00","description":"Didaktick\u00fd trojuholn\u00edk. Eduka\u010dn\u00fd proces. Eduka\u010dn\u00e9 prostredie: \u0161kolsk\u00e9 eduka\u010dn\u00e9 prostredie, geografick\u00e9, demografick\u00e9 a soci\u00e1lne prostredie.","breadcrumb":{"@id":"https:\/\/www.vrtulniky.sk\/news\/edukacne-prostredie\/#breadcrumb"},"inLanguage":"sk-SK","potentialAction":[{"@type":"ReadAction","target":["https:\/\/www.vrtulniky.sk\/news\/edukacne-prostredie\/"]}]},{"@type":"ImageObject","inLanguage":"sk-SK","@id":"https:\/\/www.vrtulniky.sk\/news\/edukacne-prostredie\/#primaryimage","url":"https:\/\/www.vrtulniky.sk\/news\/wp-content\/uploads\/2022\/08\/om-oro13.jpg","contentUrl":"https:\/\/www.vrtulniky.sk\/news\/wp-content\/uploads\/2022\/08\/om-oro13.jpg","width":900,"height":675,"caption":"OLYMPUS DIGITAL CAMERA"},{"@type":"BreadcrumbList","@id":"https:\/\/www.vrtulniky.sk\/news\/edukacne-prostredie\/#breadcrumb","itemListElement":[{"@type":"ListItem","position":1,"name":"Home","item":"https:\/\/www.vrtulniky.sk\/news\/"},{"@type":"ListItem","position":2,"name":"Eduka\u010dn\u00e9 prostredie"}]},{"@type":"WebSite","@id":"https:\/\/www.vrtulniky.sk\/news\/#website","url":"https:\/\/www.vrtulniky.sk\/news\/","name":"Podnik\u00e1m, lietam a relaxujem","description":"Vrtu\u013en\u00edky.sk","publisher":{"@id":"https:\/\/www.vrtulniky.sk\/news\/#organization"},"potentialAction":[{"@type":"SearchAction","target":{"@type":"EntryPoint","urlTemplate":"https:\/\/www.vrtulniky.sk\/news\/?s={search_term_string}"},"query-input":{"@type":"PropertyValueSpecification","valueRequired":true,"valueName":"search_term_string"}}],"inLanguage":"sk-SK"},{"@type":"Organization","@id":"https:\/\/www.vrtulniky.sk\/news\/#organization","name":"Podnik\u00e1m, lietam a relaxujem","url":"https:\/\/www.vrtulniky.sk\/news\/","logo":{"@type":"ImageObject","inLanguage":"sk-SK","@id":"https:\/\/www.vrtulniky.sk\/news\/#\/schema\/logo\/image\/","url":"https:\/\/www.vrtulniky.sk\/news\/wp-content\/uploads\/2022\/08\/news-vrtulniky-sk-logo-e1660318023553.png","contentUrl":"https:\/\/www.vrtulniky.sk\/news\/wp-content\/uploads\/2022\/08\/news-vrtulniky-sk-logo-e1660318023553.png","width":201,"height":200,"caption":"Podnik\u00e1m, lietam a relaxujem"},"image":{"@id":"https:\/\/www.vrtulniky.sk\/news\/#\/schema\/logo\/image\/"},"sameAs":["https:\/\/www.facebook.com\/vrtulniky\/"]},{"@type":"Person","@id":"https:\/\/www.vrtulniky.sk\/news\/#\/schema\/person\/7ff007765bc70c0a20e1487aebea02d9","name":"Bc. Januska","url":"https:\/\/www.vrtulniky.sk\/news\/author\/jana6121\/"}]}},"_links":{"self":[{"href":"https:\/\/www.vrtulniky.sk\/news\/wp-json\/wp\/v2\/posts\/10396","targetHints":{"allow":["GET"]}}],"collection":[{"href":"https:\/\/www.vrtulniky.sk\/news\/wp-json\/wp\/v2\/posts"}],"about":[{"href":"https:\/\/www.vrtulniky.sk\/news\/wp-json\/wp\/v2\/types\/post"}],"author":[{"embeddable":true,"href":"https:\/\/www.vrtulniky.sk\/news\/wp-json\/wp\/v2\/users\/15"}],"replies":[{"embeddable":true,"href":"https:\/\/www.vrtulniky.sk\/news\/wp-json\/wp\/v2\/comments?post=10396"}],"version-history":[{"count":0,"href":"https:\/\/www.vrtulniky.sk\/news\/wp-json\/wp\/v2\/posts\/10396\/revisions"}],"wp:featuredmedia":[{"embeddable":true,"href":"https:\/\/www.vrtulniky.sk\/news\/wp-json\/wp\/v2\/media\/25042"}],"wp:attachment":[{"href":"https:\/\/www.vrtulniky.sk\/news\/wp-json\/wp\/v2\/media?parent=10396"}],"wp:term":[{"taxonomy":"category","embeddable":true,"href":"https:\/\/www.vrtulniky.sk\/news\/wp-json\/wp\/v2\/categories?post=10396"},{"taxonomy":"post_tag","embeddable":true,"href":"https:\/\/www.vrtulniky.sk\/news\/wp-json\/wp\/v2\/tags?post=10396"}],"curies":[{"name":"wp","href":"https:\/\/api.w.org\/{rel}","templated":true}]}}