{"id":26653,"date":"2022-10-18T10:36:51","date_gmt":"2022-10-18T08:36:51","guid":{"rendered":"https:\/\/news.vrtulniky.sk\/?p=26653"},"modified":"2024-05-13T14:58:57","modified_gmt":"2024-05-13T12:58:57","slug":"ako-spojit-obyvacku-s-kancelariou","status":"publish","type":"post","link":"https:\/\/www.vrtulniky.sk\/news\/ako-spojit-obyvacku-s-kancelariou\/","title":{"rendered":"Ako spoji\u0165 ob\u00fdva\u010dku s kancel\u00e1riou?"},"content":{"rendered":"<p>Pr\u00e1ca na dia\u013eku u\u017e d\u00e1vno nie je extravagantn\u00e1 a \u013eudia, ktor\u00ed sa jej venuj\u00fa, u\u017e nie s\u00fa vn\u00edman\u00ed ako \u201e\u013eudia, ktor\u00ed sedia doma a nie\u010do robia\u201c, ale ako \u0161\u0165astlivci, ktor\u00ed m\u00f4\u017eu u\u0161etri\u0165 \u010das, energiu a peniaze na doch\u00e1dzanie. Na pr\u00e1cu na dia\u013eku v\u0161ak potrebujete vhodn\u00e9 podmienky. Ako si vytvori\u0165 dom\u00e1cu kancel\u00e1riu? Ako ju oddeli\u0165 tak, aby bola pr\u00e1ca pohodln\u00e1, ale z\u00e1rove\u0148 neru\u0161ila ostatn\u00fdch \u010dlenov dom\u00e1cnosti?<\/p>\n<h2>Kde a ako zariadi\u0165 dom\u00e1cu kancel\u00e1riu?<\/h2>\n<p>V ide\u00e1lnom pr\u00edpade by ste mali ma\u0165 v dome alebo byte samostatn\u00fa miestnos\u0165 vyhraden\u00fa pre kancel\u00e1riu. \u017dia\u013e, nie v\u017edy je to mo\u017en\u00e9, a preto mus\u00edme h\u013eada\u0165 in\u00e9 rie\u0161enia. Ak potrebujeme zariadi\u0165 pracovn\u00fd priestor v ob\u00fdva\u010dke, bude nutn\u00e9 k\u00fapi\u0165 pracovn\u00fd st\u00f4l a vhodn\u00fa stoli\u010dku. Nemus\u00ed v\u0161ak \u00eds\u0165 o typick\u00fd kancel\u00e1rsky n\u00e1bytok \u2013 oplat\u00ed sa n\u00e1js\u0165 nie\u010do pohodln\u00e9, \u010do m\u00e1 navy\u0161e aj dekorat\u00edvnu funkciu. Dom\u00e1cu kancel\u00e1riu je vhodn\u00e9 zariadi\u0165 v rohu, mimo komunika\u010dnej trasy, na mieste, kde bude ticho a s\u00fakromie. Aby sa v\u0161ak zvy\u0161ok dom\u00e1cnosti nec\u00edtil ako v \u010dak\u00e1rni pred naozajstnou kancel\u00e1riou, oplat\u00ed sa vybra\u0165 si vhodn\u00e9 dekor\u00e1cie.\u00a0<b>Pom\u00f4\u017eu v\u00e1m s t\u00fdm\u00a0kr\u00e1sne fotoobrazy na pl\u00e1tne<\/b><b>, ktor\u00e9 zauj\u00edmavo ozdobia va\u0161u dom\u00e1cu kancel\u00e1riu a z\u00e1rove\u0148 ladia so zvy\u0161kom interi\u00e9ru, tak\u017ee sa stan\u00fa neoddelite\u013enou s\u00fa\u010das\u0165ou ob\u00fdva\u010dky.<\/b><\/p>\n<p>A ktor\u00e9 fotoobrazy na pl\u00e1tne do dom\u00e1cej kancel\u00e1rie bud\u00fa najlep\u0161ie? Je \u0165a\u017ek\u00e9 by\u0165 konkr\u00e9tnej\u0161\u00ed, preto\u017ee ve\u013ea z\u00e1vis\u00ed od charakteru celej ob\u00fdva\u010dky. Oplat\u00ed sa v\u0161ak n\u00e1js\u0165 nie\u010do, \u010do kombinuje charakter pr\u00e1ce a \u0161t\u00fdl interi\u00e9ru. Pre architektov bude napr. zauj\u00edmav\u00fd fotoobraz na pl\u00e1tne, ktor\u00fd zobrazuje budovu, zatia\u013e \u010do pre u\u010dite\u013eov angli\u010dtiny zase mot\u00edv s anglickou telef\u00f3nnou b\u00fadkou alebo autobusom. Tak\u00e9to dekor\u00e1cie bud\u00fa zauj\u00edmavou v\u00fdzdobou aj pre modern\u00fa ob\u00fdva\u010dku.<\/p>\n<h2>Sklenen\u00e9 obrazy do dom\u00e1cej kancel\u00e1rie<\/h2>\n<p>Ak si chcete doma vytvori\u0165 elegantn\u00fd kancel\u00e1rsky priestor, mo\u017eno v\u00e1s oslovia \u0161t\u00fdlov\u00e9 sklenen\u00e9 obrazy. T\u00e9my s\u00fa aj tu \u013eubovo\u013en\u00e9, ale oplat\u00ed sa vybra\u0165 si nie\u010do, \u010do sp\u00e1ja profesiu, ktor\u00fa vykon\u00e1vate, aj \u0161t\u00fdl zariadenia, ktor\u00fd sa v\u00e1m p\u00e1\u010di.\u00a0<b>Sklenen\u00e9 obrazy s\u00fa ide\u00e1lne najm\u00e4 v mal\u00fdch priestoroch, preto\u017ee mierne odr\u00e1\u017eaj\u00fa svetlo a vytv\u00e1raj\u00fa optick\u00fa il\u00faziu zv\u00e4\u010d\u0161en\u00e9ho priestoru.<\/b>\u00a0Predov\u0161etk\u00fdm bud\u00fa vyzera\u0165 ve\u013emi zauj\u00edmavo.<\/p>\n<p>Pri zaria\u010fovan\u00ed dom\u00e1cej kancel\u00e1rie by ste nemali zabudn\u00fa\u0165 na rastliny! Mo\u017enos\u0165 pozrie\u0165 sa z \u010dasu na \u010das na \u201ezelen\u00fa \u0161kvrnu\u201c poskytne unaven\u00fdm o\u010diam oddych od pr\u00e1ce na po\u010d\u00edta\u010di.<\/p>\n<h2>A \u010do ak v\u00e1s u\u017e nebav\u00ed homeoffice?<\/h2>\n<p>Vyu\u017eite mo\u017enos\u0165 pracova\u0165 z <a href=\"https:\/\/qubes.hbreavis.com\/\">kancel\u00e1rie na pren\u00e1jom<\/a>. HB Reavis Qubes pon\u00faka servisovan\u00e9 a prisp\u00f4sobite\u013en\u00e9 modern\u00e9 kancel\u00e1rie na pren\u00e1jom. Qubes poskytuje plne vybaven\u00e9 modern\u00e9 kancel\u00e1rske priestory na pren\u00e1jom a reaguje na v\u0161etky zmeny vo va\u0161om biznise.<\/p>\n","protected":false},"excerpt":{"rendered":"<p>Pr\u00e1ca na dia\u013eku u\u017e d\u00e1vno nie je extravagantn\u00e1 a \u013eudia, ktor\u00ed sa jej venuj\u00fa, u\u017e nie s\u00fa vn\u00edman\u00ed ako \u201e\u013eudia, ktor\u00ed sedia doma a nie\u010do &hellip; <\/p>\n","protected":false},"author":1,"featured_media":26654,"comment_status":"open","ping_status":"closed","sticky":false,"template":"","format":"standard","meta":{"footnotes":""},"categories":[551,52],"tags":[574,358],"class_list":["post-26653","post","type-post","status-publish","format-standard","has-post-thumbnail","hentry","category-podnikam","category-podnikanie","tag-byvanie","tag-kancelaria"],"yoast_head":"<!-- This site is optimized with the Yoast SEO plugin v27.5 - https:\/\/yoast.com\/product\/yoast-seo-wordpress\/ -->\n<title>Ako spoji\u0165 ob\u00fdva\u010dku s kancel\u00e1riou?<\/title>\n<meta name=\"description\" content=\"Pr\u00e1ca na dia\u013eku u\u017e d\u00e1vno nie je extravagantn\u00e1. Na pr\u00e1cu na dia\u013eku v\u0161ak potrebujete vhodn\u00e9 podmienky. Ako si vytvori\u0165 dom\u00e1cu kancel\u00e1riu?\" \/>\n<meta name=\"robots\" content=\"index, follow, max-snippet:-1, max-image-preview:large, max-video-preview:-1\" \/>\n<link rel=\"canonical\" href=\"https:\/\/www.vrtulniky.sk\/news\/ako-spojit-obyvacku-s-kancelariou\/\" \/>\n<meta property=\"og:locale\" content=\"sk_SK\" \/>\n<meta property=\"og:type\" content=\"article\" \/>\n<meta property=\"og:title\" content=\"Ako spoji\u0165 ob\u00fdva\u010dku s kancel\u00e1riou?\" \/>\n<meta property=\"og:description\" content=\"Pr\u00e1ca na dia\u013eku u\u017e d\u00e1vno nie je extravagantn\u00e1. Na pr\u00e1cu na dia\u013eku v\u0161ak potrebujete vhodn\u00e9 podmienky. Ako si vytvori\u0165 dom\u00e1cu kancel\u00e1riu?\" \/>\n<meta property=\"og:url\" content=\"https:\/\/www.vrtulniky.sk\/news\/ako-spojit-obyvacku-s-kancelariou\/\" \/>\n<meta property=\"og:site_name\" content=\"Podnik\u00e1m, lietam a relaxujem\" \/>\n<meta property=\"article:publisher\" content=\"https:\/\/www.facebook.com\/vrtulniky\/\" \/>\n<meta property=\"article:published_time\" content=\"2022-10-18T08:36:51+00:00\" \/>\n<meta property=\"article:modified_time\" content=\"2024-05-13T12:58:57+00:00\" \/>\n<meta property=\"og:image\" content=\"https:\/\/www.vrtulniky.sk\/news\/wp-content\/uploads\/2022\/10\/jak-urzadzic-salon-w-stylu-prowansalskim_517_l.jpg\" \/>\n\t<meta property=\"og:image:width\" content=\"1000\" \/>\n\t<meta property=\"og:image:height\" content=\"726\" \/>\n\t<meta property=\"og:image:type\" content=\"image\/jpeg\" \/>\n<meta name=\"author\" content=\"Vrtulniky.sk\" \/>\n<meta name=\"twitter:card\" content=\"summary_large_image\" \/>\n<meta name=\"twitter:label1\" content=\"Autor\" \/>\n\t<meta name=\"twitter:data1\" content=\"Vrtulniky.sk\" \/>\n\t<meta name=\"twitter:label2\" content=\"Predpokladan\u00fd \u010das \u010d\u00edtania\" \/>\n\t<meta name=\"twitter:data2\" content=\"3 min\u00faty\" \/>\n<script type=\"application\/ld+json\" class=\"yoast-schema-graph\">{\"@context\":\"https:\\\/\\\/schema.org\",\"@graph\":[{\"@type\":\"Article\",\"@id\":\"https:\\\/\\\/www.vrtulniky.sk\\\/news\\\/ako-spojit-obyvacku-s-kancelariou\\\/#article\",\"isPartOf\":{\"@id\":\"https:\\\/\\\/www.vrtulniky.sk\\\/news\\\/ako-spojit-obyvacku-s-kancelariou\\\/\"},\"author\":{\"name\":\"Vrtulniky.sk\",\"@id\":\"https:\\\/\\\/www.vrtulniky.sk\\\/news\\\/#\\\/schema\\\/person\\\/69754abf4658864cf5fb3b5e5600bf0c\"},\"headline\":\"Ako spoji\u0165 ob\u00fdva\u010dku s kancel\u00e1riou?\",\"datePublished\":\"2022-10-18T08:36:51+00:00\",\"dateModified\":\"2024-05-13T12:58:57+00:00\",\"mainEntityOfPage\":{\"@id\":\"https:\\\/\\\/www.vrtulniky.sk\\\/news\\\/ako-spojit-obyvacku-s-kancelariou\\\/\"},\"wordCount\":551,\"commentCount\":0,\"publisher\":{\"@id\":\"https:\\\/\\\/www.vrtulniky.sk\\\/news\\\/#organization\"},\"image\":{\"@id\":\"https:\\\/\\\/www.vrtulniky.sk\\\/news\\\/ako-spojit-obyvacku-s-kancelariou\\\/#primaryimage\"},\"thumbnailUrl\":\"https:\\\/\\\/www.vrtulniky.sk\\\/news\\\/wp-content\\\/uploads\\\/2022\\\/10\\\/jak-urzadzic-salon-w-stylu-prowansalskim_517_l.jpg\",\"keywords\":[\"b\u00fdvanie\",\"kancel\u00e1ria\"],\"articleSection\":[\"Podnik\u00e1m\",\"Podnikanie\"],\"inLanguage\":\"sk-SK\",\"potentialAction\":[{\"@type\":\"CommentAction\",\"name\":\"Comment\",\"target\":[\"https:\\\/\\\/www.vrtulniky.sk\\\/news\\\/ako-spojit-obyvacku-s-kancelariou\\\/#respond\"]}]},{\"@type\":\"WebPage\",\"@id\":\"https:\\\/\\\/www.vrtulniky.sk\\\/news\\\/ako-spojit-obyvacku-s-kancelariou\\\/\",\"url\":\"https:\\\/\\\/www.vrtulniky.sk\\\/news\\\/ako-spojit-obyvacku-s-kancelariou\\\/\",\"name\":\"Ako spoji\u0165 ob\u00fdva\u010dku s kancel\u00e1riou?\",\"isPartOf\":{\"@id\":\"https:\\\/\\\/www.vrtulniky.sk\\\/news\\\/#website\"},\"primaryImageOfPage\":{\"@id\":\"https:\\\/\\\/www.vrtulniky.sk\\\/news\\\/ako-spojit-obyvacku-s-kancelariou\\\/#primaryimage\"},\"image\":{\"@id\":\"https:\\\/\\\/www.vrtulniky.sk\\\/news\\\/ako-spojit-obyvacku-s-kancelariou\\\/#primaryimage\"},\"thumbnailUrl\":\"https:\\\/\\\/www.vrtulniky.sk\\\/news\\\/wp-content\\\/uploads\\\/2022\\\/10\\\/jak-urzadzic-salon-w-stylu-prowansalskim_517_l.jpg\",\"datePublished\":\"2022-10-18T08:36:51+00:00\",\"dateModified\":\"2024-05-13T12:58:57+00:00\",\"description\":\"Pr\u00e1ca na dia\u013eku u\u017e d\u00e1vno nie je extravagantn\u00e1. Na pr\u00e1cu na dia\u013eku v\u0161ak potrebujete vhodn\u00e9 podmienky. Ako si vytvori\u0165 dom\u00e1cu kancel\u00e1riu?\",\"breadcrumb\":{\"@id\":\"https:\\\/\\\/www.vrtulniky.sk\\\/news\\\/ako-spojit-obyvacku-s-kancelariou\\\/#breadcrumb\"},\"inLanguage\":\"sk-SK\",\"potentialAction\":[{\"@type\":\"ReadAction\",\"target\":[\"https:\\\/\\\/www.vrtulniky.sk\\\/news\\\/ako-spojit-obyvacku-s-kancelariou\\\/\"]}]},{\"@type\":\"ImageObject\",\"inLanguage\":\"sk-SK\",\"@id\":\"https:\\\/\\\/www.vrtulniky.sk\\\/news\\\/ako-spojit-obyvacku-s-kancelariou\\\/#primaryimage\",\"url\":\"https:\\\/\\\/www.vrtulniky.sk\\\/news\\\/wp-content\\\/uploads\\\/2022\\\/10\\\/jak-urzadzic-salon-w-stylu-prowansalskim_517_l.jpg\",\"contentUrl\":\"https:\\\/\\\/www.vrtulniky.sk\\\/news\\\/wp-content\\\/uploads\\\/2022\\\/10\\\/jak-urzadzic-salon-w-stylu-prowansalskim_517_l.jpg\",\"width\":1000,\"height\":726,\"caption\":\"Ako spoji\u0165 ob\u00fdva\u010dku s kancel\u00e1riou?\"},{\"@type\":\"BreadcrumbList\",\"@id\":\"https:\\\/\\\/www.vrtulniky.sk\\\/news\\\/ako-spojit-obyvacku-s-kancelariou\\\/#breadcrumb\",\"itemListElement\":[{\"@type\":\"ListItem\",\"position\":1,\"name\":\"Home\",\"item\":\"https:\\\/\\\/www.vrtulniky.sk\\\/news\\\/\"},{\"@type\":\"ListItem\",\"position\":2,\"name\":\"Ako spoji\u0165 ob\u00fdva\u010dku s kancel\u00e1riou?\"}]},{\"@type\":\"WebSite\",\"@id\":\"https:\\\/\\\/www.vrtulniky.sk\\\/news\\\/#website\",\"url\":\"https:\\\/\\\/www.vrtulniky.sk\\\/news\\\/\",\"name\":\"Podnik\u00e1m, lietam a relaxujem\",\"description\":\"Vrtu\u013en\u00edky.sk\",\"publisher\":{\"@id\":\"https:\\\/\\\/www.vrtulniky.sk\\\/news\\\/#organization\"},\"potentialAction\":[{\"@type\":\"SearchAction\",\"target\":{\"@type\":\"EntryPoint\",\"urlTemplate\":\"https:\\\/\\\/www.vrtulniky.sk\\\/news\\\/?s={search_term_string}\"},\"query-input\":{\"@type\":\"PropertyValueSpecification\",\"valueRequired\":true,\"valueName\":\"search_term_string\"}}],\"inLanguage\":\"sk-SK\"},{\"@type\":\"Organization\",\"@id\":\"https:\\\/\\\/www.vrtulniky.sk\\\/news\\\/#organization\",\"name\":\"Podnik\u00e1m, lietam a relaxujem\",\"url\":\"https:\\\/\\\/www.vrtulniky.sk\\\/news\\\/\",\"logo\":{\"@type\":\"ImageObject\",\"inLanguage\":\"sk-SK\",\"@id\":\"https:\\\/\\\/www.vrtulniky.sk\\\/news\\\/#\\\/schema\\\/logo\\\/image\\\/\",\"url\":\"https:\\\/\\\/www.vrtulniky.sk\\\/news\\\/wp-content\\\/uploads\\\/2022\\\/08\\\/news-vrtulniky-sk-logo-e1660318023553.png\",\"contentUrl\":\"https:\\\/\\\/www.vrtulniky.sk\\\/news\\\/wp-content\\\/uploads\\\/2022\\\/08\\\/news-vrtulniky-sk-logo-e1660318023553.png\",\"width\":201,\"height\":200,\"caption\":\"Podnik\u00e1m, lietam a relaxujem\"},\"image\":{\"@id\":\"https:\\\/\\\/www.vrtulniky.sk\\\/news\\\/#\\\/schema\\\/logo\\\/image\\\/\"},\"sameAs\":[\"https:\\\/\\\/www.facebook.com\\\/vrtulniky\\\/\"]},{\"@type\":\"Person\",\"@id\":\"https:\\\/\\\/www.vrtulniky.sk\\\/news\\\/#\\\/schema\\\/person\\\/69754abf4658864cf5fb3b5e5600bf0c\",\"name\":\"Vrtulniky.sk\",\"sameAs\":[\"https:\\\/\\\/news.vrtulniky.sk\"],\"url\":\"https:\\\/\\\/www.vrtulniky.sk\\\/news\\\/author\\\/admineuroekonom-sk\\\/\"}]}<\/script>\n<!-- \/ Yoast SEO plugin. -->","yoast_head_json":{"title":"Ako spoji\u0165 ob\u00fdva\u010dku s kancel\u00e1riou?","description":"Pr\u00e1ca na dia\u013eku u\u017e d\u00e1vno nie je extravagantn\u00e1. Na pr\u00e1cu na dia\u013eku v\u0161ak potrebujete vhodn\u00e9 podmienky. Ako si vytvori\u0165 dom\u00e1cu kancel\u00e1riu?","robots":{"index":"index","follow":"follow","max-snippet":"max-snippet:-1","max-image-preview":"max-image-preview:large","max-video-preview":"max-video-preview:-1"},"canonical":"https:\/\/www.vrtulniky.sk\/news\/ako-spojit-obyvacku-s-kancelariou\/","og_locale":"sk_SK","og_type":"article","og_title":"Ako spoji\u0165 ob\u00fdva\u010dku s kancel\u00e1riou?","og_description":"Pr\u00e1ca na dia\u013eku u\u017e d\u00e1vno nie je extravagantn\u00e1. Na pr\u00e1cu na dia\u013eku v\u0161ak potrebujete vhodn\u00e9 podmienky. Ako si vytvori\u0165 dom\u00e1cu kancel\u00e1riu?","og_url":"https:\/\/www.vrtulniky.sk\/news\/ako-spojit-obyvacku-s-kancelariou\/","og_site_name":"Podnik\u00e1m, lietam a relaxujem","article_publisher":"https:\/\/www.facebook.com\/vrtulniky\/","article_published_time":"2022-10-18T08:36:51+00:00","article_modified_time":"2024-05-13T12:58:57+00:00","og_image":[{"width":1000,"height":726,"url":"https:\/\/www.vrtulniky.sk\/news\/wp-content\/uploads\/2022\/10\/jak-urzadzic-salon-w-stylu-prowansalskim_517_l.jpg","type":"image\/jpeg"}],"author":"Vrtulniky.sk","twitter_card":"summary_large_image","twitter_misc":{"Autor":"Vrtulniky.sk","Predpokladan\u00fd \u010das \u010d\u00edtania":"3 min\u00faty"},"schema":{"@context":"https:\/\/schema.org","@graph":[{"@type":"Article","@id":"https:\/\/www.vrtulniky.sk\/news\/ako-spojit-obyvacku-s-kancelariou\/#article","isPartOf":{"@id":"https:\/\/www.vrtulniky.sk\/news\/ako-spojit-obyvacku-s-kancelariou\/"},"author":{"name":"Vrtulniky.sk","@id":"https:\/\/www.vrtulniky.sk\/news\/#\/schema\/person\/69754abf4658864cf5fb3b5e5600bf0c"},"headline":"Ako spoji\u0165 ob\u00fdva\u010dku s kancel\u00e1riou?","datePublished":"2022-10-18T08:36:51+00:00","dateModified":"2024-05-13T12:58:57+00:00","mainEntityOfPage":{"@id":"https:\/\/www.vrtulniky.sk\/news\/ako-spojit-obyvacku-s-kancelariou\/"},"wordCount":551,"commentCount":0,"publisher":{"@id":"https:\/\/www.vrtulniky.sk\/news\/#organization"},"image":{"@id":"https:\/\/www.vrtulniky.sk\/news\/ako-spojit-obyvacku-s-kancelariou\/#primaryimage"},"thumbnailUrl":"https:\/\/www.vrtulniky.sk\/news\/wp-content\/uploads\/2022\/10\/jak-urzadzic-salon-w-stylu-prowansalskim_517_l.jpg","keywords":["b\u00fdvanie","kancel\u00e1ria"],"articleSection":["Podnik\u00e1m","Podnikanie"],"inLanguage":"sk-SK","potentialAction":[{"@type":"CommentAction","name":"Comment","target":["https:\/\/www.vrtulniky.sk\/news\/ako-spojit-obyvacku-s-kancelariou\/#respond"]}]},{"@type":"WebPage","@id":"https:\/\/www.vrtulniky.sk\/news\/ako-spojit-obyvacku-s-kancelariou\/","url":"https:\/\/www.vrtulniky.sk\/news\/ako-spojit-obyvacku-s-kancelariou\/","name":"Ako spoji\u0165 ob\u00fdva\u010dku s kancel\u00e1riou?","isPartOf":{"@id":"https:\/\/www.vrtulniky.sk\/news\/#website"},"primaryImageOfPage":{"@id":"https:\/\/www.vrtulniky.sk\/news\/ako-spojit-obyvacku-s-kancelariou\/#primaryimage"},"image":{"@id":"https:\/\/www.vrtulniky.sk\/news\/ako-spojit-obyvacku-s-kancelariou\/#primaryimage"},"thumbnailUrl":"https:\/\/www.vrtulniky.sk\/news\/wp-content\/uploads\/2022\/10\/jak-urzadzic-salon-w-stylu-prowansalskim_517_l.jpg","datePublished":"2022-10-18T08:36:51+00:00","dateModified":"2024-05-13T12:58:57+00:00","description":"Pr\u00e1ca na dia\u013eku u\u017e d\u00e1vno nie je extravagantn\u00e1. Na pr\u00e1cu na dia\u013eku v\u0161ak potrebujete vhodn\u00e9 podmienky. Ako si vytvori\u0165 dom\u00e1cu kancel\u00e1riu?","breadcrumb":{"@id":"https:\/\/www.vrtulniky.sk\/news\/ako-spojit-obyvacku-s-kancelariou\/#breadcrumb"},"inLanguage":"sk-SK","potentialAction":[{"@type":"ReadAction","target":["https:\/\/www.vrtulniky.sk\/news\/ako-spojit-obyvacku-s-kancelariou\/"]}]},{"@type":"ImageObject","inLanguage":"sk-SK","@id":"https:\/\/www.vrtulniky.sk\/news\/ako-spojit-obyvacku-s-kancelariou\/#primaryimage","url":"https:\/\/www.vrtulniky.sk\/news\/wp-content\/uploads\/2022\/10\/jak-urzadzic-salon-w-stylu-prowansalskim_517_l.jpg","contentUrl":"https:\/\/www.vrtulniky.sk\/news\/wp-content\/uploads\/2022\/10\/jak-urzadzic-salon-w-stylu-prowansalskim_517_l.jpg","width":1000,"height":726,"caption":"Ako spoji\u0165 ob\u00fdva\u010dku s kancel\u00e1riou?"},{"@type":"BreadcrumbList","@id":"https:\/\/www.vrtulniky.sk\/news\/ako-spojit-obyvacku-s-kancelariou\/#breadcrumb","itemListElement":[{"@type":"ListItem","position":1,"name":"Home","item":"https:\/\/www.vrtulniky.sk\/news\/"},{"@type":"ListItem","position":2,"name":"Ako spoji\u0165 ob\u00fdva\u010dku s kancel\u00e1riou?"}]},{"@type":"WebSite","@id":"https:\/\/www.vrtulniky.sk\/news\/#website","url":"https:\/\/www.vrtulniky.sk\/news\/","name":"Podnik\u00e1m, lietam a relaxujem","description":"Vrtu\u013en\u00edky.sk","publisher":{"@id":"https:\/\/www.vrtulniky.sk\/news\/#organization"},"potentialAction":[{"@type":"SearchAction","target":{"@type":"EntryPoint","urlTemplate":"https:\/\/www.vrtulniky.sk\/news\/?s={search_term_string}"},"query-input":{"@type":"PropertyValueSpecification","valueRequired":true,"valueName":"search_term_string"}}],"inLanguage":"sk-SK"},{"@type":"Organization","@id":"https:\/\/www.vrtulniky.sk\/news\/#organization","name":"Podnik\u00e1m, lietam a relaxujem","url":"https:\/\/www.vrtulniky.sk\/news\/","logo":{"@type":"ImageObject","inLanguage":"sk-SK","@id":"https:\/\/www.vrtulniky.sk\/news\/#\/schema\/logo\/image\/","url":"https:\/\/www.vrtulniky.sk\/news\/wp-content\/uploads\/2022\/08\/news-vrtulniky-sk-logo-e1660318023553.png","contentUrl":"https:\/\/www.vrtulniky.sk\/news\/wp-content\/uploads\/2022\/08\/news-vrtulniky-sk-logo-e1660318023553.png","width":201,"height":200,"caption":"Podnik\u00e1m, lietam a relaxujem"},"image":{"@id":"https:\/\/www.vrtulniky.sk\/news\/#\/schema\/logo\/image\/"},"sameAs":["https:\/\/www.facebook.com\/vrtulniky\/"]},{"@type":"Person","@id":"https:\/\/www.vrtulniky.sk\/news\/#\/schema\/person\/69754abf4658864cf5fb3b5e5600bf0c","name":"Vrtulniky.sk","sameAs":["https:\/\/news.vrtulniky.sk"],"url":"https:\/\/www.vrtulniky.sk\/news\/author\/admineuroekonom-sk\/"}]}},"_links":{"self":[{"href":"https:\/\/www.vrtulniky.sk\/news\/wp-json\/wp\/v2\/posts\/26653","targetHints":{"allow":["GET"]}}],"collection":[{"href":"https:\/\/www.vrtulniky.sk\/news\/wp-json\/wp\/v2\/posts"}],"about":[{"href":"https:\/\/www.vrtulniky.sk\/news\/wp-json\/wp\/v2\/types\/post"}],"author":[{"embeddable":true,"href":"https:\/\/www.vrtulniky.sk\/news\/wp-json\/wp\/v2\/users\/1"}],"replies":[{"embeddable":true,"href":"https:\/\/www.vrtulniky.sk\/news\/wp-json\/wp\/v2\/comments?post=26653"}],"version-history":[{"count":0,"href":"https:\/\/www.vrtulniky.sk\/news\/wp-json\/wp\/v2\/posts\/26653\/revisions"}],"wp:featuredmedia":[{"embeddable":true,"href":"https:\/\/www.vrtulniky.sk\/news\/wp-json\/wp\/v2\/media\/26654"}],"wp:attachment":[{"href":"https:\/\/www.vrtulniky.sk\/news\/wp-json\/wp\/v2\/media?parent=26653"}],"wp:term":[{"taxonomy":"category","embeddable":true,"href":"https:\/\/www.vrtulniky.sk\/news\/wp-json\/wp\/v2\/categories?post=26653"},{"taxonomy":"post_tag","embeddable":true,"href":"https:\/\/www.vrtulniky.sk\/news\/wp-json\/wp\/v2\/tags?post=26653"}],"curies":[{"name":"wp","href":"https:\/\/api.w.org\/{rel}","templated":true}]}}