{"id":26835,"date":"2022-12-12T13:46:31","date_gmt":"2022-12-12T12:46:31","guid":{"rendered":"https:\/\/news.vrtulniky.sk\/?p=26835"},"modified":"2024-05-13T14:58:10","modified_gmt":"2024-05-13T12:58:10","slug":"zima-a-nasa-zahrada","status":"publish","type":"post","link":"https:\/\/www.vrtulniky.sk\/news\/zima-a-nasa-zahrada\/","title":{"rendered":"Zima a na\u0161a z\u00e1hrada"},"content":{"rendered":"<p>Mno\u017estvo z\u00e1hradk\u00e1rov sa \u010dastokr\u00e1t ob\u00e1va pr\u00edchodu zimy. Mrazy, z\u00e1veje snehu, zazimovanie rastl\u00edn a celkov\u00e1 pr\u00edprava na tieto udalosti je \u010dasto nam\u00e1hav\u00e1 a nie ka\u017ed\u00fd ju zvl\u00e1dne. V tomto \u010dl\u00e1nku si preto povieme, \u010do n\u00e1s \u010dak\u00e1 a ako zimu zvl\u00e1dnu\u0165.<\/p>\n<p>Z\u00e1hrada je miestom, ktor\u00e9 si mno\u017estvo z n\u00e1s nevie vynachv\u00e1li\u0165. \u013dudia v nej h\u013eadaj\u00fa oddych, relax, vy\u017eitie v pr\u00edrode alebo miesto, kde sa m\u00f4\u017eu realizova\u0165 a vytvori\u0165 nie\u010do pod\u013ea svojich predst\u00e1v. Na\u0161\u0165astie n\u00e1m z\u00e1hrada pon\u00faka dostatok mo\u017enost\u00ed, ako n\u00e1s pote\u0161i\u0165 a dopria\u0165 n\u00e1m zasl\u00fa\u017een\u00fd oddych. \u017dia\u013e, tak\u00fdto luxus si nem\u00f4\u017eeme dovoli\u0165 celoro\u010dne, ke\u010f\u017ee v zime s\u00fa tieto mo\u017enosti obmedzen\u00e9. Netreba ale zab\u00fada\u0165, \u017ee na\u0161ej z\u00e1hrade treba tak\u00fato starostlivos\u0165, ktor\u00fa n\u00e1m cez rok pon\u00fakala, vr\u00e1ti\u0165. Je preto potrebn\u00e9 pripravi\u0165 sa patri\u010dne na zimu, aby sme si na\u0161u milovan\u00fa z\u00e1hradu mohli na jar op\u00e4\u0165 plnohodnotne vychutna\u0165. Nieko\u013eko tipov, ako tak\u00fato pr\u00edpravu zvl\u00e1dnu\u0165 sme si pre v\u00e1s pripravili <a href=\"https:\/\/zahrada.bydleniprokazdeho.cz\/zahrada\/zahradniceni-pred-zimou-behem-a-po-zime.php\">v tomto \u010dl\u00e1nku.<\/a><\/p>\n<p>Netreba v\u0161ak zab\u00fada\u0165 ani na na\u0161e n\u00e1radie a veci. Bez t\u00fdchto pomocn\u00edkov by sme sa len \u0165a\u017eko zaobi\u0161li, preto mus\u00edme venova\u0165 aj im primeran\u00fa pozornos\u0165. Obzvl\u00e1\u0161\u0165 n\u00e1chyln\u00e9 s\u00fa napr\u00edklad akumul\u00e1torov\u00e9 pr\u00edstroje. Ako sa pripravi\u0165 na ich zazimovanie <a href=\"https:\/\/zahrada.bydleniprokazdeho.cz\/zahradni-technika\/jak-se-v-zime-postarat-o-akumulatory-ze-zahradni-techniky.php\">sa dozviete tu.<\/a><\/p>\n<p>Po takejto pr\u00edprave, kedy definit\u00edvne uzavrieme na\u0161u z\u00e1hradk\u00e1rsku sez\u00f3nu prich\u00e1dzaj\u00fa dlh\u00e9 mesiace uzavretia v na\u0161ich obydliach. Na jednej strane sa te\u0161\u00edme z tepla a pohodlia domova, no na druhej n\u00e1m ch\u00fdba pobyt vonku a pote\u0161enie, ktor\u00e9 n\u00e1m pr\u00e1ca v na\u0161ej z\u00e1hradke prin\u00e1\u0161a. Je preto ve\u013emi pr\u00ednosn\u00e9, ke\u010f si n\u00e1jdeme nov\u00e9 aktivity, ktor\u00e9 m\u00f4\u017eeme vykon\u00e1va\u0165 z pohodlia domova. Neza\u0161kod\u00ed si pre\u010d\u00edta\u0165 nov\u00fa knihu, vysk\u00fa\u0161a\u0165 nejak\u00fa kreat\u00edvnu \u010dinnos\u0165 alebo si jednoducho zacvi\u010di\u0165, aby sme po\u010das zimy nezleniveli. Toto obdobie m\u00f4\u017ee mnoh\u00fdm pripada\u0165 depres\u00edvne a nepr\u00edjmne. Treba si ale uvedomi\u0165, \u017ee v\u0161etk\u00e9ho ve\u013ea \u0161kod\u00ed, \u010do plat\u00ed aj v tomto pr\u00edpade. Na\u0161e z\u00e1hradky by mali by\u0165 predov\u0161etk\u00fdm miestom oddychu. Nemali by sme to preto s ni\u010d\u00edm preh\u00e1\u0148a\u0165 a zima n\u00e1m poskytuje mo\u017enos\u0165, aby sme si na\u0161ich z\u00e1hrad e\u0161te o to viac v\u00e1\u017eili a te\u0161ili sa, kedy sa tam vr\u00e1time.<\/p>\n<h2>\u010c\u00edm za\u010da\u0165 po zime?<\/h2>\n<p>Je fajn za\u010da\u0165 be\u017en\u00fdmi \u00fapravami ako z\u00e1kladn\u00fdm upratovan\u00edm, ale d\u00f4le\u017eitej\u0161ie je venova\u0165 sa na\u0161ej zeleni a tr\u00e1vniku. Tr\u00e1vnik je dobr\u00e9 pokosi\u0165 na n\u00edzko, aby sa pripravil na \u010fal\u0161iu obnovu. Pri stromoch a kr\u00edkoch je proces podobn\u00fd. Treba ich riadne ostriha\u0165 na v\u00fd\u0161ku asi o 20 cm men\u0161iu, ako je po\u017eadovan\u00e9.Tak\u00e9to obnovenie im len prospeje a ani si nev\u0161imnete a dorast\u00fa sp\u00e4\u0165 do \u017eelanej podoby.<\/p>\n<p>Pre t\u00fdch z n\u00e1s, ktor\u00fd holduj\u00fa aj jazierkam, je jarn\u00e1 \u00fadr\u017eba naozaj d\u00f4le\u017eit\u00e1. Je to z\u00e1klad novej sez\u00f3ny, treba sa mu preto naozaj venova\u0165. Jazierko treba o\u010disti\u0165 od napadan\u00e9ho l\u00edstia a ne\u010dist\u00f4t. Po tomto kroku sa odpor\u00fa\u010da skontrolova\u0165 kvalitu vody a pr\u00edpadne nasadi\u0165 potrebn\u00e9 bakt\u00e9rie. Rovnako d\u00f4le\u017eit\u00e1 je aj filtr\u00e1cia a technika, ktor\u00fa je nutn\u00e9 pre bezpe\u010dnos\u0165 tie\u017e prekontrolova\u0165. Ak je v\u0161etko v poriadku, m\u00f4\u017eeme nasadi\u0165 ryby pod\u013ea \u0161pecifick\u00fdch po\u017eiadaviek jednotliv\u00fdch druhov. Niektor\u00e9 ryby m\u00f4\u017eu zimova\u0165 aj priamo v jazierku, treba v\u0161ak splni\u0165 ur\u010dit\u00e9 podmienky, najm\u00e4 dostato\u010dn\u00e9 rozmery a h\u013abku jazierka.<\/p>\n<p>Takto v skratke sme si uviedli nieko\u013eko tipov, ako sa pripravi\u0165 pred zimou rovnakou ako aj \u010d\u00edm za\u010da\u0165 po zime, a d\u00fafame, \u017ee sme v\u00e1s in\u0161pirovali, aby ste si cez zimu odd\u00fdchli a te\u0161ili sa na \u010fal\u0161iu z\u00e1hradk\u00e1rsku sez\u00f3nu.<\/p>\n","protected":false},"excerpt":{"rendered":"<p>Mno\u017estvo z\u00e1hradk\u00e1rov sa \u010dastokr\u00e1t ob\u00e1va pr\u00edchodu zimy. Mrazy, z\u00e1veje snehu, zazimovanie rastl\u00edn a celkov\u00e1 pr\u00edprava na tieto udalosti je \u010dasto nam\u00e1hav\u00e1 a nie ka\u017ed\u00fd ju &hellip; <\/p>\n","protected":false},"author":2,"featured_media":26836,"comment_status":"open","ping_status":"closed","sticky":false,"template":"","format":"standard","meta":{"footnotes":""},"categories":[549,18],"tags":[574,181,585],"class_list":["post-26835","post","type-post","status-publish","format-standard","has-post-thumbnail","hentry","category-pracujem","category-sluzby","tag-byvanie","tag-zahrada","tag-zima"],"yoast_head":"<!-- This site is optimized with the Yoast SEO plugin v27.5 - https:\/\/yoast.com\/product\/yoast-seo-wordpress\/ -->\n<title>Zima a na\u0161a z\u00e1hrada<\/title>\n<meta name=\"description\" content=\"Mno\u017estvo z\u00e1hradk\u00e1rov sa \u010dastokr\u00e1t ob\u00e1va pr\u00edchodu zimy.\" \/>\n<meta name=\"robots\" content=\"index, follow, max-snippet:-1, max-image-preview:large, max-video-preview:-1\" \/>\n<link rel=\"canonical\" href=\"https:\/\/www.vrtulniky.sk\/news\/zima-a-nasa-zahrada\/\" \/>\n<meta property=\"og:locale\" content=\"sk_SK\" \/>\n<meta property=\"og:type\" content=\"article\" \/>\n<meta property=\"og:title\" content=\"Zima a na\u0161a z\u00e1hrada\" \/>\n<meta property=\"og:description\" content=\"Mno\u017estvo z\u00e1hradk\u00e1rov sa \u010dastokr\u00e1t ob\u00e1va pr\u00edchodu zimy.\" \/>\n<meta property=\"og:url\" content=\"https:\/\/www.vrtulniky.sk\/news\/zima-a-nasa-zahrada\/\" \/>\n<meta property=\"og:site_name\" content=\"Podnik\u00e1m, lietam a relaxujem\" \/>\n<meta property=\"article:publisher\" content=\"https:\/\/www.facebook.com\/vrtulniky\/\" \/>\n<meta property=\"article:published_time\" content=\"2022-12-12T12:46:31+00:00\" \/>\n<meta property=\"article:modified_time\" content=\"2024-05-13T12:58:10+00:00\" \/>\n<meta property=\"og:image\" content=\"https:\/\/www.vrtulniky.sk\/news\/wp-content\/uploads\/2022\/12\/heliport-manazment-178.jpg\" \/>\n\t<meta property=\"og:image:width\" content=\"1600\" \/>\n\t<meta property=\"og:image:height\" content=\"1107\" \/>\n\t<meta property=\"og:image:type\" content=\"image\/jpeg\" \/>\n<meta name=\"author\" content=\"Peter\" \/>\n<meta name=\"twitter:card\" content=\"summary_large_image\" \/>\n<meta name=\"twitter:label1\" content=\"Autor\" \/>\n\t<meta name=\"twitter:data1\" content=\"Peter\" \/>\n\t<meta name=\"twitter:label2\" content=\"Predpokladan\u00fd \u010das \u010d\u00edtania\" \/>\n\t<meta name=\"twitter:data2\" content=\"3 min\u00faty\" \/>\n<script type=\"application\/ld+json\" class=\"yoast-schema-graph\">{\"@context\":\"https:\\\/\\\/schema.org\",\"@graph\":[{\"@type\":\"Article\",\"@id\":\"https:\\\/\\\/www.vrtulniky.sk\\\/news\\\/zima-a-nasa-zahrada\\\/#article\",\"isPartOf\":{\"@id\":\"https:\\\/\\\/www.vrtulniky.sk\\\/news\\\/zima-a-nasa-zahrada\\\/\"},\"author\":{\"name\":\"Peter\",\"@id\":\"https:\\\/\\\/www.vrtulniky.sk\\\/news\\\/#\\\/schema\\\/person\\\/e505eff087108418b8a52f0825313234\"},\"headline\":\"Zima a na\u0161a z\u00e1hrada\",\"datePublished\":\"2022-12-12T12:46:31+00:00\",\"dateModified\":\"2024-05-13T12:58:10+00:00\",\"mainEntityOfPage\":{\"@id\":\"https:\\\/\\\/www.vrtulniky.sk\\\/news\\\/zima-a-nasa-zahrada\\\/\"},\"wordCount\":707,\"commentCount\":6,\"publisher\":{\"@id\":\"https:\\\/\\\/www.vrtulniky.sk\\\/news\\\/#organization\"},\"image\":{\"@id\":\"https:\\\/\\\/www.vrtulniky.sk\\\/news\\\/zima-a-nasa-zahrada\\\/#primaryimage\"},\"thumbnailUrl\":\"https:\\\/\\\/www.vrtulniky.sk\\\/news\\\/wp-content\\\/uploads\\\/2022\\\/12\\\/heliport-manazment-178.jpg\",\"keywords\":[\"b\u00fdvanie\",\"z\u00e1hrada\",\"zima\"],\"articleSection\":[\"Pracujem\",\"Slu\u017eby\"],\"inLanguage\":\"sk-SK\",\"potentialAction\":[{\"@type\":\"CommentAction\",\"name\":\"Comment\",\"target\":[\"https:\\\/\\\/www.vrtulniky.sk\\\/news\\\/zima-a-nasa-zahrada\\\/#respond\"]}]},{\"@type\":\"WebPage\",\"@id\":\"https:\\\/\\\/www.vrtulniky.sk\\\/news\\\/zima-a-nasa-zahrada\\\/\",\"url\":\"https:\\\/\\\/www.vrtulniky.sk\\\/news\\\/zima-a-nasa-zahrada\\\/\",\"name\":\"Zima a na\u0161a z\u00e1hrada\",\"isPartOf\":{\"@id\":\"https:\\\/\\\/www.vrtulniky.sk\\\/news\\\/#website\"},\"primaryImageOfPage\":{\"@id\":\"https:\\\/\\\/www.vrtulniky.sk\\\/news\\\/zima-a-nasa-zahrada\\\/#primaryimage\"},\"image\":{\"@id\":\"https:\\\/\\\/www.vrtulniky.sk\\\/news\\\/zima-a-nasa-zahrada\\\/#primaryimage\"},\"thumbnailUrl\":\"https:\\\/\\\/www.vrtulniky.sk\\\/news\\\/wp-content\\\/uploads\\\/2022\\\/12\\\/heliport-manazment-178.jpg\",\"datePublished\":\"2022-12-12T12:46:31+00:00\",\"dateModified\":\"2024-05-13T12:58:10+00:00\",\"description\":\"Mno\u017estvo z\u00e1hradk\u00e1rov sa \u010dastokr\u00e1t ob\u00e1va pr\u00edchodu zimy.\",\"breadcrumb\":{\"@id\":\"https:\\\/\\\/www.vrtulniky.sk\\\/news\\\/zima-a-nasa-zahrada\\\/#breadcrumb\"},\"inLanguage\":\"sk-SK\",\"potentialAction\":[{\"@type\":\"ReadAction\",\"target\":[\"https:\\\/\\\/www.vrtulniky.sk\\\/news\\\/zima-a-nasa-zahrada\\\/\"]}]},{\"@type\":\"ImageObject\",\"inLanguage\":\"sk-SK\",\"@id\":\"https:\\\/\\\/www.vrtulniky.sk\\\/news\\\/zima-a-nasa-zahrada\\\/#primaryimage\",\"url\":\"https:\\\/\\\/www.vrtulniky.sk\\\/news\\\/wp-content\\\/uploads\\\/2022\\\/12\\\/heliport-manazment-178.jpg\",\"contentUrl\":\"https:\\\/\\\/www.vrtulniky.sk\\\/news\\\/wp-content\\\/uploads\\\/2022\\\/12\\\/heliport-manazment-178.jpg\",\"width\":1600,\"height\":1107,\"caption\":\"Z\u00e1hrada\"},{\"@type\":\"BreadcrumbList\",\"@id\":\"https:\\\/\\\/www.vrtulniky.sk\\\/news\\\/zima-a-nasa-zahrada\\\/#breadcrumb\",\"itemListElement\":[{\"@type\":\"ListItem\",\"position\":1,\"name\":\"Home\",\"item\":\"https:\\\/\\\/www.vrtulniky.sk\\\/news\\\/\"},{\"@type\":\"ListItem\",\"position\":2,\"name\":\"Zima a na\u0161a z\u00e1hrada\"}]},{\"@type\":\"WebSite\",\"@id\":\"https:\\\/\\\/www.vrtulniky.sk\\\/news\\\/#website\",\"url\":\"https:\\\/\\\/www.vrtulniky.sk\\\/news\\\/\",\"name\":\"Podnik\u00e1m, lietam a relaxujem\",\"description\":\"Vrtu\u013en\u00edky.sk\",\"publisher\":{\"@id\":\"https:\\\/\\\/www.vrtulniky.sk\\\/news\\\/#organization\"},\"potentialAction\":[{\"@type\":\"SearchAction\",\"target\":{\"@type\":\"EntryPoint\",\"urlTemplate\":\"https:\\\/\\\/www.vrtulniky.sk\\\/news\\\/?s={search_term_string}\"},\"query-input\":{\"@type\":\"PropertyValueSpecification\",\"valueRequired\":true,\"valueName\":\"search_term_string\"}}],\"inLanguage\":\"sk-SK\"},{\"@type\":\"Organization\",\"@id\":\"https:\\\/\\\/www.vrtulniky.sk\\\/news\\\/#organization\",\"name\":\"Podnik\u00e1m, lietam a relaxujem\",\"url\":\"https:\\\/\\\/www.vrtulniky.sk\\\/news\\\/\",\"logo\":{\"@type\":\"ImageObject\",\"inLanguage\":\"sk-SK\",\"@id\":\"https:\\\/\\\/www.vrtulniky.sk\\\/news\\\/#\\\/schema\\\/logo\\\/image\\\/\",\"url\":\"https:\\\/\\\/www.vrtulniky.sk\\\/news\\\/wp-content\\\/uploads\\\/2022\\\/08\\\/news-vrtulniky-sk-logo-e1660318023553.png\",\"contentUrl\":\"https:\\\/\\\/www.vrtulniky.sk\\\/news\\\/wp-content\\\/uploads\\\/2022\\\/08\\\/news-vrtulniky-sk-logo-e1660318023553.png\",\"width\":201,\"height\":200,\"caption\":\"Podnik\u00e1m, lietam a relaxujem\"},\"image\":{\"@id\":\"https:\\\/\\\/www.vrtulniky.sk\\\/news\\\/#\\\/schema\\\/logo\\\/image\\\/\"},\"sameAs\":[\"https:\\\/\\\/www.facebook.com\\\/vrtulniky\\\/\"]},{\"@type\":\"Person\",\"@id\":\"https:\\\/\\\/www.vrtulniky.sk\\\/news\\\/#\\\/schema\\\/person\\\/e505eff087108418b8a52f0825313234\",\"name\":\"Peter\",\"url\":\"https:\\\/\\\/www.vrtulniky.sk\\\/news\\\/author\\\/miki\\\/\"}]}<\/script>\n<!-- \/ Yoast SEO plugin. -->","yoast_head_json":{"title":"Zima a na\u0161a z\u00e1hrada","description":"Mno\u017estvo z\u00e1hradk\u00e1rov sa \u010dastokr\u00e1t ob\u00e1va pr\u00edchodu zimy.","robots":{"index":"index","follow":"follow","max-snippet":"max-snippet:-1","max-image-preview":"max-image-preview:large","max-video-preview":"max-video-preview:-1"},"canonical":"https:\/\/www.vrtulniky.sk\/news\/zima-a-nasa-zahrada\/","og_locale":"sk_SK","og_type":"article","og_title":"Zima a na\u0161a z\u00e1hrada","og_description":"Mno\u017estvo z\u00e1hradk\u00e1rov sa \u010dastokr\u00e1t ob\u00e1va pr\u00edchodu zimy.","og_url":"https:\/\/www.vrtulniky.sk\/news\/zima-a-nasa-zahrada\/","og_site_name":"Podnik\u00e1m, lietam a relaxujem","article_publisher":"https:\/\/www.facebook.com\/vrtulniky\/","article_published_time":"2022-12-12T12:46:31+00:00","article_modified_time":"2024-05-13T12:58:10+00:00","og_image":[{"width":1600,"height":1107,"url":"https:\/\/www.vrtulniky.sk\/news\/wp-content\/uploads\/2022\/12\/heliport-manazment-178.jpg","type":"image\/jpeg"}],"author":"Peter","twitter_card":"summary_large_image","twitter_misc":{"Autor":"Peter","Predpokladan\u00fd \u010das \u010d\u00edtania":"3 min\u00faty"},"schema":{"@context":"https:\/\/schema.org","@graph":[{"@type":"Article","@id":"https:\/\/www.vrtulniky.sk\/news\/zima-a-nasa-zahrada\/#article","isPartOf":{"@id":"https:\/\/www.vrtulniky.sk\/news\/zima-a-nasa-zahrada\/"},"author":{"name":"Peter","@id":"https:\/\/www.vrtulniky.sk\/news\/#\/schema\/person\/e505eff087108418b8a52f0825313234"},"headline":"Zima a na\u0161a z\u00e1hrada","datePublished":"2022-12-12T12:46:31+00:00","dateModified":"2024-05-13T12:58:10+00:00","mainEntityOfPage":{"@id":"https:\/\/www.vrtulniky.sk\/news\/zima-a-nasa-zahrada\/"},"wordCount":707,"commentCount":6,"publisher":{"@id":"https:\/\/www.vrtulniky.sk\/news\/#organization"},"image":{"@id":"https:\/\/www.vrtulniky.sk\/news\/zima-a-nasa-zahrada\/#primaryimage"},"thumbnailUrl":"https:\/\/www.vrtulniky.sk\/news\/wp-content\/uploads\/2022\/12\/heliport-manazment-178.jpg","keywords":["b\u00fdvanie","z\u00e1hrada","zima"],"articleSection":["Pracujem","Slu\u017eby"],"inLanguage":"sk-SK","potentialAction":[{"@type":"CommentAction","name":"Comment","target":["https:\/\/www.vrtulniky.sk\/news\/zima-a-nasa-zahrada\/#respond"]}]},{"@type":"WebPage","@id":"https:\/\/www.vrtulniky.sk\/news\/zima-a-nasa-zahrada\/","url":"https:\/\/www.vrtulniky.sk\/news\/zima-a-nasa-zahrada\/","name":"Zima a na\u0161a z\u00e1hrada","isPartOf":{"@id":"https:\/\/www.vrtulniky.sk\/news\/#website"},"primaryImageOfPage":{"@id":"https:\/\/www.vrtulniky.sk\/news\/zima-a-nasa-zahrada\/#primaryimage"},"image":{"@id":"https:\/\/www.vrtulniky.sk\/news\/zima-a-nasa-zahrada\/#primaryimage"},"thumbnailUrl":"https:\/\/www.vrtulniky.sk\/news\/wp-content\/uploads\/2022\/12\/heliport-manazment-178.jpg","datePublished":"2022-12-12T12:46:31+00:00","dateModified":"2024-05-13T12:58:10+00:00","description":"Mno\u017estvo z\u00e1hradk\u00e1rov sa \u010dastokr\u00e1t ob\u00e1va pr\u00edchodu zimy.","breadcrumb":{"@id":"https:\/\/www.vrtulniky.sk\/news\/zima-a-nasa-zahrada\/#breadcrumb"},"inLanguage":"sk-SK","potentialAction":[{"@type":"ReadAction","target":["https:\/\/www.vrtulniky.sk\/news\/zima-a-nasa-zahrada\/"]}]},{"@type":"ImageObject","inLanguage":"sk-SK","@id":"https:\/\/www.vrtulniky.sk\/news\/zima-a-nasa-zahrada\/#primaryimage","url":"https:\/\/www.vrtulniky.sk\/news\/wp-content\/uploads\/2022\/12\/heliport-manazment-178.jpg","contentUrl":"https:\/\/www.vrtulniky.sk\/news\/wp-content\/uploads\/2022\/12\/heliport-manazment-178.jpg","width":1600,"height":1107,"caption":"Z\u00e1hrada"},{"@type":"BreadcrumbList","@id":"https:\/\/www.vrtulniky.sk\/news\/zima-a-nasa-zahrada\/#breadcrumb","itemListElement":[{"@type":"ListItem","position":1,"name":"Home","item":"https:\/\/www.vrtulniky.sk\/news\/"},{"@type":"ListItem","position":2,"name":"Zima a na\u0161a z\u00e1hrada"}]},{"@type":"WebSite","@id":"https:\/\/www.vrtulniky.sk\/news\/#website","url":"https:\/\/www.vrtulniky.sk\/news\/","name":"Podnik\u00e1m, lietam a relaxujem","description":"Vrtu\u013en\u00edky.sk","publisher":{"@id":"https:\/\/www.vrtulniky.sk\/news\/#organization"},"potentialAction":[{"@type":"SearchAction","target":{"@type":"EntryPoint","urlTemplate":"https:\/\/www.vrtulniky.sk\/news\/?s={search_term_string}"},"query-input":{"@type":"PropertyValueSpecification","valueRequired":true,"valueName":"search_term_string"}}],"inLanguage":"sk-SK"},{"@type":"Organization","@id":"https:\/\/www.vrtulniky.sk\/news\/#organization","name":"Podnik\u00e1m, lietam a relaxujem","url":"https:\/\/www.vrtulniky.sk\/news\/","logo":{"@type":"ImageObject","inLanguage":"sk-SK","@id":"https:\/\/www.vrtulniky.sk\/news\/#\/schema\/logo\/image\/","url":"https:\/\/www.vrtulniky.sk\/news\/wp-content\/uploads\/2022\/08\/news-vrtulniky-sk-logo-e1660318023553.png","contentUrl":"https:\/\/www.vrtulniky.sk\/news\/wp-content\/uploads\/2022\/08\/news-vrtulniky-sk-logo-e1660318023553.png","width":201,"height":200,"caption":"Podnik\u00e1m, lietam a relaxujem"},"image":{"@id":"https:\/\/www.vrtulniky.sk\/news\/#\/schema\/logo\/image\/"},"sameAs":["https:\/\/www.facebook.com\/vrtulniky\/"]},{"@type":"Person","@id":"https:\/\/www.vrtulniky.sk\/news\/#\/schema\/person\/e505eff087108418b8a52f0825313234","name":"Peter","url":"https:\/\/www.vrtulniky.sk\/news\/author\/miki\/"}]}},"_links":{"self":[{"href":"https:\/\/www.vrtulniky.sk\/news\/wp-json\/wp\/v2\/posts\/26835","targetHints":{"allow":["GET"]}}],"collection":[{"href":"https:\/\/www.vrtulniky.sk\/news\/wp-json\/wp\/v2\/posts"}],"about":[{"href":"https:\/\/www.vrtulniky.sk\/news\/wp-json\/wp\/v2\/types\/post"}],"author":[{"embeddable":true,"href":"https:\/\/www.vrtulniky.sk\/news\/wp-json\/wp\/v2\/users\/2"}],"replies":[{"embeddable":true,"href":"https:\/\/www.vrtulniky.sk\/news\/wp-json\/wp\/v2\/comments?post=26835"}],"version-history":[{"count":0,"href":"https:\/\/www.vrtulniky.sk\/news\/wp-json\/wp\/v2\/posts\/26835\/revisions"}],"wp:featuredmedia":[{"embeddable":true,"href":"https:\/\/www.vrtulniky.sk\/news\/wp-json\/wp\/v2\/media\/26836"}],"wp:attachment":[{"href":"https:\/\/www.vrtulniky.sk\/news\/wp-json\/wp\/v2\/media?parent=26835"}],"wp:term":[{"taxonomy":"category","embeddable":true,"href":"https:\/\/www.vrtulniky.sk\/news\/wp-json\/wp\/v2\/categories?post=26835"},{"taxonomy":"post_tag","embeddable":true,"href":"https:\/\/www.vrtulniky.sk\/news\/wp-json\/wp\/v2\/tags?post=26835"}],"curies":[{"name":"wp","href":"https:\/\/api.w.org\/{rel}","templated":true}]}}