{"id":42263,"date":"2026-01-03T23:21:32","date_gmt":"2026-01-03T22:21:32","guid":{"rendered":"https:\/\/www.derivaty.sk\/?p=42263"},"modified":"2026-01-03T23:21:32","modified_gmt":"2026-01-03T22:21:32","slug":"ochrana-dat-gdpr-na-pracovisku-zodpovedna-praca-s-osobnymi-udajmi-v-skratke","status":"publish","type":"post","link":"https:\/\/www.vrtulniky.sk\/news\/ochrana-dat-gdpr-na-pracovisku-zodpovedna-praca-s-osobnymi-udajmi-v-skratke\/","title":{"rendered":"Ochrana d\u00e1t: GDPR na pracovisku \u2013 Zodpovedn\u00e1 pr\u00e1ca s osobn\u00fdmi \u00fadajmi v skratke"},"content":{"rendered":"<h2>Pre\u010do rie\u0161i\u0165 GDPR na pracovisku \u201epo prakticky\u201c<\/h2>\n<p>GDPR nie je len pr\u00e1vny r\u00e1mec, ale aj s\u00fabor <strong>praktick\u00fdch z\u00e1sad<\/strong>, ktor\u00e9 chr\u00e1nia zamestnancov, uch\u00e1dza\u010dov, dod\u00e1vate\u013eov a z\u00e1kazn\u00edkov. Cie\u013eom tohto \u010dl\u00e1nku je krok za krokom vysvetli\u0165, <em>\u010do robi\u0165<\/em> v be\u017en\u00fdch HR a prev\u00e1dzkov\u00fdch situ\u00e1ci\u00e1ch, ako nastavi\u0165 procesy a ak\u00e9 minim\u00e1lne \u0161tandardy bezpe\u010dnosti a dokument\u00e1cie ma\u0165 pripraven\u00e9. Text je informa\u010dn\u00fd, nie je to pr\u00e1vne poradenstvo \u2013 pri konkr\u00e9tnom pr\u00edpade v\u017edy konzultujte odborn\u00edka.<\/p>\n<h2>Z\u00e1kladn\u00e9 pojmy a roly<\/h2>\n<ul>\n<li><strong>Osobn\u00fd \u00fadaj<\/strong>: inform\u00e1cia o identifikovanej alebo identifikovate\u013enej fyzickej osobe (napr. meno, e-mail, mzda, IP adresa, fotka, GPS z\u00e1znam).<\/li>\n<li><strong>Sprac\u00favanie<\/strong>: ak\u00e1ko\u013evek oper\u00e1cia s \u00fadajom (zber, ukladanie, prezeranie, \u00faprava, poskytovanie, mazanie).<\/li>\n<li><strong>Prev\u00e1dzkovate\u013e<\/strong>: subjekt, ktor\u00fd ur\u010duje \u00fa\u010del a prostriedky sprac\u00favania (typicky zamestn\u00e1vate\u013e).<\/li>\n<li><strong>Sprostredkovate\u013e<\/strong>: sprac\u00fava \u00fadaje pre prev\u00e1dzkovate\u013ea pod\u013ea zmluvy (mzdov\u00e1 \u00fa\u010dtov\u0148a, cloud, ATS).<\/li>\n<li><strong>DPO (zodpovedn\u00e1 osoba)<\/strong>: intern\u00fd\/extern\u00fd odborn\u00edk na doh\u013ead nad s\u00faladom (povinn\u00fd v niektor\u00fdch re\u017eimoch, inak odpor\u00fa\u010dan\u00fd).<\/li>\n<\/ul>\n<h2>Sedem z\u00e1sad GDPR v praxi<\/h2>\n<ol>\n<li><strong>Z\u00e1konnos\u0165, spravodlivos\u0165, transparentnos\u0165<\/strong>: v\u017edy viete \u201epre\u010do a na z\u00e1klade \u010doho\u201c sprac\u00favate a viete to zrozumite\u013ene vysvetli\u0165.<\/li>\n<li><strong>Obmedzenie \u00fa\u010delu<\/strong>: \u00fadaje pou\u017e\u00edvate len na jasne definovan\u00e9 \u00fa\u010dely (n\u00e1bor \u2260 marketing).<\/li>\n<li><strong>Minimaliz\u00e1cia \u00fadajov<\/strong>: p\u00fdtajte iba to, \u010do skuto\u010dne potrebujete (napr. rodn\u00e9 \u010d\u00edslo len ak je pr\u00e1vny d\u00f4vod).<\/li>\n<li><strong>Presnos\u0165<\/strong>: \u00fadaje udr\u017eiavajte aktu\u00e1lne (proces na aktualiz\u00e1cie a opravy).<\/li>\n<li><strong>Obmedzenie uchov\u00e1vania<\/strong>: m\u00e1te <em>retention policy<\/em> a re\u00e1lne ma\u017eeme pod\u013ea leh\u00f4t.<\/li>\n<li><strong>Integrita a d\u00f4vernos\u0165<\/strong>: primeran\u00e9 technick\u00e9 a organiza\u010dn\u00e9 opatrenia (\u0161ifrovanie, pr\u00edstupy, \u0161kolenia).<\/li>\n<li><strong>Zodpovednos\u0165 (accountability)<\/strong>: viete preuk\u00e1za\u0165 s\u00falad (z\u00e1znamy, pos\u00fadenia, zmluvy).<\/li>\n<\/ol>\n<h2>Pr\u00e1vne z\u00e1klady sprac\u00favania na pracovisku<\/h2>\n<ul>\n<li><strong>Zmluva<\/strong>: plnenie pracovnej zmluvy (v\u00fdpo\u010det mzdy, komunik\u00e1cia o zmen\u00e1ch, IT pr\u00edstupy).<\/li>\n<li><strong>Pr\u00e1vna povinnos\u0165<\/strong>: povinnosti vypl\u00fdvaj\u00face z pracovn\u00e9ho, da\u0148ov\u00e9ho, odvodov\u00e9ho a BOZP pr\u00e1va.<\/li>\n<li><strong>Opr\u00e1vnen\u00fd z\u00e1ujem<\/strong>: legit\u00edmne potreby zamestn\u00e1vate\u013ea (napr. z\u00e1kladn\u00e9 logovanie IT), no v\u017edy po <em>LIA<\/em> (test vyv\u00e1\u017eenia).<\/li>\n<li><strong>S\u00fahlas<\/strong>: na pracovisku sk\u00f4r v\u00fdnimo\u010dn\u00fd (asymetria moci); pou\u017eite iba tam, kde existuje <em>skuto\u010dn\u00e1 mo\u017enos\u0165 vo\u013eby<\/em> (napr. dobrovo\u013en\u00e1 fotka na webe).<\/li>\n<li><strong>\u017divotn\u00e9 d\u00f4le\u017eit\u00e9 z\u00e1ujmy<\/strong>: n\u00fadzov\u00e9 situ\u00e1cie (zdravotn\u00e9 incidenty).<\/li>\n<li><strong>Verejn\u00fd z\u00e1ujem\/\u00faradn\u00e1 moc<\/strong>: ak to vypl\u00fdva zo z\u00e1kona a roly organiz\u00e1cie.<\/li>\n<\/ul>\n<h2>\u0160peci\u00e1lne kateg\u00f3rie \u00fadajov (citliv\u00e9 \u00fadaje)<\/h2>\n<p>Zdravotn\u00e9 \u00fadaje, \u00fadaje o odborovej pr\u00edslu\u0161nosti, biometria ap. vy\u017eaduj\u00fa pr\u00edsnej\u0161\u00ed re\u017eim: <strong>oddelen\u00e9 \u00falo\u017eisko<\/strong>, obmedzen\u00fd pr\u00edstup, jasn\u00fd pr\u00e1vny z\u00e1klad (z\u00e1kon, v\u00fdslovn\u00fd s\u00fahlas, oblas\u0165 pracovn\u00e9ho pr\u00e1va v rozsahu povolenom pr\u00e1vom), krat\u0161ie lehoty, protokol pr\u00edstupov.<\/p>\n<h2>Dokumenta\u010dn\u00e1 sada, ktor\u00fa by mala ma\u0165 ka\u017ed\u00e1 firma<\/h2>\n<ul>\n<li><strong>Informa\u010dn\u00e9 povinnosti<\/strong> (privacy notice) pre zamestnancov, uch\u00e1dza\u010dov a dod\u00e1vate\u013eov.<\/li>\n<li><strong>Z\u00e1znamy o spracovate\u013esk\u00fdch \u010dinnostiach (ROPA)<\/strong> \u2013 kto, \u010do, pre\u010do, dokedy, komu.<\/li>\n<li><strong>Zmluvy so sprostredkovate\u013emi<\/strong> (DPA) \u2013 bezpe\u010dnos\u0165, sub-procesory, audit, incidenty.<\/li>\n<li><strong>Intern\u00e9 politiky<\/strong>: pr\u00edstupov\u00e9 pr\u00e1va, retention a mazanie, BYOD, monitoring, pou\u017e\u00edvanie e-mailu a internetu, bezpe\u010dnos\u0165 a \u0161kolenia.<\/li>\n<li><strong>LIA<\/strong> \u2013 pos\u00fadenia opr\u00e1vnen\u00e9ho z\u00e1ujmu pri monitoringu, kamer\u00e1ch, logovan\u00ed.<\/li>\n<li><strong>DPIA<\/strong> \u2013 pos\u00fadenie vplyvu na ochranu \u00fadajov pri rizikov\u00fdch projektoch (biometria, rozsiahle monitorovanie, nov\u00e9 technol\u00f3gie).<\/li>\n<li><strong>Incident\/breach playbook<\/strong> \u2013 \u010do, kto, do 72 hod\u00edn, ako komunikova\u0165.<\/li>\n<\/ul>\n<h2>\u017divotn\u00fd cyklus \u00fadajov: od n\u00e1boru po ukon\u010denie pracovn\u00e9ho pomeru<\/h2>\n<ol>\n<li><strong>N\u00e1bor<\/strong>: zber iba potrebn\u00fdch \u00fadajov, transparentnos\u0165 v inzer\u00e1te a formul\u00e1roch, lehota uchovania CV (napr. talent pool len s jasn\u00fdm s\u00fahlasom).<\/li>\n<li><strong>Onboarding<\/strong>: minimum \u201emust have\u201c dokumentov, oddelen\u00e9 sprac\u00favanie citliv\u00fdch \u00fadajov (lek\u00e1rske prehliadky, BOZP).<\/li>\n<li><strong>Prev\u00e1dzka<\/strong>: jasn\u00e9 roly a pr\u00edstupy (HR vs. mana\u017e\u00e9ri), logovanie pr\u00edstupov, pravideln\u00e9 rev\u00edzie opr\u00e1vnen\u00ed.<\/li>\n<li><strong>Offboarding<\/strong>: v\u010dasn\u00e9 zru\u0161enie pr\u00edstupov, odovzdanie zariaden\u00ed, archiv\u00e1cia len v nevyhnutnom rozsahu, \u0161tandardizovan\u00e9 mazanie.<\/li>\n<\/ol>\n<h2>Pr\u00e1va dotknut\u00fdch os\u00f4b: procesy a lehoty<\/h2>\n<ul>\n<li><strong>Pr\u00edstup<\/strong> k \u00fadajom a k\u00f3pii \u00fadajov.<\/li>\n<li><strong>Oprava<\/strong> a <strong>aktualiz\u00e1cia<\/strong>.<\/li>\n<li><strong>Vymazanie<\/strong> (\u201ezabudnutie\u201c) \u2013 tam, kde neexistuje silnej\u0161\u00ed pr\u00e1vny d\u00f4vod uchov\u00e1vania.<\/li>\n<li><strong>Obmedzenie<\/strong> sprac\u00favania \u2013 \u201efreeze\u201c re\u017eim po\u010das sporu.<\/li>\n<li><strong>Portabilita<\/strong> \u2013 ak je z\u00e1klad zmluva\/s\u00fahlas a sprac\u00favanie je automatizovan\u00e9.<\/li>\n<li><strong>N\u00e1mietka<\/strong> vo\u010di opr\u00e1vnen\u00e9mu z\u00e1ujmu (napr. ur\u010dit\u00fd typ monitoringu).<\/li>\n<li><strong>Automatizovan\u00e9 rozhodovanie\/profilovanie<\/strong> \u2013 informujte a poskytujte mo\u017enos\u0165 \u013eudsk\u00e9ho z\u00e1sahu.<\/li>\n<\/ul>\n<p>Majte <strong>jednotn\u00fa schr\u00e1nku<\/strong> (napr. privacy@firma.tld), \u0161tandardn\u00e9 formul\u00e1re a SLA na vybavenie (typicky do 1 mesiaca).<\/p>\n<h2>Monitoring na pracovisku \u201eso zdrav\u00fdm rozumom\u201c<\/h2>\n<ul>\n<li><strong>E-mail a internet<\/strong>: definujte \u00fa\u010del (bezpe\u010dnos\u0165 IT, prevencia \u00fanikov), rozsah, reten\u010dn\u00e9 lehoty; preferujte <em>agregovan\u00e9<\/em> a <em>minim\u00e1lne<\/em> logy, nie plo\u0161n\u00e9 \u010d\u00edtanie obsahu.<\/li>\n<li><strong>CCTV<\/strong>: sledujte nevyhnutn\u00e9 priestorov\u00e9 z\u00f3ny, nastavte prekr\u00fdvacie z\u00f3ny, uchov\u00e1vanie v d\u0148och, jasn\u00e9 zna\u010denie.<\/li>\n<li><strong>GPS a doch\u00e1dzka<\/strong>: geolok\u00e1cia len pri re\u00e1lnej potrebe (field servis), s \u010dasov\u00fdm obmedzen\u00edm.<\/li>\n<li><strong>Biometria<\/strong>: iba v\u00fdnimo\u010dne a po DPIA; zv\u00e1\u017ete alternat\u00edvy (karty, PIN).<\/li>\n<li><strong>Dom\u00e1ca pr\u00e1ca (home office)<\/strong>: \u017eiadne skryt\u00e9 n\u00e1stroje sledovania; s\u00fastre\u010fte sa na v\u00fdsledky, nie invaz\u00edvny monitoring.<\/li>\n<\/ul>\n<h2>BYOD a firemn\u00e9 zariadenia<\/h2>\n<ul>\n<li><strong>BYOD<\/strong>: mobiln\u00e9 MDM\/oddelen\u00fd pracovn\u00fd profil, povinn\u00e1 obrazovkov\u00e1 z\u00e1mka, \u0161ifrovanie, vzdialen\u00e9 vymazanie pracovn\u00e9ho kontajnera.<\/li>\n<li><strong>Firemn\u00e9 zariadenia<\/strong>: \u0161tandardizovan\u00e9 buildy, MFA, aktualiz\u00e1cie, inventariz\u00e1cia, pravidl\u00e1 prenosu mimo EU.<\/li>\n<\/ul>\n<h2>Bezpe\u010dnostn\u00e9 opatrenia: technick\u00e9 a organiza\u010dn\u00e9 minimum<\/h2>\n<ul>\n<li><strong>Riadenie pr\u00edstupov<\/strong>: princ\u00edp minim\u00e1lnych pr\u00e1v, pravideln\u00e9 rev\u00edzie, okam\u017eit\u00e9 odoberanie po odchode.<\/li>\n<li><strong>\u0160ifrovanie<\/strong>: disky notebookov, prenosy (TLS), citliv\u00e9 pr\u00edlohy (heslo mimo kan\u00e1la).<\/li>\n<li><strong>Z\u00e1lohovanie a obnova<\/strong>: testovan\u00e9 obnovy, segment\u00e1cia z\u00e1loh od produkcie.<\/li>\n<li><strong>Proti-phishing \u0161kolenia<\/strong> a simul\u00e1cie, jasn\u00fd kan\u00e1l na hl\u00e1senie podozren\u00ed.<\/li>\n<li><strong>\u010cist\u00fd st\u00f4l\/obrazovka<\/strong> a bezpe\u010dn\u00e9 likvidovanie dokumentov (skart\/recykl\u00e1cia s doh\u013eadom).<\/li>\n<li><strong>Logovanie a audit<\/strong>: primeran\u00e9 logy pr\u00edstupov k HR syst\u00e9mom, pravideln\u00e1 kontrola anom\u00e1li\u00ed.<\/li>\n<\/ul>\n<h2>Transfery \u00fadajov mimo EHP<\/h2>\n<p>Ak sprac\u00favate v cloude alebo vyu\u017e\u00edvate dod\u00e1vate\u013eov mimo EHP, potrebujete <strong>transferov\u00fd mechanizmus<\/strong> (napr. \u0161tandardn\u00e9 zmluvn\u00e9 dolo\u017eky) a <strong>TIA<\/strong> (pos\u00fadenie dopadov prenosu). Minimalizujte rozsah pren\u00e1\u0161an\u00fdch \u00fadajov a pou\u017eite pseudonymiz\u00e1ciu, kde sa d\u00e1.<\/p>\n<h2>Retention a mazanie: ako nastavi\u0165 lehoty<\/h2>\n<ul>\n<li><strong>Mapujte \u00fa\u010dely<\/strong> \u2192 prira\u010fte z\u00e1konn\u00e9 a obchodn\u00e9 lehoty \u2192 nastavte <em>automatick\u00e9<\/em> mazanie\/archiv\u00e1ciu.<\/li>\n<li><strong>Uch\u00e1dza\u010di<\/strong>: kr\u00e1tke lehoty; talent pool len so s\u00fahlasom a jednoduchou mo\u017enos\u0165ou odvolania.<\/li>\n<li><strong>HR spisy<\/strong>: len nevyhnutn\u00e9 dokumenty; citliv\u00e9 \u00fadaje separ\u00e1tne a s krat\u0161\u00edmi lehotami.<\/li>\n<\/ul>\n<h2>Incidenty a poru\u0161enia ochrany \u00fadajov<\/h2>\n<ol>\n<li><strong>Rozpoznanie<\/strong>: strata zariadenia, omylom zaslan\u00fd e-mail, neopr\u00e1vnen\u00fd pr\u00edstup, malv\u00e9r, zverejnenie.<\/li>\n<li><strong>Prv\u00e1 pomoc<\/strong>: ohrani\u010di\u0165 incident (odpojenie \u00fa\u010dtu, vzdialen\u00e9 vymazanie), zdokumentova\u0165 \u010do\/kedy\/kto.<\/li>\n<li><strong>Pos\u00fadenie rizika<\/strong>: ak je pravdepodobn\u00e9 riziko pre pr\u00e1va os\u00f4b, <strong>nahl\u00e1si\u0165 do 72 hod\u00edn<\/strong> dozorn\u00e9mu org\u00e1nu; pri <em>vysokom riziku<\/em> informova\u0165 dotknut\u00e9 osoby.<\/li>\n<li><strong>Register poru\u0161en\u00ed<\/strong>: evidujte v\u0161etko \u2013 aj drobn\u00e9 incidenty a pou\u010denia.<\/li>\n<\/ol>\n<h2>Verejn\u00e1 komunik\u00e1cia a HR marketing<\/h2>\n<ul>\n<li><strong>Fotografie a vide\u00e1<\/strong>: z\u00edskajte informovan\u00fd s\u00fahlas, evidujte ho, poskytnite mo\u017enos\u0165 odvolania bez sankcie.<\/li>\n<li><strong>Referencie<\/strong>: poskytujte len po overen\u00ed pr\u00e1vneho z\u00e1kladu a rozsahu (minim\u00e1lne \u00fadaje).<\/li>\n<li><strong>Soci\u00e1lne siete<\/strong>: pravidl\u00e1 pre zamestnancov, \u010do smie a nesmie \u00eds\u0165 von (najm\u00e4 \u00fadaje klientov\/kol\u00e9gov).<\/li>\n<\/ul>\n<h2>Praktick\u00e9 pr\u00edklady: \u010do je \u201eOK\u201c a \u010do nie<\/h2>\n<table>\n<thead>\n<tr>\n<th>Situ\u00e1cia<\/th>\n<th>OK<\/th>\n<th>Rizikov\u00e9\/nie OK<\/th>\n<\/tr>\n<\/thead>\n<tbody>\n<tr>\n<td>N\u00e1bor cez formul\u00e1r<\/td>\n<td>Len potrebn\u00e9 polia, jasn\u00e9 informovanie, kr\u00e1tka lehota uchovania<\/td>\n<td>Rodn\u00e9 \u010d\u00edslo a rodinn\u00fd stav bez d\u00f4vodu, uchov\u00e1vanie CV \u201enav\u017edy\u201c<\/td>\n<\/tr>\n<tr>\n<td>Monitoring e-mailu<\/td>\n<td>Bez obsahu, agrega\u010dn\u00e9 logy, \u00fa\u010del bezpe\u010dnosti, informovanie<\/td>\n<td>Plo\u0161n\u00e9 \u010d\u00edtanie spr\u00e1v bez d\u00f4vodu, bez politiky a LIA<\/td>\n<\/tr>\n<tr>\n<td>CCTV<\/td>\n<td>Vstupy\/sklady, kr\u00e1tke lehoty, ozna\u010denie<\/td>\n<td>Sledovanie oddychov\u00fdch z\u00f3n, zvukov\u00e9 nahr\u00e1vanie bez d\u00f4vodu<\/td>\n<\/tr>\n<tr>\n<td>Doch\u00e1dzka<\/td>\n<td>Elektronick\u00e1 evidenca, minim\u00e1lne \u00fadaje<\/td>\n<td>Trval\u00e9 zdie\u013eanie presnej polohy mimo pracovn\u00e9ho \u010dasu<\/td>\n<\/tr>\n<\/tbody>\n<\/table>\n<h2>\u0160kolenia a kult\u00fara: \u013eudia s\u00fa najd\u00f4le\u017eitej\u0161ie \u201eopatrenie\u201c<\/h2>\n<ul>\n<li><strong>Onboarding \u0161kolenie<\/strong> s praktick\u00fdmi scen\u00e1rmi (e-mail, dokumenty, cloud, zdie\u013eanie).<\/li>\n<li><strong>Mikrolekcie<\/strong> po\u010das roka (phishing, \u010dist\u00fd st\u00f4l, nov\u00e9 n\u00e1stroje).<\/li>\n<li><strong>Bezpe\u010dn\u00e9 zlyhanie<\/strong>: podpora hl\u00e1senia ch\u00fdb bez postihov; r\u00fdchla pomoc &gt; utajenie.<\/li>\n<\/ul>\n<h2>Checklist \u201eGDPR v skratke\u201c pre mal\u00e9 a stredn\u00e9 firmy<\/h2>\n<ul>\n<li>M\u00e1m <strong>privacy notice<\/strong> pre zamestnancov a uch\u00e1dza\u010dov?<\/li>\n<li>Vediem <strong>ROPA<\/strong> a <strong>register poru\u0161en\u00ed<\/strong>?<\/li>\n<li>Existuj\u00fa <strong>DPA<\/strong> s ka\u017ed\u00fdm sprostredkovate\u013eom a viem o jeho sub-procesoroch?<\/li>\n<li>M\u00e1m <strong>retention policy<\/strong> a viem <em>re\u00e1lne maza\u0165<\/em>?<\/li>\n<li>Vykonali sme <strong>LIA\/DPIA<\/strong> tam, kde treba (monitoring, biometria, nov\u00e9 projekty)?<\/li>\n<li>M\u00e1me <strong>incident playbook<\/strong> a 72h postup?<\/li>\n<li>S\u00fa nastaven\u00e9 <strong>pr\u00edstupy, MFA, \u0161ifrovanie<\/strong> a \u0161kolenia?<\/li>\n<\/ul>\n<h2>S\u00falad ako kontinu\u00e1lny proces<\/h2>\n<p>GDPR nie je jednorazov\u00fd projekt. Je to <strong>priebe\u017en\u00e9 dola\u010fovanie<\/strong> procesov, dokument\u00e1cie a bezpe\u010dnosti tak, aby d\u00e1valo zmysel \u013eu\u010fom aj biznisu. Za\u010dnite invent\u00farou sprac\u00favan\u00ed, nastavte minimum polit\u00edk a zml\u00fav, ujasnite pr\u00e1vne z\u00e1klady a s\u00fastre\u010fte sa na <em>d\u00f4kaz o s\u00falade<\/em>. Mal\u00e9 kroky (retencia, pr\u00edstupy, \u0161kolenia) prin\u00e1\u0161aj\u00fa ve\u013ek\u00fd rozdiel \u2013 a zni\u017euj\u00fa rizik\u00e1 aj n\u00e1klady.<\/p>\n","protected":false},"excerpt":{"rendered":"<p>Zodpovedn\u00e1 pr\u00e1ca s \u00fadajmi: role-based pr\u00edstupy, z\u00e1kladn\u00e9 \u0161ifrovanie a kr\u00e1tke pravideln\u00e9 \u0161kolenia vr\u00e1tane reakcie na incidenty.<\/p>\n","protected":false},"author":39,"featured_media":82263,"comment_status":"open","ping_status":"open","sticky":false,"template":"","format":"standard","meta":{"footnotes":""},"categories":[2630],"tags":[2901,2902,2903,2671,2727,2904,2545,2672],"class_list":["post-42263","post","type-post","status-publish","format-standard","has-post-thumbnail","hentry","category-praca-a-zamestnanie","tag-gdpr","tag-gdpr-na-pracovisku","tag-incidenty","tag-minima","tag-pracovisko","tag-pristupove-prava","tag-sifrovanie","tag-skolenia"],"yoast_head":"<!-- This site is optimized with the Yoast SEO plugin v27.5 - https:\/\/yoast.com\/product\/yoast-seo-wordpress\/ -->\n<title>Ochrana d\u00e1t: GDPR na pracovisku \u2013 Zodpovedn\u00e1 pr\u00e1ca s osobn\u00fdmi \u00fadajmi v skratke - Podnik\u00e1m, lietam a relaxujem<\/title>\n<meta name=\"robots\" content=\"index, follow, max-snippet:-1, max-image-preview:large, max-video-preview:-1\" \/>\n<link rel=\"canonical\" href=\"https:\/\/www.vrtulniky.sk\/news\/ochrana-dat-gdpr-na-pracovisku-zodpovedna-praca-s-osobnymi-udajmi-v-skratke\/\" \/>\n<meta property=\"og:locale\" content=\"sk_SK\" \/>\n<meta property=\"og:type\" content=\"article\" \/>\n<meta property=\"og:title\" content=\"Ochrana d\u00e1t: GDPR na pracovisku \u2013 Zodpovedn\u00e1 pr\u00e1ca s osobn\u00fdmi \u00fadajmi v skratke - Podnik\u00e1m, lietam a relaxujem\" \/>\n<meta property=\"og:description\" content=\"Zodpovedn\u00e1 pr\u00e1ca s \u00fadajmi: role-based pr\u00edstupy, z\u00e1kladn\u00e9 \u0161ifrovanie a kr\u00e1tke pravideln\u00e9 \u0161kolenia vr\u00e1tane reakcie na incidenty.\" \/>\n<meta property=\"og:url\" content=\"https:\/\/www.vrtulniky.sk\/news\/ochrana-dat-gdpr-na-pracovisku-zodpovedna-praca-s-osobnymi-udajmi-v-skratke\/\" \/>\n<meta property=\"og:site_name\" content=\"Podnik\u00e1m, lietam a relaxujem\" \/>\n<meta property=\"article:publisher\" content=\"https:\/\/www.facebook.com\/vrtulniky\/\" \/>\n<meta property=\"article:published_time\" content=\"2026-01-03T22:21:32+00:00\" \/>\n<meta property=\"og:image\" content=\"https:\/\/www.vrtulniky.sk\/news\/wp-content\/uploads\/2022\/08\/vrtulniky-sk.jpg\" \/>\n\t<meta property=\"og:image:width\" content=\"1400\" \/>\n\t<meta property=\"og:image:height\" content=\"900\" \/>\n\t<meta property=\"og:image:type\" content=\"image\/jpeg\" \/>\n<meta name=\"author\" content=\"Lucie \u010cerm\u00e1kov\u00e1\" \/>\n<meta name=\"twitter:card\" content=\"summary_large_image\" \/>\n<meta name=\"twitter:label1\" content=\"Autor\" \/>\n\t<meta name=\"twitter:data1\" content=\"Lucie \u010cerm\u00e1kov\u00e1\" \/>\n\t<meta name=\"twitter:label2\" content=\"Predpokladan\u00fd \u010das \u010d\u00edtania\" \/>\n\t<meta name=\"twitter:data2\" content=\"8 min\u00fat\" \/>\n<script type=\"application\/ld+json\" class=\"yoast-schema-graph\">{\"@context\":\"https:\\\/\\\/schema.org\",\"@graph\":[{\"@type\":\"Article\",\"@id\":\"https:\\\/\\\/www.vrtulniky.sk\\\/news\\\/ochrana-dat-gdpr-na-pracovisku-zodpovedna-praca-s-osobnymi-udajmi-v-skratke\\\/#article\",\"isPartOf\":{\"@id\":\"https:\\\/\\\/www.vrtulniky.sk\\\/news\\\/ochrana-dat-gdpr-na-pracovisku-zodpovedna-praca-s-osobnymi-udajmi-v-skratke\\\/\"},\"author\":{\"name\":\"Lucie \u010cerm\u00e1kov\u00e1\",\"@id\":\"https:\\\/\\\/www.vrtulniky.sk\\\/news\\\/#\\\/schema\\\/person\\\/ae126fefcc8034e368ed75c8ba0d9ebe\"},\"headline\":\"Ochrana d\u00e1t: GDPR na pracovisku \u2013 Zodpovedn\u00e1 pr\u00e1ca s osobn\u00fdmi \u00fadajmi v skratke\",\"datePublished\":\"2026-01-03T22:21:32+00:00\",\"mainEntityOfPage\":{\"@id\":\"https:\\\/\\\/www.vrtulniky.sk\\\/news\\\/ochrana-dat-gdpr-na-pracovisku-zodpovedna-praca-s-osobnymi-udajmi-v-skratke\\\/\"},\"wordCount\":1548,\"commentCount\":0,\"publisher\":{\"@id\":\"https:\\\/\\\/www.vrtulniky.sk\\\/news\\\/#organization\"},\"image\":{\"@id\":\"https:\\\/\\\/www.vrtulniky.sk\\\/news\\\/ochrana-dat-gdpr-na-pracovisku-zodpovedna-praca-s-osobnymi-udajmi-v-skratke\\\/#primaryimage\"},\"thumbnailUrl\":\"https:\\\/\\\/www.vrtulniky.sk\\\/news\\\/wp-content\\\/uploads\\\/2025\\\/12\\\/vzdelavanie-vysoka-skola-2263.jpg\",\"keywords\":[\"GDPR\",\"GDPR na pracovisku\",\"incidenty\",\"minim\u00e1\",\"pracovisko\",\"pr\u00edstupov\u00e9 pr\u00e1va\",\"\u0161ifrovanie\",\"\u0161kolenia\"],\"articleSection\":[\"Pr\u00e1ca a zamestnanie\"],\"inLanguage\":\"sk-SK\",\"potentialAction\":[{\"@type\":\"CommentAction\",\"name\":\"Comment\",\"target\":[\"https:\\\/\\\/www.vrtulniky.sk\\\/news\\\/ochrana-dat-gdpr-na-pracovisku-zodpovedna-praca-s-osobnymi-udajmi-v-skratke\\\/#respond\"]}]},{\"@type\":\"WebPage\",\"@id\":\"https:\\\/\\\/www.vrtulniky.sk\\\/news\\\/ochrana-dat-gdpr-na-pracovisku-zodpovedna-praca-s-osobnymi-udajmi-v-skratke\\\/\",\"url\":\"https:\\\/\\\/www.vrtulniky.sk\\\/news\\\/ochrana-dat-gdpr-na-pracovisku-zodpovedna-praca-s-osobnymi-udajmi-v-skratke\\\/\",\"name\":\"Ochrana d\u00e1t: GDPR na pracovisku \u2013 Zodpovedn\u00e1 pr\u00e1ca s osobn\u00fdmi \u00fadajmi v skratke - Podnik\u00e1m, lietam a relaxujem\",\"isPartOf\":{\"@id\":\"https:\\\/\\\/www.vrtulniky.sk\\\/news\\\/#website\"},\"primaryImageOfPage\":{\"@id\":\"https:\\\/\\\/www.vrtulniky.sk\\\/news\\\/ochrana-dat-gdpr-na-pracovisku-zodpovedna-praca-s-osobnymi-udajmi-v-skratke\\\/#primaryimage\"},\"image\":{\"@id\":\"https:\\\/\\\/www.vrtulniky.sk\\\/news\\\/ochrana-dat-gdpr-na-pracovisku-zodpovedna-praca-s-osobnymi-udajmi-v-skratke\\\/#primaryimage\"},\"thumbnailUrl\":\"https:\\\/\\\/www.vrtulniky.sk\\\/news\\\/wp-content\\\/uploads\\\/2025\\\/12\\\/vzdelavanie-vysoka-skola-2263.jpg\",\"datePublished\":\"2026-01-03T22:21:32+00:00\",\"breadcrumb\":{\"@id\":\"https:\\\/\\\/www.vrtulniky.sk\\\/news\\\/ochrana-dat-gdpr-na-pracovisku-zodpovedna-praca-s-osobnymi-udajmi-v-skratke\\\/#breadcrumb\"},\"inLanguage\":\"sk-SK\",\"potentialAction\":[{\"@type\":\"ReadAction\",\"target\":[\"https:\\\/\\\/www.vrtulniky.sk\\\/news\\\/ochrana-dat-gdpr-na-pracovisku-zodpovedna-praca-s-osobnymi-udajmi-v-skratke\\\/\"]}]},{\"@type\":\"ImageObject\",\"inLanguage\":\"sk-SK\",\"@id\":\"https:\\\/\\\/www.vrtulniky.sk\\\/news\\\/ochrana-dat-gdpr-na-pracovisku-zodpovedna-praca-s-osobnymi-udajmi-v-skratke\\\/#primaryimage\",\"url\":\"https:\\\/\\\/www.vrtulniky.sk\\\/news\\\/wp-content\\\/uploads\\\/2025\\\/12\\\/vzdelavanie-vysoka-skola-2263.jpg\",\"contentUrl\":\"https:\\\/\\\/www.vrtulniky.sk\\\/news\\\/wp-content\\\/uploads\\\/2025\\\/12\\\/vzdelavanie-vysoka-skola-2263.jpg\",\"width\":1066,\"height\":1600,\"caption\":\"Ochrana d\u00e1t: GDPR na pracovisku \u2013 Zodpovedn\u00e1 pr\u00e1ca s osobn\u00fdmi \u00fadajmi v skratke\"},{\"@type\":\"BreadcrumbList\",\"@id\":\"https:\\\/\\\/www.vrtulniky.sk\\\/news\\\/ochrana-dat-gdpr-na-pracovisku-zodpovedna-praca-s-osobnymi-udajmi-v-skratke\\\/#breadcrumb\",\"itemListElement\":[{\"@type\":\"ListItem\",\"position\":1,\"name\":\"Home\",\"item\":\"https:\\\/\\\/www.vrtulniky.sk\\\/news\\\/\"},{\"@type\":\"ListItem\",\"position\":2,\"name\":\"Ochrana d\u00e1t: GDPR na pracovisku \u2013 Zodpovedn\u00e1 pr\u00e1ca s osobn\u00fdmi \u00fadajmi v skratke\"}]},{\"@type\":\"WebSite\",\"@id\":\"https:\\\/\\\/www.vrtulniky.sk\\\/news\\\/#website\",\"url\":\"https:\\\/\\\/www.vrtulniky.sk\\\/news\\\/\",\"name\":\"Podnik\u00e1m, lietam a relaxujem\",\"description\":\"Vrtu\u013en\u00edky.sk\",\"publisher\":{\"@id\":\"https:\\\/\\\/www.vrtulniky.sk\\\/news\\\/#organization\"},\"potentialAction\":[{\"@type\":\"SearchAction\",\"target\":{\"@type\":\"EntryPoint\",\"urlTemplate\":\"https:\\\/\\\/www.vrtulniky.sk\\\/news\\\/?s={search_term_string}\"},\"query-input\":{\"@type\":\"PropertyValueSpecification\",\"valueRequired\":true,\"valueName\":\"search_term_string\"}}],\"inLanguage\":\"sk-SK\"},{\"@type\":\"Organization\",\"@id\":\"https:\\\/\\\/www.vrtulniky.sk\\\/news\\\/#organization\",\"name\":\"Podnik\u00e1m, lietam a relaxujem\",\"url\":\"https:\\\/\\\/www.vrtulniky.sk\\\/news\\\/\",\"logo\":{\"@type\":\"ImageObject\",\"inLanguage\":\"sk-SK\",\"@id\":\"https:\\\/\\\/www.vrtulniky.sk\\\/news\\\/#\\\/schema\\\/logo\\\/image\\\/\",\"url\":\"https:\\\/\\\/www.vrtulniky.sk\\\/news\\\/wp-content\\\/uploads\\\/2022\\\/08\\\/news-vrtulniky-sk-logo-e1660318023553.png\",\"contentUrl\":\"https:\\\/\\\/www.vrtulniky.sk\\\/news\\\/wp-content\\\/uploads\\\/2022\\\/08\\\/news-vrtulniky-sk-logo-e1660318023553.png\",\"width\":201,\"height\":200,\"caption\":\"Podnik\u00e1m, lietam a relaxujem\"},\"image\":{\"@id\":\"https:\\\/\\\/www.vrtulniky.sk\\\/news\\\/#\\\/schema\\\/logo\\\/image\\\/\"},\"sameAs\":[\"https:\\\/\\\/www.facebook.com\\\/vrtulniky\\\/\"]},{\"@type\":\"Person\",\"@id\":\"https:\\\/\\\/www.vrtulniky.sk\\\/news\\\/#\\\/schema\\\/person\\\/ae126fefcc8034e368ed75c8ba0d9ebe\",\"name\":\"Lucie \u010cerm\u00e1kov\u00e1\",\"url\":\"https:\\\/\\\/www.vrtulniky.sk\\\/news\\\/author\\\/lucie-cermakova\\\/\"}]}<\/script>\n<!-- \/ Yoast SEO plugin. -->","yoast_head_json":{"title":"Ochrana d\u00e1t: GDPR na pracovisku \u2013 Zodpovedn\u00e1 pr\u00e1ca s osobn\u00fdmi \u00fadajmi v skratke - Podnik\u00e1m, lietam a relaxujem","robots":{"index":"index","follow":"follow","max-snippet":"max-snippet:-1","max-image-preview":"max-image-preview:large","max-video-preview":"max-video-preview:-1"},"canonical":"https:\/\/www.vrtulniky.sk\/news\/ochrana-dat-gdpr-na-pracovisku-zodpovedna-praca-s-osobnymi-udajmi-v-skratke\/","og_locale":"sk_SK","og_type":"article","og_title":"Ochrana d\u00e1t: GDPR na pracovisku \u2013 Zodpovedn\u00e1 pr\u00e1ca s osobn\u00fdmi \u00fadajmi v skratke - Podnik\u00e1m, lietam a relaxujem","og_description":"Zodpovedn\u00e1 pr\u00e1ca s \u00fadajmi: role-based pr\u00edstupy, z\u00e1kladn\u00e9 \u0161ifrovanie a kr\u00e1tke pravideln\u00e9 \u0161kolenia vr\u00e1tane reakcie na incidenty.","og_url":"https:\/\/www.vrtulniky.sk\/news\/ochrana-dat-gdpr-na-pracovisku-zodpovedna-praca-s-osobnymi-udajmi-v-skratke\/","og_site_name":"Podnik\u00e1m, lietam a relaxujem","article_publisher":"https:\/\/www.facebook.com\/vrtulniky\/","article_published_time":"2026-01-03T22:21:32+00:00","og_image":[{"width":1400,"height":900,"url":"https:\/\/www.vrtulniky.sk\/news\/wp-content\/uploads\/2022\/08\/vrtulniky-sk.jpg","type":"image\/jpeg"}],"author":"Lucie \u010cerm\u00e1kov\u00e1","twitter_card":"summary_large_image","twitter_misc":{"Autor":"Lucie \u010cerm\u00e1kov\u00e1","Predpokladan\u00fd \u010das \u010d\u00edtania":"8 min\u00fat"},"schema":{"@context":"https:\/\/schema.org","@graph":[{"@type":"Article","@id":"https:\/\/www.vrtulniky.sk\/news\/ochrana-dat-gdpr-na-pracovisku-zodpovedna-praca-s-osobnymi-udajmi-v-skratke\/#article","isPartOf":{"@id":"https:\/\/www.vrtulniky.sk\/news\/ochrana-dat-gdpr-na-pracovisku-zodpovedna-praca-s-osobnymi-udajmi-v-skratke\/"},"author":{"name":"Lucie \u010cerm\u00e1kov\u00e1","@id":"https:\/\/www.vrtulniky.sk\/news\/#\/schema\/person\/ae126fefcc8034e368ed75c8ba0d9ebe"},"headline":"Ochrana d\u00e1t: GDPR na pracovisku \u2013 Zodpovedn\u00e1 pr\u00e1ca s osobn\u00fdmi \u00fadajmi v skratke","datePublished":"2026-01-03T22:21:32+00:00","mainEntityOfPage":{"@id":"https:\/\/www.vrtulniky.sk\/news\/ochrana-dat-gdpr-na-pracovisku-zodpovedna-praca-s-osobnymi-udajmi-v-skratke\/"},"wordCount":1548,"commentCount":0,"publisher":{"@id":"https:\/\/www.vrtulniky.sk\/news\/#organization"},"image":{"@id":"https:\/\/www.vrtulniky.sk\/news\/ochrana-dat-gdpr-na-pracovisku-zodpovedna-praca-s-osobnymi-udajmi-v-skratke\/#primaryimage"},"thumbnailUrl":"https:\/\/www.vrtulniky.sk\/news\/wp-content\/uploads\/2025\/12\/vzdelavanie-vysoka-skola-2263.jpg","keywords":["GDPR","GDPR na pracovisku","incidenty","minim\u00e1","pracovisko","pr\u00edstupov\u00e9 pr\u00e1va","\u0161ifrovanie","\u0161kolenia"],"articleSection":["Pr\u00e1ca a zamestnanie"],"inLanguage":"sk-SK","potentialAction":[{"@type":"CommentAction","name":"Comment","target":["https:\/\/www.vrtulniky.sk\/news\/ochrana-dat-gdpr-na-pracovisku-zodpovedna-praca-s-osobnymi-udajmi-v-skratke\/#respond"]}]},{"@type":"WebPage","@id":"https:\/\/www.vrtulniky.sk\/news\/ochrana-dat-gdpr-na-pracovisku-zodpovedna-praca-s-osobnymi-udajmi-v-skratke\/","url":"https:\/\/www.vrtulniky.sk\/news\/ochrana-dat-gdpr-na-pracovisku-zodpovedna-praca-s-osobnymi-udajmi-v-skratke\/","name":"Ochrana d\u00e1t: GDPR na pracovisku \u2013 Zodpovedn\u00e1 pr\u00e1ca s osobn\u00fdmi \u00fadajmi v skratke - Podnik\u00e1m, lietam a relaxujem","isPartOf":{"@id":"https:\/\/www.vrtulniky.sk\/news\/#website"},"primaryImageOfPage":{"@id":"https:\/\/www.vrtulniky.sk\/news\/ochrana-dat-gdpr-na-pracovisku-zodpovedna-praca-s-osobnymi-udajmi-v-skratke\/#primaryimage"},"image":{"@id":"https:\/\/www.vrtulniky.sk\/news\/ochrana-dat-gdpr-na-pracovisku-zodpovedna-praca-s-osobnymi-udajmi-v-skratke\/#primaryimage"},"thumbnailUrl":"https:\/\/www.vrtulniky.sk\/news\/wp-content\/uploads\/2025\/12\/vzdelavanie-vysoka-skola-2263.jpg","datePublished":"2026-01-03T22:21:32+00:00","breadcrumb":{"@id":"https:\/\/www.vrtulniky.sk\/news\/ochrana-dat-gdpr-na-pracovisku-zodpovedna-praca-s-osobnymi-udajmi-v-skratke\/#breadcrumb"},"inLanguage":"sk-SK","potentialAction":[{"@type":"ReadAction","target":["https:\/\/www.vrtulniky.sk\/news\/ochrana-dat-gdpr-na-pracovisku-zodpovedna-praca-s-osobnymi-udajmi-v-skratke\/"]}]},{"@type":"ImageObject","inLanguage":"sk-SK","@id":"https:\/\/www.vrtulniky.sk\/news\/ochrana-dat-gdpr-na-pracovisku-zodpovedna-praca-s-osobnymi-udajmi-v-skratke\/#primaryimage","url":"https:\/\/www.vrtulniky.sk\/news\/wp-content\/uploads\/2025\/12\/vzdelavanie-vysoka-skola-2263.jpg","contentUrl":"https:\/\/www.vrtulniky.sk\/news\/wp-content\/uploads\/2025\/12\/vzdelavanie-vysoka-skola-2263.jpg","width":1066,"height":1600,"caption":"Ochrana d\u00e1t: GDPR na pracovisku \u2013 Zodpovedn\u00e1 pr\u00e1ca s osobn\u00fdmi \u00fadajmi v skratke"},{"@type":"BreadcrumbList","@id":"https:\/\/www.vrtulniky.sk\/news\/ochrana-dat-gdpr-na-pracovisku-zodpovedna-praca-s-osobnymi-udajmi-v-skratke\/#breadcrumb","itemListElement":[{"@type":"ListItem","position":1,"name":"Home","item":"https:\/\/www.vrtulniky.sk\/news\/"},{"@type":"ListItem","position":2,"name":"Ochrana d\u00e1t: GDPR na pracovisku \u2013 Zodpovedn\u00e1 pr\u00e1ca s osobn\u00fdmi \u00fadajmi v skratke"}]},{"@type":"WebSite","@id":"https:\/\/www.vrtulniky.sk\/news\/#website","url":"https:\/\/www.vrtulniky.sk\/news\/","name":"Podnik\u00e1m, lietam a relaxujem","description":"Vrtu\u013en\u00edky.sk","publisher":{"@id":"https:\/\/www.vrtulniky.sk\/news\/#organization"},"potentialAction":[{"@type":"SearchAction","target":{"@type":"EntryPoint","urlTemplate":"https:\/\/www.vrtulniky.sk\/news\/?s={search_term_string}"},"query-input":{"@type":"PropertyValueSpecification","valueRequired":true,"valueName":"search_term_string"}}],"inLanguage":"sk-SK"},{"@type":"Organization","@id":"https:\/\/www.vrtulniky.sk\/news\/#organization","name":"Podnik\u00e1m, lietam a relaxujem","url":"https:\/\/www.vrtulniky.sk\/news\/","logo":{"@type":"ImageObject","inLanguage":"sk-SK","@id":"https:\/\/www.vrtulniky.sk\/news\/#\/schema\/logo\/image\/","url":"https:\/\/www.vrtulniky.sk\/news\/wp-content\/uploads\/2022\/08\/news-vrtulniky-sk-logo-e1660318023553.png","contentUrl":"https:\/\/www.vrtulniky.sk\/news\/wp-content\/uploads\/2022\/08\/news-vrtulniky-sk-logo-e1660318023553.png","width":201,"height":200,"caption":"Podnik\u00e1m, lietam a relaxujem"},"image":{"@id":"https:\/\/www.vrtulniky.sk\/news\/#\/schema\/logo\/image\/"},"sameAs":["https:\/\/www.facebook.com\/vrtulniky\/"]},{"@type":"Person","@id":"https:\/\/www.vrtulniky.sk\/news\/#\/schema\/person\/ae126fefcc8034e368ed75c8ba0d9ebe","name":"Lucie \u010cerm\u00e1kov\u00e1","url":"https:\/\/www.vrtulniky.sk\/news\/author\/lucie-cermakova\/"}]}},"_links":{"self":[{"href":"https:\/\/www.vrtulniky.sk\/news\/wp-json\/wp\/v2\/posts\/42263","targetHints":{"allow":["GET"]}}],"collection":[{"href":"https:\/\/www.vrtulniky.sk\/news\/wp-json\/wp\/v2\/posts"}],"about":[{"href":"https:\/\/www.vrtulniky.sk\/news\/wp-json\/wp\/v2\/types\/post"}],"author":[{"embeddable":true,"href":"https:\/\/www.vrtulniky.sk\/news\/wp-json\/wp\/v2\/users\/39"}],"replies":[{"embeddable":true,"href":"https:\/\/www.vrtulniky.sk\/news\/wp-json\/wp\/v2\/comments?post=42263"}],"version-history":[{"count":0,"href":"https:\/\/www.vrtulniky.sk\/news\/wp-json\/wp\/v2\/posts\/42263\/revisions"}],"wp:featuredmedia":[{"embeddable":true,"href":"https:\/\/www.vrtulniky.sk\/news\/wp-json\/wp\/v2\/media\/82263"}],"wp:attachment":[{"href":"https:\/\/www.vrtulniky.sk\/news\/wp-json\/wp\/v2\/media?parent=42263"}],"wp:term":[{"taxonomy":"category","embeddable":true,"href":"https:\/\/www.vrtulniky.sk\/news\/wp-json\/wp\/v2\/categories?post=42263"},{"taxonomy":"post_tag","embeddable":true,"href":"https:\/\/www.vrtulniky.sk\/news\/wp-json\/wp\/v2\/tags?post=42263"}],"curies":[{"name":"wp","href":"https:\/\/api.w.org\/{rel}","templated":true}]}}