{"id":4492,"date":"2022-11-05T01:58:46","date_gmt":"2022-11-05T00:58:46","guid":{"rendered":"https:\/\/www.euroekonom.sk\/?p=4492"},"modified":"2024-09-09T19:45:57","modified_gmt":"2024-09-09T17:45:57","slug":"manazerska-etiketa-obliekanie-a-rozdelenie-postavenia-osob","status":"publish","type":"post","link":"https:\/\/www.vrtulniky.sk\/news\/manazerska-etiketa-obliekanie-a-rozdelenie-postavenia-osob\/","title":{"rendered":"Mana\u017e\u00e9rska etiketa &#8211; obliekanie a rozdelenie postavenia os\u00f4b"},"content":{"rendered":"<p><strong>PREDMET: Mana\u017e\u00e9rska etika<\/strong><br \/>\n<strong>T\u00c9MA: Etiketa pri obliekan\u00ed a rozdelenie postavenia os\u00f4b<\/strong><br \/>\n<strong>Semin\u00e1rna pr\u00e1ca<\/strong><\/p>\n<h2>\u00davod<\/h2>\n<p>Mana\u017e\u00e9rska etiketa sa st\u00e1va jedn\u00fdm z najd\u00f4le\u017eitej\u0161\u00edch prvkov hlavne v obchodnom styku. Hlavne spr\u00e1vanie sa mana\u017e\u00e9rov pri v\u0161etk\u00fdch stretnutiach \u010di u\u017e so spolupracovn\u00edkmi, podriaden\u00fdmi ale aj nadriaden\u00fdmi ako aj s klientmi prin\u00e1\u0161a lep\u0161ie mo\u017enosti a konkuren\u010dne schopn\u00e9 v\u00fdhody. Mana\u017e\u00e9rska etiketa by mala patri\u0165 medzi z\u00e1kladn\u00e9 \u00falohy mana\u017e\u00e9ra, aby vedel kde a ako sa m\u00e1 spr\u00e1va\u0165 a ako sa oblieka\u0165. Ka\u017ed\u00e1 spolo\u010dnos\u0165 m\u00e1 hlavn\u00fd z\u00e1ujem dosahova\u0165 zisk, preto je potrebn\u00e9, aby si mana\u017e\u00e9ri osvojili mana\u017e\u00e9rsku etiketu, aby dok\u00e1zali \u201eoh\u00fari\u0165\u201c svoje okolie. Nako\u013eko pr\u00e1ve spr\u00e1van\u00edm a vystupovan\u00edm sa st\u00e1vaj\u00fa mana\u017e\u00e9ri ob\u013e\u00faben\u00ed nielen v kolekt\u00edve. V pr\u00e1ci sa venujeme z\u00e1kladn\u00e9mu pojmu a to etikete, mana\u017e\u00e9rskej etikete a protokolu.<\/p>\n<h2>Mana\u017e\u00e9rska etiketa<\/h2>\n<p>\u010co je to etiketa? Ak\u00e1 je defin\u00edcia etikety? Etiketa je definovan\u00e1 vo viacer\u00fdch knih\u00e1ch a pr\u00edru\u010dk\u00e1ch, preto sa budeme sna\u017ei\u0165 si ju zadefinova\u0165 \u010do najjednoduch\u0161ie.<br \/>\nJedn\u00fdm z najzauj\u00edmavej\u0161\u00edch defin\u00edci\u00ed etikety je pod\u013ea Ott\u00fava z roku 1894. Definuje ju nasledovne: \u201e<em>Etiketa je s\u00fabor ist\u00fdch zvykov a oby\u010dajov vo vonkaj\u0161om styku spolo\u010denskom, \u010do s\u00fa v\u00fdrazom vz\u0165ahu, spolo\u010denskej hodnoty a ceny os\u00f4b spolu so st\u00fdkaj\u00facimi. P\u00f4vod etikety je n\u00e1bo\u017eensk\u00fd a vyjadruje \u00factu pred t\u00fdm komu sa preukazuje<\/em>.\u201c<a href=\"#_ftn1\" name=\"_ftnref1\"><sup><sup>[1]<\/sup><\/sup><\/a><br \/>\nNesk\u00f4r Masarykov slovn\u00edk definoval etiketu nasledovne:\u201e <em>N\u00e1zov pre sp\u00f4soby spolo\u010densk\u00e9, r\u00f4zne odstup\u0148ovan\u00e9 pod\u013ea hodnosti a d\u00f4stojnosti, pre zdvorilos\u0165 a upraven\u00e9 pravidl\u00e1.\u201c<sup><strong><sup><a href=\"#_ftn2\" name=\"_ftnref2\">[2]<\/a><\/sup><\/strong><\/sup><\/em><br \/>\nEtiketa je s\u00faborom:<\/p>\n<ul>\n<li>pravidiel spolo\u010densk\u00e9ho spr\u00e1vania,<\/li>\n<li>dodr\u017eiavania pravidiel,<\/li>\n<li>slu\u0161nosti,<\/li>\n<li>zdvorilosti<\/li>\n<\/ul>\n<p>Alebo spolo\u010densk\u00fa etiketu naz\u00fdvame s\u00faborom pravidiel spolo\u010densk\u00e9ho spr\u00e1vania. Ur\u010duje spr\u00e1vanie v konkr\u00e9tnych situ\u00e1ci\u00e1ch, vedie k empatii, oh\u013eaduplnosti, k citlivej\u0161iemu pr\u00edstupu k ostatn\u00fdm, vedie k \u00facte k \u013eudom v okol\u00ed. Pravidl\u00e1 etikety formalizuj\u00fa vz\u0165ahy medzi \u013eu\u010fmi.<br \/>\nSlu\u0161nos\u0165 je vroden\u00e1, ale zdvorilos\u0165 je nutn\u00e9 sa u\u010di\u0165. Jej z\u00e1kladom je \u00facta a oh\u013eaduplnos\u0165.<br \/>\nZdvorilos\u0165 je \u00famyseln\u00e9 obmedzenie vlastn\u00e9ho individualizmu a egoizmu, je takzvan\u00fdm dobrovo\u013en\u00fdm podriaden\u00edm sa platn\u00fdm norm\u00e1m a pravidl\u00e1m spolo\u010densk\u00e9ho \u017eivota. Samozrejme najd\u00f4le\u017eitej\u0161\u00edmi vlastnos\u0165ami \u010dloveka s\u00fa takt a empatia. <a href=\"#_ftn3\" name=\"_ftnref3\"><sup><sup>[3]<\/sup><\/sup><\/a><br \/>\n\u201e<em>Etiketa je svojou podstatou konzervat\u00edvny prvok v spr\u00e1van\u00ed, m\u00e1 d\u00f4le\u017eit\u00fa stabiliza\u010dn\u00fa funkciu v spolo\u010dnosti, a preto by ju m\u00f3dne novinky nemali rozkol\u00edsa\u0165. Spolo\u010densk\u00e9 spr\u00e1vanie prest\u00e1va by\u0165 s\u00fakromnou vecou \u010dloveka, ale st\u00e1va sa aj nutnou pracovnou podmienkou<\/em>.\u201c <a href=\"#_ftn4\" name=\"_ftnref4\"><sup><sup>[4]<\/sup><\/sup><\/a><br \/>\nV pr\u00e1ci sa venujeme mana\u017e\u00e9rskej etikete, a preto je potrebn\u00e9 poznamena\u0165, \u017ee mana\u017e\u00e9r je hlavn\u00fdm \u010dl\u00e1nkom organiz\u00e1cie. Mana\u017e\u00e9rske rozhodnutia s\u00fa z\u00e1va\u017en\u00e9 a maj\u00fa ve\u013ek\u00fd vplyv na chod organiz\u00e1cie. Najz\u00e1kladnej\u0161\u00edm faktorom s\u00fa efekt\u00edvni mana\u017e\u00e9ri, ktor\u00ed musia ma\u0165 potrebn\u00e9 vedomosti, sk\u00fasenosti a schopnosti.<br \/>\nMana\u017e\u00e9rska etiketa:<\/p>\n<ul>\n<li>prv\u00fd dojem,<\/li>\n<li>oble\u010denie,<\/li>\n<li>zdvoril\u00e9 a konkr\u00e9tne jednanie,<\/li>\n<li>zodpovednos\u0165,<\/li>\n<li>re\u0161pektovanie podriaden\u00fdch,<\/li>\n<li>priznanie si viny,<\/li>\n<li>\u00facta ku kolegom.<a href=\"#_ftn5\" name=\"_ftnref5\"><sup><sup>[5]<\/sup><\/sup><\/a><\/li>\n<\/ul>\n<p>Zvl\u00e1\u0161\u0165 pre mana\u017e\u00e9ra pohybuj\u00faceho sa v medzin\u00e1rodn\u00fdch podnikoch je d\u00f4le\u017eit\u00e9 to, aby d\u00f4stojne vedel vych\u00e1dza\u0165 s \u013eu\u010fmi <em>:\u201c Rozhoduj\u00facimi kompetenciami mana\u017e\u00e9ra zajtraj\u0161ka nie s\u00fa pr\u00e1ve jeho odborn\u00e9 znalosti, ale pr\u00e1ve schopnos\u0165 prisp\u00f4sobi\u0165 sa \u013eu\u010fom in\u00fdch kult\u00far<\/em>\u201c tvrd\u00ed \u0161t\u00fadia, ktor\u00fa vypracovala poradensk\u00e1 agent\u00fara Ernst &amp; Young.<a href=\"#_ftn6\" name=\"_ftnref6\"><sup><sup>[6]<\/sup><\/sup><\/a><br \/>\nPod\u013ea Majt\u00e1na (2007) je mana\u017ement ako proces, praktick\u00e1 \u010dinnos\u0165 mana\u017e\u00e9ra. Je to dynamick\u00fd proces, ktor\u00fd zah\u0155\u0148a definovanie cie\u013eov, ako aj realiz\u00e1ciu a kontrolu cie\u013eov. Na z\u00e1klade toho ja mana\u017e\u00e9rom \u010dlovek, ktor\u00fd m\u00e1 vykon\u00e1va\u0165 v\u0161etky \u010dinnosti a \u00falohy.<\/p>\n<h2>Rozdelenie postavenia os\u00f4b<\/h2>\n<p>Z\u00e1kladom je rozozn\u00e1vanie spolo\u010denskej a hospod\u00e1rskej etikety, v spolo\u010denskej uprednost\u0148ujeme star\u0161ieho pred mu\u017eom, \u017eenu pred mu\u017eom ale pod\u013ea hospod\u00e1rskeho nadriaden\u00e9ho pred podriaden\u00fdm, a berie sa do \u00favahy postavenie v podnikovej hierarchii. <a href=\"#_ftn7\" name=\"_ftnref7\"><sup><sup>[7]<\/sup><\/sup><\/a><br \/>\nEtiketa ako s\u00fabor pravidiel slu\u0161n\u00e9ho chovania zasahuje do najvy\u0161\u0161\u00edch vrstiev spolo\u010densk\u00fdch kruhov, ale ovplyv\u0148uje cel\u00fa spolo\u010dnos\u0165, premieta sa aj do profesion\u00e1lneho \u017eivota pracuj\u00facich os\u00f4b v r\u00f4znych povolaniach. \u201e <em>Je to schopnos\u0165 chova\u0165 sa k in\u00fdm \u013eudom taktne, profesion\u00e1lne, elegantne, ak s nimi prich\u00e1dzame do styku v pracovnej rovine, ak sme spolupracovn\u00edci alebo aj ke\u010f zastupujeme firmu<\/em>.\u201c<a href=\"#_ftn8\" name=\"_ftnref8\"><sup><sup>[8]<\/sup><\/sup><\/a><br \/>\nPreto je d\u00f4le\u017eit\u00e9 si uvedomi\u0165 spolo\u010densk\u00fa v\u00fdznamnos\u0165 os\u00f4b. T\u00e1 predstavuje z\u00e1kladn\u00fa normu spolo\u010denskej etikety. S\u00fa to krit\u00e9ria, na z\u00e1klade ktor\u00fdch del\u00edme \u010dlenov spolo\u010dnosti na v\u00fdznamnej\u0161\u00edch a spolo\u010densky menej v\u00fdznamn\u00fdch. Neexistuje univerz\u00e1lne pravidlo na z\u00e1klade ktor\u00e9ho, by bolo mo\u017en\u00e9 presne stanovi\u0165 spolo\u010densk\u00e9 postavenie osoby v danej situ\u00e1ci\u00ed. V\u017edy prezentujeme mieru na\u0161ej slu\u0161nosti, taktu a znalosti spolo\u010denskej etikety. Pri rozhodovan\u00ed o najd\u00f4le\u017eitej\u0161om postaven\u00ed osoby vych\u00e1dzame v\u017edy z 3 krit\u00e9ri\u00ed, ktor\u00e9 si m\u00f4\u017eeme pozrie\u0165 na obr\u00e1zku 1. Tieto krit\u00e9ria s\u00fa re\u0161pektovan\u00e9 v be\u017enom spolo\u010denskom \u017eivote vo v\u0161etk\u00fdch krajin\u00e1ch. Preto je v nich \u017eena v\u017edy spolo\u010densky najv\u00fdznamnej\u0161ou osobou. Pomocou sch\u00e9my je mo\u017en\u00e9 v\u017edy bez probl\u00e9mov rie\u0161i\u0165 \u0161tandardn\u00e9 situ\u00e1cie. Ale v\u017edy m\u00e1 prednos\u0165 \u017eena pred mu\u017eom, star\u0161\u00ed pred mlad\u0161\u00edm a nadriaden\u00fd pred podriaden\u00fdm. V pr\u00edpade, ak sa n\u00e1m tieto krit\u00e9ria prel\u00ednaj\u00fa, je rie\u0161en\u00edm prejav n\u00e1\u0161ho taktu. Pr\u00edkladom m\u00f4\u017ee by\u0165 napr\u00edklad situ\u00e1cia, kedy sa stretne mlad\u00fd riadite\u013e so svojou star\u0161ou zamestnanky\u0148ou, mladej d\u00e1my s chor\u00fdm mu\u017eom a pod. <a href=\"#_ftn9\" name=\"_ftnref9\"><sup><sup>[9]<\/sup><\/sup><\/a><\/p>\n<h2>Dress code<\/h2>\n<p>Vhodn\u00e9 vystupovanie, je ovplyvnen\u00e9 vhodn\u00fdm oble\u010den\u00edm a pr\u00e1ve to tvor\u00ed viac ne\u017e polovicu \u00faspechu. Patr\u00ed k neverb\u00e1lnej komunik\u00e1ci\u00ed. Na z\u00e1klade oble\u010denia na \u013eud\u00ed rob\u00edme dojem. A\u017e 55% tvor\u00ed prv\u00fd dojem pr\u00e1ve oble\u010denie. Samozrejme aj hygiena je ve\u013emi d\u00f4le\u017eit\u00e1. Celkov\u00fd dojem n\u00e1\u0161ho zov\u0148aj\u0161ka mus\u00ed p\u00f4sobi\u0165 \u010disto. Samozrejme pri v\u00fdbere oble\u010denia je potrebn\u00e9 nedostatky tela zakry\u0165 a samozrejme prednosti zd\u00f4razni\u0165. Oble\u010denie sa st\u00e1va prezent\u00e1ciou osobnosti. Mus\u00edme dosahova\u0165 harm\u00f3niu v\u0161etk\u00fdch prvkov oble\u010denia (farby, materi\u00e1l). Mali by by\u0165 konzervat\u00edvne a form\u00e1lne. Elegancia spo\u010d\u00edva v jednoduchosti. V pr\u00edpade pozv\u00e1nok na akciu, by mala ka\u017ed\u00e1 obsahova\u0165 pokyn na oble\u010denie na dan\u00fa pr\u00edle\u017eitos\u0165 a to s\u00fa:<\/p>\n<ul>\n<li>Smoking (black tie) smoking alebo aj \u010dierny alebo modro\u010dierny oblek s bielou ko\u0161e\u013eou a \u010diernym mot\u00fdlikom. \u017deny si obliekaj\u00fa naj\u010dastej\u0161ie ve\u010dern\u00fa toaletu.<\/li>\n<li>Frak (white tie), patr\u00ed medzi najelegantnej\u0161ie oble\u010denie pre p\u00e1nov pozost\u00e1va z \u010dierneho jednoradov\u00e9ho fraku s leskl\u00fdmi chlop\u0148ami, z nohav\u00edc bez man\u017eiet, z vesty s bielou ko\u0161e\u013eou. Mana\u017e\u00e9rky nosia ve\u013ek\u00fa ve\u010dern\u00fa toaletu.<\/li>\n<li>Neform\u00e1lne oble\u010denie (casual), vtedy sa jedn\u00e1 o oble\u010denie pre p\u00e1nov bez kravaty, z\u00e1vis\u00ed od situ\u00e1cie, golf- golfov\u00e9 \u0161portov\u00e9 oble\u010denie.<\/li>\n<li>Tmav\u00fd oblek (informal,) pre p\u00e1nov je to tmav\u00fd oblek s kravatou, \u017eeny si obliekaj\u00fa kost\u00fdm a to je oble\u010denie, ktor\u00e9 vyu\u017e\u00edvaj\u00fa ka\u017ed\u00fd de\u0148.<a href=\"#_ftn10\" name=\"_ftnref10\"><sup><sup>[10]<\/sup><\/sup><\/a><\/li>\n<\/ul>\n<p>V pr\u00edpade ak sa na pozv\u00e1nke neuv\u00e1dza oble\u010denie, plat\u00ed pravidlo \u201etmav\u00e9ho obleku\u201c alebo potom neform\u00e1lne oble\u010denie takzvan\u00e9 \u201ecasual\u201c.<\/p>\n<h2>Oble\u010denie mana\u017e\u00e9ra<\/h2>\n<p>Pod\u013ea Hlav\u010d\u00e1kovej (2004) je imid\u017e mana\u017e\u00e9ra: \u201e<em>Vhodne oble\u010den\u00fd mu\u017e nep\u00fata na seba pozornos\u0165 v\u00fdstrednos\u0165ou ani m\u00f3dnos\u0165ou. K z\u00e1kladn\u00fdm krit\u00e9ri\u00e1m elegancie patr\u00ed kvalitn\u00fd materi\u00e1l, jednoduch\u00fd strih, dokonal\u00e9 u\u0161itie, vkusn\u00e9 doplnky. Odev do pr\u00e1ce je klasick\u00fd a to je oblek, ko\u0161e\u013ea a viazanka. Jednofarebn\u00e9 l\u00e1tky a nen\u00e1padn\u00e9 vzory nikdy ni\u010d nepokazia<\/em>.\u201c <a href=\"#_ftn11\" name=\"_ftnref11\"><sup><sup>[11]<\/sup><\/sup><\/a><br \/>\nZ\u00e1kladom v\u00fdberu oble\u010denia je v\u00fdber tradi\u010dn\u00e9ho a kvalitn\u00e9ho modr\u00e9ho alebo siv\u00e9ho obleku. V lete je mo\u017en\u00e9 si obliec\u0165 aj svetlej\u0161ie farby, ako odtiene hnedej a pod. Av\u0161ak po 18. hodine sa odpor\u00fa\u010da \u010dierny oblek. Gomb\u00edky v sede m\u00f4\u017eu by\u0165 rozopnut\u00e9, ale ako n\u00e1hla sa mu\u017e postav\u00ed je potrebn\u00e9 gomb\u00edky zapn\u00fa\u0165. Mana\u017e\u00e9r vo svojej kancel\u00e1ri\u00ed m\u00f4\u017ee pracova\u0165 bez saka ale pri odchode ho v\u017edy mus\u00ed ma\u0165 zapnut\u00e9 Preplnen\u00e9 vreck\u00e1 na nohaviciach ako aj na saku s\u00fa nepr\u00edpustn\u00e9. Pozor na hrkotanie k\u013e\u00fa\u010dov alebo cinkot minc\u00ed, to p\u00fata pozornos\u0165. Nohavice maj\u00fa siaha\u0165 na top\u00e1nky a vzadu na za\u010diatok podp\u00e4tkov, pri kombin\u00e1ci\u00ed oblekov a nohav\u00edc nie je podstatn\u00e9 farebn\u00e9 rozl\u00ed\u0161enie, ale musia by\u0165 z jedn\u00e9ho materi\u00e1lu. Vesta bez saka nie je elegantn\u00e9 oble\u010denie. Vesta ak patr\u00ed k obleku sa nezap\u00edna posledn\u00fd gomb\u00edk a je potrebn\u00e9, aby bola vesta u\u0161it\u00e1 z rovnak\u00e9ho materi\u00e1lu, v pr\u00edpade ko\u0161ie\u013e sa jedn\u00e1 o jednofarebn\u00e9 ko\u0161ele popr\u00edpade s jemn\u00fdm vzorkovan\u00edm Ak ide o spolo\u010densk\u00fd v\u00fdznamn\u00fa udalos\u0165 v\u017edy ko\u0161e\u013ea mus\u00ed by\u0165 jednofarebn\u00e1. A pod ko\u0161e\u013eou je potrebn\u00e9 si da\u0165 aj tielko, ktor\u00e9 zadr\u017eiava zbyto\u010dn\u00fa vlahu pri nadmernom poten\u00ed. Kravata mus\u00ed harmonizova\u0165 s ostatn\u00fdmi prvkami oble\u010denia a pova\u017eujeme ju za to, \u017ee sa pomocou nej d\u00e1 prezentova\u0165 osobnos\u0165 mana\u017e\u00e9ra. Charakter kravaty ur\u010duje jej viazanie.<br \/>\nTop\u00e1nky by mali by\u0165 zrkadlom ich nosite\u013ea, v\u017edy maj\u00fa by\u0165 \u010dist\u00e9, mali by to by\u0165 \u0161nurovacie poltop\u00e1nky s tenkou ko\u017eenou podo\u0161vou. Predov\u0161etk\u00fdm \u010diernej farby. Mana\u017e\u00e9ri maj\u00fa nosi\u0165 samozrejme poltop\u00e1nky aj cez leto, sand\u00e1le a \u0161\u013eapky sa nosia z\u00e1sadne len na oddychov\u00e9 pr\u00edle\u017eitosti. Do top\u00e1nok samozrejme patria aj pono\u017eky tie by mali harmonizova\u0165 s farbou nohav\u00edc, samozrejme by farba pono\u017eiek nemala by\u0165 bled\u0161ia ako farba nohav\u00edc, d\u013a\u017eka pono\u017eky je tie\u017e ve\u013emi d\u00f4le\u017eit\u00e1, je potrebn\u00e9, aby neboli kr\u00e1tke, nako\u013eko ak by sa pri sadan\u00ed odhalila noha mu\u017ea, je to nepr\u00edpustn\u00e9. Najviac sa odpor\u00fa\u010da d\u013a\u017eka pribli\u017ene 28 cm. Nohavice by mali ma\u0165 opasok vyroben\u00fd z ko\u017ee, \u0161irok\u00fd pribli\u017ene 3-4 cm a mal by ma\u0165 jemne opracovan\u00fa sponu z kovu, ktor\u00fd lad\u00ed nie len \u0161t\u00fdlovo ale aj farebne s oble\u010den\u00edm. Av\u0161ak opasok sa z\u00e1sadne nenos\u00ed k fraku a smokingu Je potrebn\u00e9 dba\u0165 d\u00f4raz aj na doplnky ako s\u00fa hodinky a \u0161perky, musia sa celkovo prisp\u00f4sobi\u0165 vzh\u013eadu. N\u00e1ramok alebo retiazka by mali by\u0165 decentne pod ko\u0161e\u013eou.<br \/>\nMana\u017e\u00e9ri maj\u00fa v\u017edy pri sebe ve\u013ea vec\u00ed, preto odpor\u00fa\u010dame nosi\u0165 aktovku alebo obal na dokumenty.<\/p>\n<h2>Oble\u010denie mana\u017e\u00e9rky<\/h2>\n<p>Pod\u013ea Hlav\u010d\u00e1kov\u00e1 (2004, str. 143) imid\u017e mana\u017e\u00e9rky opisuje nasledovne: \u201e<em>V zamestnanosti je treba up\u00fata\u0165 profesion\u00e1lnymi schopnos\u0165ami, n\u00e1padn\u00fd zov\u0148aj\u0161ok sa pova\u017euje za nevhodn\u00fd<\/em>.\u201c <a href=\"#_ftn12\" name=\"_ftnref12\"><sup><sup>[12]<\/sup><\/sup><\/a><br \/>\nSamozrejme aj oble\u010denie mana\u017e\u00e9rky ma sp\u013a\u0148a\u0165 viacer\u00e9 po\u017eiadavky. Hlavne tie\u017e mus\u00ed by\u0165 elegantn\u00e9. Mala by prevl\u00e1da\u0165 \u017eenskos\u0165, cit pre m\u00f3du, osobnos\u0165 a samozrejme prisp\u00f4sobova\u0165 sa povolaniu. Nie je dovolen\u00e9 oblieka\u0165 sa vyz\u00fdvavo s ve\u013ek\u00fdm dekoltom, s priesvitnou bl\u00fazkou, popr\u00edpade do kr\u00e1tkych sukn\u00ed. Z\u00e1kladom imid\u017eu mana\u017e\u00e9rky sa pova\u017euj\u00fa predov\u0161etk\u00fdm kost\u00fdmi alebo \u0161aty klasick\u00e9ho strihu, pridaj\u00fa na elegantnosti, seri\u00f3znosti ako aj \u017eenskosti. Odpor\u00fa\u010dame hlavne jednofarebn\u00e9 kost\u00fdmi, bu\u010f nohavicov\u00e9 alebo suk\u0148ov\u00e9. Suk\u0148a by mala siaha\u0165 a\u017e ku kolen\u00e1m. Nohy by nikdy nemali byt odhalen\u00e9 a mali by sa st\u00e1le nosi\u0165 nylonov\u00e9 pan\u010duchy, hlavne neutr\u00e1lnej farby- telov\u00e9. Bl\u00fazka je odpor\u00fa\u010dan\u00e1 hlavne snehovo bielej farby, samozrejme s\u00fa dovolen\u00e9 aj in\u00e9 farby, nie v\u0161ak ve\u013emi v\u00fdrazn\u00fdch farieb. Zamestnan\u00e1 \u017eena si nem\u00f4\u017ee dovoli\u0165 odhali\u0165 ramen\u00e1, m\u00e1 nosi\u0165 zvr\u0161ky s kr\u00e1tkymi, dlh\u00fdmi alebo troj\u0161tvr\u0165ov\u00fdmi ruk\u00e1vmi. Top\u00e1nky by mali by\u0165 z kvalitn\u00e9ho materi\u00e1lu ako je ko\u017ea. Naj\u010dastej\u0161ie sa nosia lodi\u010dky s polovysok\u00fdm op\u00e4tkom a uzavretou \u0161pi\u010dkou. Vyu\u017e\u00edvaj\u00fa kabelky, aktovky, dokonca obal na spisy, nako\u013eko do kabelky dokumenty nepatria. Najelegantnej\u0161ie by mali by\u0165 z ko\u017ee. Opasok m\u00e1 rovnak\u00e9 pravidl\u00e1 ako pri mu\u017eoch. Pracka by mala by\u0165 jemn\u00e1 a kvalitn\u00e1. Doplnky u \u017eien s\u00fa hlavne hodinky a \u0161perky, tie by mali by\u0165 hlavne z prav\u00e9ho zlata alebo striebra. Mali by by\u0165 vyzdoben\u00e9 mal\u00fdmi drah\u00fdmi kame\u0148mi pri\u010dom mus\u00ed by\u0165 dodr\u017ean\u00e1 striedmos\u0165. N\u00e1u\u0161nice nemaj\u00fa by\u0165 dominantn\u00e9. To \u010do je pre mu\u017ea kravata by mali by\u0165 pre \u017eenu n\u00e1u\u0161nice a n\u00e1hrdeln\u00edk.<br \/>\nDoplnkom sa d\u00e1 \u010do sa t\u00fdka \u017eien naz\u00fdva\u0165 aj mejkap, l\u00ed\u010denie do pr\u00e1ce m\u00e1 by\u0165 jemn\u00e9 a prirodzen\u00e9, samozrejme \u010do sa t\u00fdka nechtov, plat\u00ed tu tie\u017e konzervat\u00edvnos\u0165, nedovo\u013euj\u00fa sa v\u00fdrazn\u00e9 farby nechtov. <sup><sup><a href=\"#_ftn13\" name=\"_ftnref13\">[13]<\/a><\/sup><\/sup><\/p>\n<h2>Z\u00e1ver<\/h2>\n<p>V pr\u00e1ci sa zameriavame na spolo\u010densk\u00e9 etiketu pri obchodnom ako i v ka\u017edodennom styku. Venujeme sa z\u00e1kladn\u00fdm charakteristik\u00e1m s\u00favisiacich pojmov so spolo\u010denskou v\u00fdchovou.<br \/>\nSpolo\u010densk\u00e1 v\u00fdchova predstavuje proces ved\u00faci k z\u00edskavaniu znalost\u00ed v oblasti spolo\u010densk\u00e9ho styku. Ide o v\u00fdchovu, pri ktorej sa zameriavame na vz\u00e1jomn\u00fd styk \u013eud\u00ed a o ich chovanie v spolo\u010dnosti.<br \/>\nEtiketa je charakterizovan\u00e1 hlavne slu\u0161nos\u0165ou, zdvorilos\u0165ou a taktom. Preto mus\u00edme poznamena\u0165, \u017ee pr\u00e1ve poskytovanie spolo\u010denskej prednosti je prejavom \u00facty k veku, vz\u0165ahu, k pohlaviu ako aj postaveniu osoby.<br \/>\nPod\u013ea Masarykovho n\u00e1u\u010dn\u00e9ho slovn\u00edka je mana\u017e\u00e9rska etiketa <em>:\u201c N\u00e1zov pre spolo\u010densk\u00e9 sp\u00f4soby, ktor\u00e9 s\u00fa r\u00f4zne odstup\u0148ovan\u00e9 na z\u00e1klade hodnosti a d\u00f4stojnosti, pre zdvorilos\u0165 ur\u010den\u00fa pravidlami<\/em>.\u201c<a href=\"#_ftn14\" name=\"_ftnref14\"><sup><sup>[14]<\/sup><\/sup><\/a><\/p>\n<h2>Zoznam literat\u00fary<\/h2>\n<p>BOREC,T. 2007. Modern\u00e1 biznis etiketa pre mana\u017e\u00e9rov. Bratislava : Neopublic Porter Novelli, 2007. 132 s. ISBN 80-969-817-62.<br \/>\nHLAV\u010c\u00c1KOV\u00c1,S. 2004. Etiketa a protokol. Bratislava : Univerzita Komensk\u00e9ho<br \/>\nBratislava,2004. 188 s. ISBN 80-223-1875-2.<br \/>\n\u0160RONEK, I.,1995. Etiketa a etika v podnik\u00e1n\u00ed, Management Press, Praha 1995, s. 18<br \/>\nVORL\u00cd\u010cKOV\u00c1,J. 2001. Spolo\u010densk\u00fd protokol v podnikan\u00ed. Bratislava : Ekon\u00f3m, 2001. 84 s. ISBN 978-80-225-2758-3.<\/p>\n<h2>Internetov\u00e9 zdroje<\/h2>\n<p>Etiketa. Dostupn\u00e9 na: &lt; http:\/\/www.mba-strategy.sk\/files\/Dokumenty\/etiketa.pdf &gt; Cit [2014-09-18]<br \/>\nSpolo\u010densk\u00e1 etiketa. Dostupn\u00e9 na &lt;http:\/\/www.spolocenskaetiketa.sk\/&gt; Cit [2014-09-01]<br \/>\nDostupn\u00e9 na: &lt;<a href=\"https:\/\/www.slideshare.net\/slideshow\/manarska-etika-a-etiketa\/30548068\">https:\/\/www.slideshare.net\/slideshow\/manarska-etika-a-etiketa\/30548068<\/a>&gt; Cit [2014-09-20]<br \/>\nSlu\u0161n\u00e9 spr\u00e1vanie. Dostupn\u00e9 na: &lt; http(:\/\/kariera.ihned.cz\/c1-16639120-profesni-uspech-vyzaduje-slusne-chovani- 4\/1\/2010)&gt; Cit [2014-09-14]<br \/>\n<a href=\"#_ftnref1\" name=\"_ftn1\"><sup><sup>[1]<\/sup><\/sup><\/a> Ivan \u0160ron\u011bk, Etiketa a etika v podnik\u00e1n\u00ed, Management Press, Praha 1995, s. 18<br \/>\n<a href=\"#_ftnref2\" name=\"_ftn2\"><sup><sup>[2]<\/sup><\/sup><\/a> Ivan \u0160ron\u011bk, Etiketa a etika v podnik\u00e1n\u00ed, Management Press, Praha 1995, s.<br \/>\n<a href=\"#_ftnref3\" name=\"_ftn3\"><sup><sup>[3]<\/sup><\/sup><\/a> http:\/\/www.spolocenskaetiketa.sk\/<br \/>\n<a href=\"#_ftnref4\" name=\"_ftn4\"><sup><sup>[4]<\/sup><\/sup><\/a> http:\/\/www.slideshare.net\/antonsmatanik\/manarska-etika-a-etiketa<br \/>\n<a href=\"#_ftnref5\" name=\"_ftn5\"><sup><sup>[5]<\/sup><\/sup><\/a> http:\/\/www.slideshare.net\/antonsmatanik\/manarska-etika-a-etiketa<br \/>\n<a href=\"#_ftnref6\" name=\"_ftn6\"><sup><sup>[6]<\/sup><\/sup><\/a> http(:\/\/kariera.ihned.cz\/c1-16639120-profesni-uspech-vyzaduje-slusne-chovani- 4\/1\/2010)<br \/>\n<a href=\"#_ftnref7\" name=\"_ftn7\"><sup><sup>[7]<\/sup><\/sup><\/a> VORL\u00cd\u010cKOV\u00c1,J. 2001. Spolo\u010densk\u00fd protokol v podnikan\u00ed. Bratislava : Ekon\u00f3m, 2001. 84 ISBN 978-80-225-2758-3.<br \/>\n<a href=\"#_ftnref8\" name=\"_ftn8\"><sup><sup>[8]<\/sup><\/sup><\/a> 10 http:\/\/www.chovani.eu\/clanky\/zobrazit\/204-P- 4\/1\/2010<br \/>\n<a href=\"#_ftnref9\" name=\"_ftn9\"><sup><sup>[9]<\/sup><\/sup><\/a>http:\/\/www.mba-strategy.sk\/files\/Dokumenty\/etiketa.pdf<br \/>\n<a href=\"#_ftnref10\" name=\"_ftn10\"><sup><sup>[10]<\/sup><\/sup><\/a> BOREC,T. 2007. Modern\u00e1 biznis etiketa pre mana\u017e\u00e9rov. Bratislava : Neopublic Porter Novelli, 2007. 132 s. ISBN 80-969-817-62.<br \/>\n<a href=\"#_ftnref11\" name=\"_ftn11\"><sup><sup>[11]<\/sup><\/sup><\/a>HLAV\u010c\u00c1KOV\u00c1,S. 2004. Etiketa a protokol. Bratislava : Univerzita Komensk\u00e9ho Bratislava,2004. 188 s. ISBN 80-223-1875-2.<br \/>\n<a href=\"#_ftnref12\" name=\"_ftn12\"><sup><sup>[12]<\/sup><\/sup><\/a>HLAV\u010c\u00c1KOV\u00c1,S. 2004. Etiketa a protokol. Bratislava : Univerzita Komensk\u00e9ho Bratislava,2004. 188 s. ISBN 80-223-1875-2.<br \/>\n<a href=\"#_ftnref13\" name=\"_ftn13\"><sup><sup>[13]<\/sup><\/sup><\/a> HLAV\u010c\u00c1KOV\u00c1,S. 2004. Etiketa a protokol. Bratislava : Univerzita Komensk\u00e9ho Bratislava,2004. 188 s. ISBN 80-223-1875-2.<br \/>\n<a href=\"#_ftnref14\" name=\"_ftn14\"><sup><sup>[14]<\/sup><\/sup><\/a> Masaryk, Praha, 1925<\/p>\n","protected":false},"excerpt":{"rendered":"<p>PREDMET: Mana\u017e\u00e9rska etika T\u00c9MA: Etiketa pri obliekan\u00ed a rozdelenie postavenia os\u00f4b Semin\u00e1rna pr\u00e1ca \u00davod Mana\u017e\u00e9rska etiketa sa st\u00e1va jedn\u00fdm z najd\u00f4le\u017eitej\u0161\u00edch prvkov hlavne v obchodnom &hellip; <\/p>\n","protected":false},"author":9,"featured_media":24830,"comment_status":"open","ping_status":"closed","sticky":false,"template":"","format":"standard","meta":{"footnotes":""},"categories":[62,553],"tags":[],"class_list":["post-4492","post","type-post","status-publish","format-standard","has-post-thumbnail","hentry","category-manazment","category-vzdelavam-sa"],"yoast_head":"<!-- This site is optimized with the Yoast SEO plugin v27.5 - https:\/\/yoast.com\/product\/yoast-seo-wordpress\/ -->\n<title>Mana\u017e\u00e9rske etiketa dress code<\/title>\n<meta name=\"description\" content=\"Mana\u017e\u00e9rska etiketa - kde a ako sa m\u00e1 spr\u00e1va\u0165 a ako sa oblieka\u0165. V pr\u00e1ci sa venujeme z\u00e1kladn\u00e9mu pojmu a to etikete, mana\u017e\u00e9rskej etikete a protokolu.\" \/>\n<meta name=\"robots\" content=\"index, follow, max-snippet:-1, max-image-preview:large, max-video-preview:-1\" \/>\n<link rel=\"canonical\" href=\"https:\/\/www.vrtulniky.sk\/news\/manazerska-etiketa-obliekanie-a-rozdelenie-postavenia-osob\/\" \/>\n<meta property=\"og:locale\" content=\"sk_SK\" \/>\n<meta property=\"og:type\" content=\"article\" \/>\n<meta property=\"og:title\" content=\"Mana\u017e\u00e9rske etiketa dress code\" \/>\n<meta property=\"og:description\" content=\"Mana\u017e\u00e9rska etiketa - kde a ako sa m\u00e1 spr\u00e1va\u0165 a ako sa oblieka\u0165. V pr\u00e1ci sa venujeme z\u00e1kladn\u00e9mu pojmu a to etikete, mana\u017e\u00e9rskej etikete a protokolu.\" \/>\n<meta property=\"og:url\" content=\"https:\/\/www.vrtulniky.sk\/news\/manazerska-etiketa-obliekanie-a-rozdelenie-postavenia-osob\/\" \/>\n<meta property=\"og:site_name\" content=\"Podnik\u00e1m, lietam a relaxujem\" \/>\n<meta property=\"article:publisher\" content=\"https:\/\/www.facebook.com\/vrtulniky\/\" \/>\n<meta property=\"article:published_time\" content=\"2022-11-05T00:58:46+00:00\" \/>\n<meta property=\"article:modified_time\" content=\"2024-09-09T17:45:57+00:00\" \/>\n<meta property=\"og:image\" content=\"https:\/\/www.vrtulniky.sk\/news\/wp-content\/uploads\/2022\/08\/ekonomicke-problemy.jpg\" \/>\n\t<meta property=\"og:image:width\" content=\"897\" \/>\n\t<meta property=\"og:image:height\" content=\"743\" \/>\n\t<meta property=\"og:image:type\" content=\"image\/jpeg\" \/>\n<meta name=\"author\" content=\"misha1804\" \/>\n<meta name=\"twitter:card\" content=\"summary_large_image\" \/>\n<meta name=\"twitter:label1\" content=\"Autor\" \/>\n\t<meta name=\"twitter:data1\" content=\"misha1804\" \/>\n\t<meta name=\"twitter:label2\" content=\"Predpokladan\u00fd \u010das \u010d\u00edtania\" \/>\n\t<meta name=\"twitter:data2\" content=\"13 min\u00fat\" \/>\n<script type=\"application\/ld+json\" class=\"yoast-schema-graph\">{\"@context\":\"https:\\\/\\\/schema.org\",\"@graph\":[{\"@type\":\"Article\",\"@id\":\"https:\\\/\\\/www.vrtulniky.sk\\\/news\\\/manazerska-etiketa-obliekanie-a-rozdelenie-postavenia-osob\\\/#article\",\"isPartOf\":{\"@id\":\"https:\\\/\\\/www.vrtulniky.sk\\\/news\\\/manazerska-etiketa-obliekanie-a-rozdelenie-postavenia-osob\\\/\"},\"author\":{\"name\":\"misha1804\",\"@id\":\"https:\\\/\\\/www.vrtulniky.sk\\\/news\\\/#\\\/schema\\\/person\\\/4ee25e34f71d057c36479146ee123805\"},\"headline\":\"Mana\u017e\u00e9rska etiketa &#8211; obliekanie a rozdelenie postavenia os\u00f4b\",\"datePublished\":\"2022-11-05T00:58:46+00:00\",\"dateModified\":\"2024-09-09T17:45:57+00:00\",\"mainEntityOfPage\":{\"@id\":\"https:\\\/\\\/www.vrtulniky.sk\\\/news\\\/manazerska-etiketa-obliekanie-a-rozdelenie-postavenia-osob\\\/\"},\"wordCount\":2661,\"commentCount\":1,\"publisher\":{\"@id\":\"https:\\\/\\\/www.vrtulniky.sk\\\/news\\\/#organization\"},\"image\":{\"@id\":\"https:\\\/\\\/www.vrtulniky.sk\\\/news\\\/manazerska-etiketa-obliekanie-a-rozdelenie-postavenia-osob\\\/#primaryimage\"},\"thumbnailUrl\":\"https:\\\/\\\/www.vrtulniky.sk\\\/news\\\/wp-content\\\/uploads\\\/2022\\\/08\\\/ekonomicke-problemy.jpg\",\"articleSection\":[\"Mana\u017ement\",\"Vzdel\u00e1vam sa\"],\"inLanguage\":\"sk-SK\",\"potentialAction\":[{\"@type\":\"CommentAction\",\"name\":\"Comment\",\"target\":[\"https:\\\/\\\/www.vrtulniky.sk\\\/news\\\/manazerska-etiketa-obliekanie-a-rozdelenie-postavenia-osob\\\/#respond\"]}]},{\"@type\":\"WebPage\",\"@id\":\"https:\\\/\\\/www.vrtulniky.sk\\\/news\\\/manazerska-etiketa-obliekanie-a-rozdelenie-postavenia-osob\\\/\",\"url\":\"https:\\\/\\\/www.vrtulniky.sk\\\/news\\\/manazerska-etiketa-obliekanie-a-rozdelenie-postavenia-osob\\\/\",\"name\":\"Mana\u017e\u00e9rske etiketa dress code\",\"isPartOf\":{\"@id\":\"https:\\\/\\\/www.vrtulniky.sk\\\/news\\\/#website\"},\"primaryImageOfPage\":{\"@id\":\"https:\\\/\\\/www.vrtulniky.sk\\\/news\\\/manazerska-etiketa-obliekanie-a-rozdelenie-postavenia-osob\\\/#primaryimage\"},\"image\":{\"@id\":\"https:\\\/\\\/www.vrtulniky.sk\\\/news\\\/manazerska-etiketa-obliekanie-a-rozdelenie-postavenia-osob\\\/#primaryimage\"},\"thumbnailUrl\":\"https:\\\/\\\/www.vrtulniky.sk\\\/news\\\/wp-content\\\/uploads\\\/2022\\\/08\\\/ekonomicke-problemy.jpg\",\"datePublished\":\"2022-11-05T00:58:46+00:00\",\"dateModified\":\"2024-09-09T17:45:57+00:00\",\"description\":\"Mana\u017e\u00e9rska etiketa - kde a ako sa m\u00e1 spr\u00e1va\u0165 a ako sa oblieka\u0165. V pr\u00e1ci sa venujeme z\u00e1kladn\u00e9mu pojmu a to etikete, mana\u017e\u00e9rskej etikete a protokolu.\",\"breadcrumb\":{\"@id\":\"https:\\\/\\\/www.vrtulniky.sk\\\/news\\\/manazerska-etiketa-obliekanie-a-rozdelenie-postavenia-osob\\\/#breadcrumb\"},\"inLanguage\":\"sk-SK\",\"potentialAction\":[{\"@type\":\"ReadAction\",\"target\":[\"https:\\\/\\\/www.vrtulniky.sk\\\/news\\\/manazerska-etiketa-obliekanie-a-rozdelenie-postavenia-osob\\\/\"]}]},{\"@type\":\"ImageObject\",\"inLanguage\":\"sk-SK\",\"@id\":\"https:\\\/\\\/www.vrtulniky.sk\\\/news\\\/manazerska-etiketa-obliekanie-a-rozdelenie-postavenia-osob\\\/#primaryimage\",\"url\":\"https:\\\/\\\/www.vrtulniky.sk\\\/news\\\/wp-content\\\/uploads\\\/2022\\\/08\\\/ekonomicke-problemy.jpg\",\"contentUrl\":\"https:\\\/\\\/www.vrtulniky.sk\\\/news\\\/wp-content\\\/uploads\\\/2022\\\/08\\\/ekonomicke-problemy.jpg\",\"width\":897,\"height\":743},{\"@type\":\"BreadcrumbList\",\"@id\":\"https:\\\/\\\/www.vrtulniky.sk\\\/news\\\/manazerska-etiketa-obliekanie-a-rozdelenie-postavenia-osob\\\/#breadcrumb\",\"itemListElement\":[{\"@type\":\"ListItem\",\"position\":1,\"name\":\"Home\",\"item\":\"https:\\\/\\\/www.vrtulniky.sk\\\/news\\\/\"},{\"@type\":\"ListItem\",\"position\":2,\"name\":\"Mana\u017e\u00e9rska etiketa &#8211; obliekanie a rozdelenie postavenia os\u00f4b\"}]},{\"@type\":\"WebSite\",\"@id\":\"https:\\\/\\\/www.vrtulniky.sk\\\/news\\\/#website\",\"url\":\"https:\\\/\\\/www.vrtulniky.sk\\\/news\\\/\",\"name\":\"Podnik\u00e1m, lietam a relaxujem\",\"description\":\"Vrtu\u013en\u00edky.sk\",\"publisher\":{\"@id\":\"https:\\\/\\\/www.vrtulniky.sk\\\/news\\\/#organization\"},\"potentialAction\":[{\"@type\":\"SearchAction\",\"target\":{\"@type\":\"EntryPoint\",\"urlTemplate\":\"https:\\\/\\\/www.vrtulniky.sk\\\/news\\\/?s={search_term_string}\"},\"query-input\":{\"@type\":\"PropertyValueSpecification\",\"valueRequired\":true,\"valueName\":\"search_term_string\"}}],\"inLanguage\":\"sk-SK\"},{\"@type\":\"Organization\",\"@id\":\"https:\\\/\\\/www.vrtulniky.sk\\\/news\\\/#organization\",\"name\":\"Podnik\u00e1m, lietam a relaxujem\",\"url\":\"https:\\\/\\\/www.vrtulniky.sk\\\/news\\\/\",\"logo\":{\"@type\":\"ImageObject\",\"inLanguage\":\"sk-SK\",\"@id\":\"https:\\\/\\\/www.vrtulniky.sk\\\/news\\\/#\\\/schema\\\/logo\\\/image\\\/\",\"url\":\"https:\\\/\\\/www.vrtulniky.sk\\\/news\\\/wp-content\\\/uploads\\\/2022\\\/08\\\/news-vrtulniky-sk-logo-e1660318023553.png\",\"contentUrl\":\"https:\\\/\\\/www.vrtulniky.sk\\\/news\\\/wp-content\\\/uploads\\\/2022\\\/08\\\/news-vrtulniky-sk-logo-e1660318023553.png\",\"width\":201,\"height\":200,\"caption\":\"Podnik\u00e1m, lietam a relaxujem\"},\"image\":{\"@id\":\"https:\\\/\\\/www.vrtulniky.sk\\\/news\\\/#\\\/schema\\\/logo\\\/image\\\/\"},\"sameAs\":[\"https:\\\/\\\/www.facebook.com\\\/vrtulniky\\\/\"]},{\"@type\":\"Person\",\"@id\":\"https:\\\/\\\/www.vrtulniky.sk\\\/news\\\/#\\\/schema\\\/person\\\/4ee25e34f71d057c36479146ee123805\",\"name\":\"misha1804\",\"url\":\"https:\\\/\\\/www.vrtulniky.sk\\\/news\\\/author\\\/misha1804\\\/\"}]}<\/script>\n<!-- \/ Yoast SEO plugin. -->","yoast_head_json":{"title":"Mana\u017e\u00e9rske etiketa dress code","description":"Mana\u017e\u00e9rska etiketa - kde a ako sa m\u00e1 spr\u00e1va\u0165 a ako sa oblieka\u0165. V pr\u00e1ci sa venujeme z\u00e1kladn\u00e9mu pojmu a to etikete, mana\u017e\u00e9rskej etikete a protokolu.","robots":{"index":"index","follow":"follow","max-snippet":"max-snippet:-1","max-image-preview":"max-image-preview:large","max-video-preview":"max-video-preview:-1"},"canonical":"https:\/\/www.vrtulniky.sk\/news\/manazerska-etiketa-obliekanie-a-rozdelenie-postavenia-osob\/","og_locale":"sk_SK","og_type":"article","og_title":"Mana\u017e\u00e9rske etiketa dress code","og_description":"Mana\u017e\u00e9rska etiketa - kde a ako sa m\u00e1 spr\u00e1va\u0165 a ako sa oblieka\u0165. V pr\u00e1ci sa venujeme z\u00e1kladn\u00e9mu pojmu a to etikete, mana\u017e\u00e9rskej etikete a protokolu.","og_url":"https:\/\/www.vrtulniky.sk\/news\/manazerska-etiketa-obliekanie-a-rozdelenie-postavenia-osob\/","og_site_name":"Podnik\u00e1m, lietam a relaxujem","article_publisher":"https:\/\/www.facebook.com\/vrtulniky\/","article_published_time":"2022-11-05T00:58:46+00:00","article_modified_time":"2024-09-09T17:45:57+00:00","og_image":[{"width":897,"height":743,"url":"https:\/\/www.vrtulniky.sk\/news\/wp-content\/uploads\/2022\/08\/ekonomicke-problemy.jpg","type":"image\/jpeg"}],"author":"misha1804","twitter_card":"summary_large_image","twitter_misc":{"Autor":"misha1804","Predpokladan\u00fd \u010das \u010d\u00edtania":"13 min\u00fat"},"schema":{"@context":"https:\/\/schema.org","@graph":[{"@type":"Article","@id":"https:\/\/www.vrtulniky.sk\/news\/manazerska-etiketa-obliekanie-a-rozdelenie-postavenia-osob\/#article","isPartOf":{"@id":"https:\/\/www.vrtulniky.sk\/news\/manazerska-etiketa-obliekanie-a-rozdelenie-postavenia-osob\/"},"author":{"name":"misha1804","@id":"https:\/\/www.vrtulniky.sk\/news\/#\/schema\/person\/4ee25e34f71d057c36479146ee123805"},"headline":"Mana\u017e\u00e9rska etiketa &#8211; obliekanie a rozdelenie postavenia os\u00f4b","datePublished":"2022-11-05T00:58:46+00:00","dateModified":"2024-09-09T17:45:57+00:00","mainEntityOfPage":{"@id":"https:\/\/www.vrtulniky.sk\/news\/manazerska-etiketa-obliekanie-a-rozdelenie-postavenia-osob\/"},"wordCount":2661,"commentCount":1,"publisher":{"@id":"https:\/\/www.vrtulniky.sk\/news\/#organization"},"image":{"@id":"https:\/\/www.vrtulniky.sk\/news\/manazerska-etiketa-obliekanie-a-rozdelenie-postavenia-osob\/#primaryimage"},"thumbnailUrl":"https:\/\/www.vrtulniky.sk\/news\/wp-content\/uploads\/2022\/08\/ekonomicke-problemy.jpg","articleSection":["Mana\u017ement","Vzdel\u00e1vam sa"],"inLanguage":"sk-SK","potentialAction":[{"@type":"CommentAction","name":"Comment","target":["https:\/\/www.vrtulniky.sk\/news\/manazerska-etiketa-obliekanie-a-rozdelenie-postavenia-osob\/#respond"]}]},{"@type":"WebPage","@id":"https:\/\/www.vrtulniky.sk\/news\/manazerska-etiketa-obliekanie-a-rozdelenie-postavenia-osob\/","url":"https:\/\/www.vrtulniky.sk\/news\/manazerska-etiketa-obliekanie-a-rozdelenie-postavenia-osob\/","name":"Mana\u017e\u00e9rske etiketa dress code","isPartOf":{"@id":"https:\/\/www.vrtulniky.sk\/news\/#website"},"primaryImageOfPage":{"@id":"https:\/\/www.vrtulniky.sk\/news\/manazerska-etiketa-obliekanie-a-rozdelenie-postavenia-osob\/#primaryimage"},"image":{"@id":"https:\/\/www.vrtulniky.sk\/news\/manazerska-etiketa-obliekanie-a-rozdelenie-postavenia-osob\/#primaryimage"},"thumbnailUrl":"https:\/\/www.vrtulniky.sk\/news\/wp-content\/uploads\/2022\/08\/ekonomicke-problemy.jpg","datePublished":"2022-11-05T00:58:46+00:00","dateModified":"2024-09-09T17:45:57+00:00","description":"Mana\u017e\u00e9rska etiketa - kde a ako sa m\u00e1 spr\u00e1va\u0165 a ako sa oblieka\u0165. V pr\u00e1ci sa venujeme z\u00e1kladn\u00e9mu pojmu a to etikete, mana\u017e\u00e9rskej etikete a protokolu.","breadcrumb":{"@id":"https:\/\/www.vrtulniky.sk\/news\/manazerska-etiketa-obliekanie-a-rozdelenie-postavenia-osob\/#breadcrumb"},"inLanguage":"sk-SK","potentialAction":[{"@type":"ReadAction","target":["https:\/\/www.vrtulniky.sk\/news\/manazerska-etiketa-obliekanie-a-rozdelenie-postavenia-osob\/"]}]},{"@type":"ImageObject","inLanguage":"sk-SK","@id":"https:\/\/www.vrtulniky.sk\/news\/manazerska-etiketa-obliekanie-a-rozdelenie-postavenia-osob\/#primaryimage","url":"https:\/\/www.vrtulniky.sk\/news\/wp-content\/uploads\/2022\/08\/ekonomicke-problemy.jpg","contentUrl":"https:\/\/www.vrtulniky.sk\/news\/wp-content\/uploads\/2022\/08\/ekonomicke-problemy.jpg","width":897,"height":743},{"@type":"BreadcrumbList","@id":"https:\/\/www.vrtulniky.sk\/news\/manazerska-etiketa-obliekanie-a-rozdelenie-postavenia-osob\/#breadcrumb","itemListElement":[{"@type":"ListItem","position":1,"name":"Home","item":"https:\/\/www.vrtulniky.sk\/news\/"},{"@type":"ListItem","position":2,"name":"Mana\u017e\u00e9rska etiketa &#8211; obliekanie a rozdelenie postavenia os\u00f4b"}]},{"@type":"WebSite","@id":"https:\/\/www.vrtulniky.sk\/news\/#website","url":"https:\/\/www.vrtulniky.sk\/news\/","name":"Podnik\u00e1m, lietam a relaxujem","description":"Vrtu\u013en\u00edky.sk","publisher":{"@id":"https:\/\/www.vrtulniky.sk\/news\/#organization"},"potentialAction":[{"@type":"SearchAction","target":{"@type":"EntryPoint","urlTemplate":"https:\/\/www.vrtulniky.sk\/news\/?s={search_term_string}"},"query-input":{"@type":"PropertyValueSpecification","valueRequired":true,"valueName":"search_term_string"}}],"inLanguage":"sk-SK"},{"@type":"Organization","@id":"https:\/\/www.vrtulniky.sk\/news\/#organization","name":"Podnik\u00e1m, lietam a relaxujem","url":"https:\/\/www.vrtulniky.sk\/news\/","logo":{"@type":"ImageObject","inLanguage":"sk-SK","@id":"https:\/\/www.vrtulniky.sk\/news\/#\/schema\/logo\/image\/","url":"https:\/\/www.vrtulniky.sk\/news\/wp-content\/uploads\/2022\/08\/news-vrtulniky-sk-logo-e1660318023553.png","contentUrl":"https:\/\/www.vrtulniky.sk\/news\/wp-content\/uploads\/2022\/08\/news-vrtulniky-sk-logo-e1660318023553.png","width":201,"height":200,"caption":"Podnik\u00e1m, lietam a relaxujem"},"image":{"@id":"https:\/\/www.vrtulniky.sk\/news\/#\/schema\/logo\/image\/"},"sameAs":["https:\/\/www.facebook.com\/vrtulniky\/"]},{"@type":"Person","@id":"https:\/\/www.vrtulniky.sk\/news\/#\/schema\/person\/4ee25e34f71d057c36479146ee123805","name":"misha1804","url":"https:\/\/www.vrtulniky.sk\/news\/author\/misha1804\/"}]}},"_links":{"self":[{"href":"https:\/\/www.vrtulniky.sk\/news\/wp-json\/wp\/v2\/posts\/4492","targetHints":{"allow":["GET"]}}],"collection":[{"href":"https:\/\/www.vrtulniky.sk\/news\/wp-json\/wp\/v2\/posts"}],"about":[{"href":"https:\/\/www.vrtulniky.sk\/news\/wp-json\/wp\/v2\/types\/post"}],"author":[{"embeddable":true,"href":"https:\/\/www.vrtulniky.sk\/news\/wp-json\/wp\/v2\/users\/9"}],"replies":[{"embeddable":true,"href":"https:\/\/www.vrtulniky.sk\/news\/wp-json\/wp\/v2\/comments?post=4492"}],"version-history":[{"count":0,"href":"https:\/\/www.vrtulniky.sk\/news\/wp-json\/wp\/v2\/posts\/4492\/revisions"}],"wp:featuredmedia":[{"embeddable":true,"href":"https:\/\/www.vrtulniky.sk\/news\/wp-json\/wp\/v2\/media\/24830"}],"wp:attachment":[{"href":"https:\/\/www.vrtulniky.sk\/news\/wp-json\/wp\/v2\/media?parent=4492"}],"wp:term":[{"taxonomy":"category","embeddable":true,"href":"https:\/\/www.vrtulniky.sk\/news\/wp-json\/wp\/v2\/categories?post=4492"},{"taxonomy":"post_tag","embeddable":true,"href":"https:\/\/www.vrtulniky.sk\/news\/wp-json\/wp\/v2\/tags?post=4492"}],"curies":[{"name":"wp","href":"https:\/\/api.w.org\/{rel}","templated":true}]}}