{"id":8239,"date":"2022-12-15T06:05:24","date_gmt":"2022-12-15T05:05:24","guid":{"rendered":"https:\/\/www.euroekonom.sk\/?p=8239"},"modified":"2024-05-13T14:58:09","modified_gmt":"2024-05-13T12:58:09","slug":"zakonodarny-proces-na-slovensku","status":"publish","type":"post","link":"https:\/\/www.vrtulniky.sk\/news\/zakonodarny-proces-na-slovensku\/","title":{"rendered":"Z\u00e1konod\u00e1rny proces na Slovensku"},"content":{"rendered":"<p><strong>Z\u00e1konodarn\u00fd proces<\/strong> je postup alebo proced\u00fara prij\u00edmania \u00fastavn\u00fdch z\u00e1konov a z\u00e1konov ostatn\u00fdch. Z\u00e1konodarn\u00fa iniciat\u00edvu na Slovensku maj\u00fa poslanci NR SR, v\u00fdbory NR SR a vl\u00e1da. Legislat\u00edvny proces pozost\u00e1va zo 4 et\u00e1p: predpr\u00edpravn\u00e1, pr\u00edpravn\u00e1, schva\u013eovacia a promulga\u010dn\u00e1.<\/p>\n<h2>Z\u00e1konodarn\u00e1 moc<\/h2>\n<ul>\n<li>Z\u00e1konodarstvo je z\u00e1kladnou kompetenciou parlamentu a je s\u00fa\u010das\u0165ou tvorby pr\u00e1va<\/li>\n<li>Filozofiou nie je podstatn\u00e1 tvorba pr\u00e1va, ale nach\u00e1dzanie pr\u00e1va pod\u013ea prirodzen\u00fdch z\u00e1konov<\/li>\n<li><strong> Jedin\u00fdm \u00fastavodarn\u00fdm a z\u00e1konodarn\u00fdm org\u00e1nom SR je N\u00e1rodn\u00e1 rada Slovenskej republiky (NR SR).<\/strong><\/li>\n<\/ul>\n<h2>N\u00e1rodn\u00e1 rada Slovenskej republiky<\/h2>\n<p><strong>N\u00e1rodn\u00e1 rada Slovenskej republiky<\/strong> je \u00fastavodarn\u00fd a z\u00e1konodarn\u00fd org\u00e1n \u0161t\u00e1tu; jednokomorov\u00fd parlament so 150 poslancami volen\u00fdmi na obdobie 4 rokov.<\/p>\n<h3>P\u00f4sobnos\u0165 N\u00e1rodnej rady SR<\/h3>\n<ul>\n<li><strong>Z\u00e1konodarn\u00e1 moc<\/strong> \u2013 prerok\u00fava a uzn\u00e1\u0161a sa na \u00fastave, \u00fastavn\u00fdch z\u00e1konoch a in\u00fdch z\u00e1konoch a kontroluje ich dodr\u017eiavanie<\/li>\n<li><strong>Kontroln\u00e1 moc<\/strong> \u2013 uplat\u0148ovan\u00e1 predov\u0161etk\u00fdm vo\u010di vl\u00e1de a jej \u010dlenov<\/li>\n<li><strong>Krea\u010dn\u00e1 moc<\/strong> \u2013 pr\u00e1vo vytv\u00e1ra\u0165 vlastn\u00e9 org\u00e1ny, \u0161t\u00e1tne org\u00e1ny a spolup\u00f4sobi\u0165 pri tvorbe in\u00fdch org\u00e1noch. V oblasti vn\u00fatornej a zahrani\u010dnej politiky<\/li>\n<\/ul>\n<h3>Syst\u00e9my z\u00e1konodarn\u00e9ho procesu<\/h3>\n<ul>\n<li><strong>Syst\u00e9m jedn\u00e9ho \u010d\u00edtania<\/strong>\n<ul>\n<li>n\u00e1vrh z\u00e1kona sa prerokuje vo v\u00fdbore<\/li>\n<li>prebehne v pl\u00e9ne parlamentu<\/li>\n<li>v\u0161eobecn\u00e1 rozprava<\/li>\n<\/ul>\n<\/li>\n<li><strong>Syst\u00e9m troch \u010d\u00edtan\u00ed<\/strong>\n<ul>\n<li>v\u0161eobecn\u00e1 rozprava<\/li>\n<li>pozme\u0148ovacie n\u00e1vrhy<\/li>\n<li>po schv\u00e1len\u00ed sa o n\u00e1vrhu z\u00e1kona hlasuje<\/li>\n<li>vyu\u017e\u00edva sa v SR<\/li>\n<\/ul>\n<\/li>\n<li><strong>Syst\u00e9m Ve\u013ekej Brit\u00e1nie<\/strong>\n<ul>\n<li>na schv\u00e1lenie sa vy\u017eaduj\u00fa r\u00f4zne v\u00e4\u010d\u0161iny a kv\u00f3ra<\/li>\n<li>nasleduje f\u00e1za podpisu z\u00e1kona<\/li>\n<li>vyhl\u00e1senie a publik\u00e1cia z\u00e1kona<\/li>\n<li>platnos\u0165 a \u00fa\u010dinnos\u0165 z\u00e1kona<\/li>\n<\/ul>\n<\/li>\n<\/ul>\n<h2>Z\u00e1konodarn\u00fd proces<\/h2>\n<p>Z\u00e1konodarn\u00fd proces sa sklad\u00e1 z troch et\u00e1p:<br \/>\n<strong>Prv\u00e1 etapa<\/strong> \u2013 \u010dinnos\u0165 zah\u00e1jenia z\u00e1konodarn\u00e9ho procesu<\/p>\n<ul>\n<li>Pl\u00e1novanie legislat\u00edvnej \u010dinnosti<\/li>\n<li>Vznik legislat\u00edvneho n\u00e1vrhu<\/li>\n<\/ul>\n<p><strong>Druh\u00e1 etapa<\/strong> \u2013 z\u00e1konodarn\u00fd proces v parlamente<\/p>\n<ul>\n<li>Z\u00e1konodarn\u00e1 iniciat\u00edva<\/li>\n<li>Rokovanie o n\u00e1vrhu z\u00e1kona \u2013 v pl\u00e9ne a v\u00fdboroch<\/li>\n<li>\u010c\u00edtanie n\u00e1vrhu z\u00e1kona<\/li>\n<li>V jednotliv\u00fdch \u0161t\u00e1toch sa l\u00ed\u0161i<\/li>\n<\/ul>\n<p><strong>Opr\u00e1vnenie pod\u00e1va\u0165 n\u00e1vrhy z\u00e1konov maj\u00fa:<\/strong><\/p>\n<ul>\n<li>Poslanci NR SR<\/li>\n<li>V\u00fdbory NR SR<\/li>\n<li>Vl\u00e1da SR<\/li>\n<\/ul>\n<h2>N\u00e1vrhy z\u00e1konov<\/h2>\n<p><strong>N\u00e1vrh z\u00e1kona <\/strong>pod\u00e1va subjekt pr\u00e1va z\u00e1konodarnej iniciat\u00edvy predsedovi NR SR. N\u00e1vrh mus\u00ed obsahova\u0165:<\/p>\n<ul>\n<li>Paragrafov\u00e9 znenie<\/li>\n<li>D\u00f4vodov\u00fa spr\u00e1vu<\/li>\n<li>Dolo\u017eka zlu\u010dite\u013enosti<\/li>\n<li>Vykon\u00e1vac\u00ed predpis<\/li>\n<\/ul>\n<h2>Poslaneck\u00e9 a parlamentn\u00e9 v\u00fdbory<\/h2>\n<ul>\n<li>Iniciat\u00edvne a kontroln\u00e9 org\u00e1ny NR SR<\/li>\n<li>Osobitn\u00e9 org\u00e1ny, ktor\u00fdm zastupite\u013esk\u00fd zbor zveruje alebo deleguje ur\u010dit\u00e9 osobitn\u00e9 \u00falohy alebo pr\u00e1vomoci<\/li>\n<li>Poslanci s\u00fa zv\u00e4\u010d\u0161a zaraden\u00ed najviac do dvoch v\u00fdborov<\/li>\n<li>Zlo\u017eenie v\u00fdborov odr\u00e1\u017ea zast\u00fapenie str\u00e1n v parlamente<\/li>\n<li>Utv\u00e1raj\u00fa sa tak, aby zah\u0155\u0148ali v\u0161etky z\u00e1kladn\u00e9 oblasti vecn\u00e9ho rozhodovania parlamentu<\/li>\n<li>Rokovanie v\u00fdborov sa zvy\u010dajne s\u00fastre\u010fuje sk\u00f4r na obsahov\u00fa str\u00e1nku prerok\u00favanej problematiky a dohodovanie vecn\u00fdch kompromisov<\/li>\n<\/ul>\n<h2>Syst\u00e9m troch \u010d\u00edtan\u00ed<\/h2>\n<p>V SR sa vyu\u017e\u00edva syst\u00e9m 3 \u010d\u00edtan\u00ed:<\/p>\n<ol>\n<li>\u010d\u00edtanie \u2013 uskuto\u010d\u0148uje sa v pl\u00e9ne<\/li>\n<li>\u010d\u00edtanie \u2013 n\u00e1vrhom sa zaober\u00e1 v\u00fdbor<\/li>\n<li>\u010d\u00edtanie \u2013 n\u00e1vrh z\u00e1kona sa op\u00e4\u0165 prerok\u00fava v pl\u00e9ne a hlasuje sa o \u0148om<\/li>\n<\/ol>\n<p>Syst\u00e9m troch \u010d\u00edtan\u00ed vedie k posilneniu postavenia v\u00fdborov parlamentu.<\/p>\n<h3>Prv\u00e9 \u010d\u00edtanie<\/h3>\n<ul>\n<li>predseda NR SR doru\u010d\u00ed v\u0161etk\u00fdm poslancom n\u00e1vrh z\u00e1kona 15 dn\u00ed pred sch\u00f4dzou NR SR<\/li>\n<li>predseda navrhne gestorsk\u00fd v\u00fdbor pre n\u00e1vrh z\u00e1kona<\/li>\n<li>predseda zarad\u00ed n\u00e1vrh do programu najbli\u017e\u0161ej sch\u00f4dze<\/li>\n<li>n\u00e1vrh z\u00e1kona uvedie v pl\u00e9ne jeho navrhovate\u013e<\/li>\n<li>o n\u00e1vrhu sa kon\u00e1 v\u0161eobecn\u00e1 rozprava<\/li>\n<\/ul>\n<p>Z\u00e1very prv\u00e9ho \u010d\u00edtania:<\/p>\n<ol>\n<li style=\"list-style-type: none;\">\n<ol>\n<li>n\u00e1vrh z\u00e1kona sa vr\u00e1ti navrhovate\u013eovi na dopracovanie<\/li>\n<li>alebo uznesenie o pokra\u010dovan\u00ed v rokovan\u00ed<\/li>\n<li>alebo jeho prerokovanie v 2. \u010d\u00edtan\u00ed<\/li>\n<\/ol>\n<\/li>\n<\/ol>\n<h3>Druh\u00e9 \u010d\u00edtanie<\/h3>\n<ul>\n<li>prerok\u00favanie n\u00e1vrh z\u00e1kona vo v\u00fdboroch a pl\u00e9ne<\/li>\n<li>n\u00e1vrh z\u00e1kona od\u00f4vod\u0148uje vo v\u00fdbore jeho navrhovate\u013e<\/li>\n<li>v\u00fdbor vyhotov\u00ed p\u00edsomn\u00fa spr\u00e1vu<\/li>\n<li>spr\u00e1va obsahuje n\u00e1vrhy a uznesenia v\u00fdboru<\/li>\n<li>odpor\u00fa\u010danie, resp. neodpor\u00fa\u010danie pre NR SR<\/li>\n<li>gestorsk\u00fd v\u00fdbor zvol\u00e1 spolo\u010dn\u00fa sch\u00f4dzu v\u00fdborov<\/li>\n<li>podanie pozme\u0148uj\u00faceho alebo dopl\u0148uj\u00faceho n\u00e1vrhu je podmienen\u00fd s\u00fahlasom aspo\u0148 15 poslancov<\/li>\n<\/ul>\n<h3>Tretie \u010d\u00edtanie<\/h3>\n<ul>\n<li>uskuto\u010d\u0148uje sa v pl\u00e9ne NR SR<\/li>\n<li>zaober\u00e1 sa len schv\u00e1len\u00fdmi pozme\u0148uj\u00facimi n\u00e1vrhmi<\/li>\n<li>navrhovate\u013e m\u00e1 pr\u00e1vo vzia\u0165 n\u00e1vrh z\u00e1kona sp\u00e4\u0165 so s\u00fahlasom NR SR<\/li>\n<li>schv\u00e1lenie navrhovanej pr\u00e1vnej \u00fapravy<\/li>\n<\/ul>\n<p><strong>Podpisovanie z\u00e1kona<\/strong> \u2013 z\u00e1kon podpisuje predseda NR SR a n\u00e1sledne ho za\u0161le predsedovi vl\u00e1dy a prezidentovi<\/p>\n<h2>Pr\u00e1vo veta prezidenta<\/h2>\n<ul>\n<li>m\u00f4\u017ee z\u00e1kony s pripomienkami vr\u00e1ti\u0165 do NR SR do 15 dn\u00ed po ich schv\u00e1len\u00ed<\/li>\n<li>NR SR prerok\u00fava len v 3. \u010d\u00edtan\u00ed<\/li>\n<\/ul>\n<p><strong>Pr\u00e1vo veta prezidenta<\/strong> \u2013 z\u00e1kon sa vyhlasuje v Zbierke z\u00e1konov SR do 21 dn\u00ed od schv\u00e1lenia v NR SR, resp. 14 dn\u00ed od vr\u00e1tenia prezidentom<\/p>\n","protected":false},"excerpt":{"rendered":"<p>Z\u00e1konodarn\u00fd proces je postup alebo proced\u00fara prij\u00edmania \u00fastavn\u00fdch z\u00e1konov a z\u00e1konov ostatn\u00fdch. Z\u00e1konodarn\u00fa iniciat\u00edvu na Slovensku maj\u00fa poslanci NR SR, v\u00fdbory NR SR a vl\u00e1da. &hellip; <\/p>\n","protected":false},"author":14,"featured_media":25337,"comment_status":"open","ping_status":"closed","sticky":false,"template":"","format":"standard","meta":{"footnotes":""},"categories":[20,557],"tags":[],"class_list":["post-8239","post","type-post","status-publish","format-standard","has-post-thumbnail","hentry","category-europska-unia","category-relaxujem"],"yoast_head":"<!-- This site is optimized with the Yoast SEO plugin v27.5 - https:\/\/yoast.com\/product\/yoast-seo-wordpress\/ -->\n<title>Z\u00e1konod\u00e1rny proces na Slovensku<\/title>\n<meta name=\"description\" content=\"N\u00e1rodn\u00e1 rada Slovenskej republiky. Syst\u00e9m 3 \u010d\u00edtan\u00ed. Poslaneck\u00e9 a parlamentn\u00e9 v\u00fdbory. Pr\u00e1vo veta prezidenta. Z\u00e1konod\u00e1rny proces na Slovensku\" \/>\n<meta name=\"robots\" content=\"index, follow, max-snippet:-1, max-image-preview:large, max-video-preview:-1\" \/>\n<link rel=\"canonical\" href=\"https:\/\/www.vrtulniky.sk\/news\/zakonodarny-proces-na-slovensku\/\" \/>\n<meta property=\"og:locale\" content=\"sk_SK\" \/>\n<meta property=\"og:type\" content=\"article\" \/>\n<meta property=\"og:title\" content=\"Z\u00e1konod\u00e1rny proces na Slovensku\" \/>\n<meta property=\"og:description\" content=\"N\u00e1rodn\u00e1 rada Slovenskej republiky. Syst\u00e9m 3 \u010d\u00edtan\u00ed. Poslaneck\u00e9 a parlamentn\u00e9 v\u00fdbory. Pr\u00e1vo veta prezidenta. Z\u00e1konod\u00e1rny proces na Slovensku\" \/>\n<meta property=\"og:url\" content=\"https:\/\/www.vrtulniky.sk\/news\/zakonodarny-proces-na-slovensku\/\" \/>\n<meta property=\"og:site_name\" content=\"Podnik\u00e1m, lietam a relaxujem\" \/>\n<meta property=\"article:publisher\" content=\"https:\/\/www.facebook.com\/vrtulniky\/\" \/>\n<meta property=\"article:published_time\" content=\"2022-12-15T05:05:24+00:00\" \/>\n<meta property=\"article:modified_time\" content=\"2024-05-13T12:58:09+00:00\" \/>\n<meta property=\"og:image\" content=\"https:\/\/www.vrtulniky.sk\/news\/wp-content\/uploads\/2022\/08\/vysoka-skola.jpg\" \/>\n\t<meta property=\"og:image:width\" content=\"950\" \/>\n\t<meta property=\"og:image:height\" content=\"741\" \/>\n\t<meta property=\"og:image:type\" content=\"image\/jpeg\" \/>\n<meta name=\"author\" content=\"simona7\" \/>\n<meta name=\"twitter:card\" content=\"summary_large_image\" \/>\n<meta name=\"twitter:label1\" content=\"Autor\" \/>\n\t<meta name=\"twitter:data1\" content=\"simona7\" \/>\n\t<meta name=\"twitter:label2\" content=\"Predpokladan\u00fd \u010das \u010d\u00edtania\" \/>\n\t<meta name=\"twitter:data2\" content=\"4 min\u00faty\" \/>\n<script type=\"application\/ld+json\" class=\"yoast-schema-graph\">{\"@context\":\"https:\\\/\\\/schema.org\",\"@graph\":[{\"@type\":\"Article\",\"@id\":\"https:\\\/\\\/www.vrtulniky.sk\\\/news\\\/zakonodarny-proces-na-slovensku\\\/#article\",\"isPartOf\":{\"@id\":\"https:\\\/\\\/www.vrtulniky.sk\\\/news\\\/zakonodarny-proces-na-slovensku\\\/\"},\"author\":{\"name\":\"simona7\",\"@id\":\"https:\\\/\\\/www.vrtulniky.sk\\\/news\\\/#\\\/schema\\\/person\\\/e10adb2eb61e000c3645b156c0ca2378\"},\"headline\":\"Z\u00e1konod\u00e1rny proces na Slovensku\",\"datePublished\":\"2022-12-15T05:05:24+00:00\",\"dateModified\":\"2024-05-13T12:58:09+00:00\",\"mainEntityOfPage\":{\"@id\":\"https:\\\/\\\/www.vrtulniky.sk\\\/news\\\/zakonodarny-proces-na-slovensku\\\/\"},\"wordCount\":858,\"commentCount\":0,\"publisher\":{\"@id\":\"https:\\\/\\\/www.vrtulniky.sk\\\/news\\\/#organization\"},\"image\":{\"@id\":\"https:\\\/\\\/www.vrtulniky.sk\\\/news\\\/zakonodarny-proces-na-slovensku\\\/#primaryimage\"},\"thumbnailUrl\":\"https:\\\/\\\/www.vrtulniky.sk\\\/news\\\/wp-content\\\/uploads\\\/2022\\\/08\\\/vysoka-skola.jpg\",\"articleSection\":[\"Eur\u00f3pska \u00fania\",\"Relaxujem\"],\"inLanguage\":\"sk-SK\",\"potentialAction\":[{\"@type\":\"CommentAction\",\"name\":\"Comment\",\"target\":[\"https:\\\/\\\/www.vrtulniky.sk\\\/news\\\/zakonodarny-proces-na-slovensku\\\/#respond\"]}]},{\"@type\":\"WebPage\",\"@id\":\"https:\\\/\\\/www.vrtulniky.sk\\\/news\\\/zakonodarny-proces-na-slovensku\\\/\",\"url\":\"https:\\\/\\\/www.vrtulniky.sk\\\/news\\\/zakonodarny-proces-na-slovensku\\\/\",\"name\":\"Z\u00e1konod\u00e1rny proces na Slovensku\",\"isPartOf\":{\"@id\":\"https:\\\/\\\/www.vrtulniky.sk\\\/news\\\/#website\"},\"primaryImageOfPage\":{\"@id\":\"https:\\\/\\\/www.vrtulniky.sk\\\/news\\\/zakonodarny-proces-na-slovensku\\\/#primaryimage\"},\"image\":{\"@id\":\"https:\\\/\\\/www.vrtulniky.sk\\\/news\\\/zakonodarny-proces-na-slovensku\\\/#primaryimage\"},\"thumbnailUrl\":\"https:\\\/\\\/www.vrtulniky.sk\\\/news\\\/wp-content\\\/uploads\\\/2022\\\/08\\\/vysoka-skola.jpg\",\"datePublished\":\"2022-12-15T05:05:24+00:00\",\"dateModified\":\"2024-05-13T12:58:09+00:00\",\"description\":\"N\u00e1rodn\u00e1 rada Slovenskej republiky. Syst\u00e9m 3 \u010d\u00edtan\u00ed. Poslaneck\u00e9 a parlamentn\u00e9 v\u00fdbory. Pr\u00e1vo veta prezidenta. Z\u00e1konod\u00e1rny proces na Slovensku\",\"breadcrumb\":{\"@id\":\"https:\\\/\\\/www.vrtulniky.sk\\\/news\\\/zakonodarny-proces-na-slovensku\\\/#breadcrumb\"},\"inLanguage\":\"sk-SK\",\"potentialAction\":[{\"@type\":\"ReadAction\",\"target\":[\"https:\\\/\\\/www.vrtulniky.sk\\\/news\\\/zakonodarny-proces-na-slovensku\\\/\"]}]},{\"@type\":\"ImageObject\",\"inLanguage\":\"sk-SK\",\"@id\":\"https:\\\/\\\/www.vrtulniky.sk\\\/news\\\/zakonodarny-proces-na-slovensku\\\/#primaryimage\",\"url\":\"https:\\\/\\\/www.vrtulniky.sk\\\/news\\\/wp-content\\\/uploads\\\/2022\\\/08\\\/vysoka-skola.jpg\",\"contentUrl\":\"https:\\\/\\\/www.vrtulniky.sk\\\/news\\\/wp-content\\\/uploads\\\/2022\\\/08\\\/vysoka-skola.jpg\",\"width\":950,\"height\":741},{\"@type\":\"BreadcrumbList\",\"@id\":\"https:\\\/\\\/www.vrtulniky.sk\\\/news\\\/zakonodarny-proces-na-slovensku\\\/#breadcrumb\",\"itemListElement\":[{\"@type\":\"ListItem\",\"position\":1,\"name\":\"Home\",\"item\":\"https:\\\/\\\/www.vrtulniky.sk\\\/news\\\/\"},{\"@type\":\"ListItem\",\"position\":2,\"name\":\"Z\u00e1konod\u00e1rny proces na Slovensku\"}]},{\"@type\":\"WebSite\",\"@id\":\"https:\\\/\\\/www.vrtulniky.sk\\\/news\\\/#website\",\"url\":\"https:\\\/\\\/www.vrtulniky.sk\\\/news\\\/\",\"name\":\"Podnik\u00e1m, lietam a relaxujem\",\"description\":\"Vrtu\u013en\u00edky.sk\",\"publisher\":{\"@id\":\"https:\\\/\\\/www.vrtulniky.sk\\\/news\\\/#organization\"},\"potentialAction\":[{\"@type\":\"SearchAction\",\"target\":{\"@type\":\"EntryPoint\",\"urlTemplate\":\"https:\\\/\\\/www.vrtulniky.sk\\\/news\\\/?s={search_term_string}\"},\"query-input\":{\"@type\":\"PropertyValueSpecification\",\"valueRequired\":true,\"valueName\":\"search_term_string\"}}],\"inLanguage\":\"sk-SK\"},{\"@type\":\"Organization\",\"@id\":\"https:\\\/\\\/www.vrtulniky.sk\\\/news\\\/#organization\",\"name\":\"Podnik\u00e1m, lietam a relaxujem\",\"url\":\"https:\\\/\\\/www.vrtulniky.sk\\\/news\\\/\",\"logo\":{\"@type\":\"ImageObject\",\"inLanguage\":\"sk-SK\",\"@id\":\"https:\\\/\\\/www.vrtulniky.sk\\\/news\\\/#\\\/schema\\\/logo\\\/image\\\/\",\"url\":\"https:\\\/\\\/www.vrtulniky.sk\\\/news\\\/wp-content\\\/uploads\\\/2022\\\/08\\\/news-vrtulniky-sk-logo-e1660318023553.png\",\"contentUrl\":\"https:\\\/\\\/www.vrtulniky.sk\\\/news\\\/wp-content\\\/uploads\\\/2022\\\/08\\\/news-vrtulniky-sk-logo-e1660318023553.png\",\"width\":201,\"height\":200,\"caption\":\"Podnik\u00e1m, lietam a relaxujem\"},\"image\":{\"@id\":\"https:\\\/\\\/www.vrtulniky.sk\\\/news\\\/#\\\/schema\\\/logo\\\/image\\\/\"},\"sameAs\":[\"https:\\\/\\\/www.facebook.com\\\/vrtulniky\\\/\"]},{\"@type\":\"Person\",\"@id\":\"https:\\\/\\\/www.vrtulniky.sk\\\/news\\\/#\\\/schema\\\/person\\\/e10adb2eb61e000c3645b156c0ca2378\",\"name\":\"simona7\",\"url\":\"https:\\\/\\\/www.vrtulniky.sk\\\/news\\\/author\\\/simona7\\\/\"}]}<\/script>\n<!-- \/ Yoast SEO plugin. -->","yoast_head_json":{"title":"Z\u00e1konod\u00e1rny proces na Slovensku","description":"N\u00e1rodn\u00e1 rada Slovenskej republiky. Syst\u00e9m 3 \u010d\u00edtan\u00ed. Poslaneck\u00e9 a parlamentn\u00e9 v\u00fdbory. Pr\u00e1vo veta prezidenta. Z\u00e1konod\u00e1rny proces na Slovensku","robots":{"index":"index","follow":"follow","max-snippet":"max-snippet:-1","max-image-preview":"max-image-preview:large","max-video-preview":"max-video-preview:-1"},"canonical":"https:\/\/www.vrtulniky.sk\/news\/zakonodarny-proces-na-slovensku\/","og_locale":"sk_SK","og_type":"article","og_title":"Z\u00e1konod\u00e1rny proces na Slovensku","og_description":"N\u00e1rodn\u00e1 rada Slovenskej republiky. Syst\u00e9m 3 \u010d\u00edtan\u00ed. Poslaneck\u00e9 a parlamentn\u00e9 v\u00fdbory. Pr\u00e1vo veta prezidenta. Z\u00e1konod\u00e1rny proces na Slovensku","og_url":"https:\/\/www.vrtulniky.sk\/news\/zakonodarny-proces-na-slovensku\/","og_site_name":"Podnik\u00e1m, lietam a relaxujem","article_publisher":"https:\/\/www.facebook.com\/vrtulniky\/","article_published_time":"2022-12-15T05:05:24+00:00","article_modified_time":"2024-05-13T12:58:09+00:00","og_image":[{"width":950,"height":741,"url":"https:\/\/www.vrtulniky.sk\/news\/wp-content\/uploads\/2022\/08\/vysoka-skola.jpg","type":"image\/jpeg"}],"author":"simona7","twitter_card":"summary_large_image","twitter_misc":{"Autor":"simona7","Predpokladan\u00fd \u010das \u010d\u00edtania":"4 min\u00faty"},"schema":{"@context":"https:\/\/schema.org","@graph":[{"@type":"Article","@id":"https:\/\/www.vrtulniky.sk\/news\/zakonodarny-proces-na-slovensku\/#article","isPartOf":{"@id":"https:\/\/www.vrtulniky.sk\/news\/zakonodarny-proces-na-slovensku\/"},"author":{"name":"simona7","@id":"https:\/\/www.vrtulniky.sk\/news\/#\/schema\/person\/e10adb2eb61e000c3645b156c0ca2378"},"headline":"Z\u00e1konod\u00e1rny proces na Slovensku","datePublished":"2022-12-15T05:05:24+00:00","dateModified":"2024-05-13T12:58:09+00:00","mainEntityOfPage":{"@id":"https:\/\/www.vrtulniky.sk\/news\/zakonodarny-proces-na-slovensku\/"},"wordCount":858,"commentCount":0,"publisher":{"@id":"https:\/\/www.vrtulniky.sk\/news\/#organization"},"image":{"@id":"https:\/\/www.vrtulniky.sk\/news\/zakonodarny-proces-na-slovensku\/#primaryimage"},"thumbnailUrl":"https:\/\/www.vrtulniky.sk\/news\/wp-content\/uploads\/2022\/08\/vysoka-skola.jpg","articleSection":["Eur\u00f3pska \u00fania","Relaxujem"],"inLanguage":"sk-SK","potentialAction":[{"@type":"CommentAction","name":"Comment","target":["https:\/\/www.vrtulniky.sk\/news\/zakonodarny-proces-na-slovensku\/#respond"]}]},{"@type":"WebPage","@id":"https:\/\/www.vrtulniky.sk\/news\/zakonodarny-proces-na-slovensku\/","url":"https:\/\/www.vrtulniky.sk\/news\/zakonodarny-proces-na-slovensku\/","name":"Z\u00e1konod\u00e1rny proces na Slovensku","isPartOf":{"@id":"https:\/\/www.vrtulniky.sk\/news\/#website"},"primaryImageOfPage":{"@id":"https:\/\/www.vrtulniky.sk\/news\/zakonodarny-proces-na-slovensku\/#primaryimage"},"image":{"@id":"https:\/\/www.vrtulniky.sk\/news\/zakonodarny-proces-na-slovensku\/#primaryimage"},"thumbnailUrl":"https:\/\/www.vrtulniky.sk\/news\/wp-content\/uploads\/2022\/08\/vysoka-skola.jpg","datePublished":"2022-12-15T05:05:24+00:00","dateModified":"2024-05-13T12:58:09+00:00","description":"N\u00e1rodn\u00e1 rada Slovenskej republiky. Syst\u00e9m 3 \u010d\u00edtan\u00ed. Poslaneck\u00e9 a parlamentn\u00e9 v\u00fdbory. Pr\u00e1vo veta prezidenta. Z\u00e1konod\u00e1rny proces na Slovensku","breadcrumb":{"@id":"https:\/\/www.vrtulniky.sk\/news\/zakonodarny-proces-na-slovensku\/#breadcrumb"},"inLanguage":"sk-SK","potentialAction":[{"@type":"ReadAction","target":["https:\/\/www.vrtulniky.sk\/news\/zakonodarny-proces-na-slovensku\/"]}]},{"@type":"ImageObject","inLanguage":"sk-SK","@id":"https:\/\/www.vrtulniky.sk\/news\/zakonodarny-proces-na-slovensku\/#primaryimage","url":"https:\/\/www.vrtulniky.sk\/news\/wp-content\/uploads\/2022\/08\/vysoka-skola.jpg","contentUrl":"https:\/\/www.vrtulniky.sk\/news\/wp-content\/uploads\/2022\/08\/vysoka-skola.jpg","width":950,"height":741},{"@type":"BreadcrumbList","@id":"https:\/\/www.vrtulniky.sk\/news\/zakonodarny-proces-na-slovensku\/#breadcrumb","itemListElement":[{"@type":"ListItem","position":1,"name":"Home","item":"https:\/\/www.vrtulniky.sk\/news\/"},{"@type":"ListItem","position":2,"name":"Z\u00e1konod\u00e1rny proces na Slovensku"}]},{"@type":"WebSite","@id":"https:\/\/www.vrtulniky.sk\/news\/#website","url":"https:\/\/www.vrtulniky.sk\/news\/","name":"Podnik\u00e1m, lietam a relaxujem","description":"Vrtu\u013en\u00edky.sk","publisher":{"@id":"https:\/\/www.vrtulniky.sk\/news\/#organization"},"potentialAction":[{"@type":"SearchAction","target":{"@type":"EntryPoint","urlTemplate":"https:\/\/www.vrtulniky.sk\/news\/?s={search_term_string}"},"query-input":{"@type":"PropertyValueSpecification","valueRequired":true,"valueName":"search_term_string"}}],"inLanguage":"sk-SK"},{"@type":"Organization","@id":"https:\/\/www.vrtulniky.sk\/news\/#organization","name":"Podnik\u00e1m, lietam a relaxujem","url":"https:\/\/www.vrtulniky.sk\/news\/","logo":{"@type":"ImageObject","inLanguage":"sk-SK","@id":"https:\/\/www.vrtulniky.sk\/news\/#\/schema\/logo\/image\/","url":"https:\/\/www.vrtulniky.sk\/news\/wp-content\/uploads\/2022\/08\/news-vrtulniky-sk-logo-e1660318023553.png","contentUrl":"https:\/\/www.vrtulniky.sk\/news\/wp-content\/uploads\/2022\/08\/news-vrtulniky-sk-logo-e1660318023553.png","width":201,"height":200,"caption":"Podnik\u00e1m, lietam a relaxujem"},"image":{"@id":"https:\/\/www.vrtulniky.sk\/news\/#\/schema\/logo\/image\/"},"sameAs":["https:\/\/www.facebook.com\/vrtulniky\/"]},{"@type":"Person","@id":"https:\/\/www.vrtulniky.sk\/news\/#\/schema\/person\/e10adb2eb61e000c3645b156c0ca2378","name":"simona7","url":"https:\/\/www.vrtulniky.sk\/news\/author\/simona7\/"}]}},"_links":{"self":[{"href":"https:\/\/www.vrtulniky.sk\/news\/wp-json\/wp\/v2\/posts\/8239","targetHints":{"allow":["GET"]}}],"collection":[{"href":"https:\/\/www.vrtulniky.sk\/news\/wp-json\/wp\/v2\/posts"}],"about":[{"href":"https:\/\/www.vrtulniky.sk\/news\/wp-json\/wp\/v2\/types\/post"}],"author":[{"embeddable":true,"href":"https:\/\/www.vrtulniky.sk\/news\/wp-json\/wp\/v2\/users\/14"}],"replies":[{"embeddable":true,"href":"https:\/\/www.vrtulniky.sk\/news\/wp-json\/wp\/v2\/comments?post=8239"}],"version-history":[{"count":0,"href":"https:\/\/www.vrtulniky.sk\/news\/wp-json\/wp\/v2\/posts\/8239\/revisions"}],"wp:featuredmedia":[{"embeddable":true,"href":"https:\/\/www.vrtulniky.sk\/news\/wp-json\/wp\/v2\/media\/25337"}],"wp:attachment":[{"href":"https:\/\/www.vrtulniky.sk\/news\/wp-json\/wp\/v2\/media?parent=8239"}],"wp:term":[{"taxonomy":"category","embeddable":true,"href":"https:\/\/www.vrtulniky.sk\/news\/wp-json\/wp\/v2\/categories?post=8239"},{"taxonomy":"post_tag","embeddable":true,"href":"https:\/\/www.vrtulniky.sk\/news\/wp-json\/wp\/v2\/tags?post=8239"}],"curies":[{"name":"wp","href":"https:\/\/api.w.org\/{rel}","templated":true}]}}