{"id":8241,"date":"2022-12-31T20:29:58","date_gmt":"2022-12-31T19:29:58","guid":{"rendered":"https:\/\/www.euroekonom.sk\/?p=8241"},"modified":"2024-05-13T14:58:06","modified_gmt":"2024-05-13T12:58:06","slug":"zakladne-aspekty-a-podstata-vladnych-systemov","status":"publish","type":"post","link":"https:\/\/www.vrtulniky.sk\/news\/zakladne-aspekty-a-podstata-vladnych-systemov\/","title":{"rendered":"Z\u00e1kladn\u00e9 aspekty a podstata vl\u00e1dnych syst\u00e9mov"},"content":{"rendered":"<h2>Z\u00e1kladn\u00e9 aspekty vl\u00e1dnych syst\u00e9mov<\/h2>\n<p>Medzi z\u00e1kladn\u00e9 aspekty vl\u00e1dnych syst\u00e9mov patria:<\/p>\n<ol>\n<li>pr\u00e1vny aspekt<\/li>\n<li>aspekty riadenia a te\u00f3rie organiz\u00e1cie<\/li>\n<li>ekonomick\u00fd aspekt vo verejnej spr\u00e1ve<\/li>\n<li>soci\u00e1lny aspekt<\/li>\n<\/ol>\n<h3>Pr\u00e1vny aspekt vl\u00e1dnych syst\u00e9mov<\/h3>\n<ul>\n<li>Pr\u00edstup rozv\u00edjan\u00fd vedou spr\u00e1vneho pr\u00e1va<\/li>\n<li>\u0160t\u00fadium pr\u00e1vnych noriem upravuj\u00facich organiz\u00e1ciu a v\u00fdkon \u0161t\u00e1tnej spr\u00e1vy a samospr\u00e1vy<\/li>\n<li>Pr\u00e1vny r\u00e1mec verejnej spr\u00e1vy, ktor\u00fd nie je z\u00e1kladn\u00fdm v\u00fdchodiskom pre formovanie demokratickej \u0161t\u00e1tnej spr\u00e1vy a samospr\u00e1vy<\/li>\n<\/ul>\n<h3>Aspekty riadenia a te\u00f3rie organiz\u00e1cie<\/h3>\n<ul>\n<li>Spr\u00e1va je osobitn\u00fdm druhom riadiacej \u010dinnosti, pri\u010dom ide o permanentn\u00fa \u010dinnos\u0165<\/li>\n<li>Verejn\u00e1 spr\u00e1v je zameran\u00e1 na regul\u00e1ciu jednotliv\u00fdch \u010dinnost\u00ed \u0161t\u00e1tnej spr\u00e1vy a samospr\u00e1vy<\/li>\n<li>Princ\u00edpy formulovan\u00e9 te\u00f3riou riadenia organiz\u00e1cie maj\u00fa v\u0161eobecn\u00fd charakter a mo\u017eno ich preto vyu\u017e\u00edva\u0165 aj vo verejnej spr\u00e1ve<\/li>\n<li>Vhodn\u00e9 \u0161truktur\u00e1lne usporiadanie \u2013 v\u00fdznam optimaliz\u00e1cie \u0161t\u00e1tnej spr\u00e1vy a samospr\u00e1vy \u2013 nadviaza\u0165 na poznatky te\u00f3rie organiz\u00e1cie, najm\u00e4 pokia\u013e ide o sp\u00f4sob de\u013eby pr\u00e1ce, pride\u013eovanie \u010dinnosti organiza\u010dn\u00fdm jednotk\u00e1m, vymedzenie pr\u00e1vomoci a zodpovednosti, typy organiza\u010dn\u00fdch vz\u0165ahov medzi organiza\u010dn\u00fdmi stup\u0148ami, ve\u013ekos\u0165 jednotiek a pod.<\/li>\n<\/ul>\n<h3>Aspekt \u2013 ekonomika vo verejnej spr\u00e1ve<\/h3>\n<ul>\n<li>Ekonomick\u00e9 \u00fa\u010dinky verejnej spr\u00e1vy<\/li>\n<li>\u0160t\u00e1tna spr\u00e1va a samospr\u00e1va nie je samo\u00fa\u010deln\u00e1, ale m\u00e1 za \u00falohu zabezpe\u010dova\u0165 komplexn\u00fd soci\u00e1lno-ekonomick\u00fd rozvoj spracovan\u00e9ho celku<\/li>\n<li>\u0160t\u00e1tna spr\u00e1va a samospr\u00e1va m\u00e1 zabezpe\u010dova\u0165 rozvoj regi\u00f3nov, rozvoj komun\u00e1lneho vlastn\u00edctva, samospr\u00e1vnu finan\u010dn\u00fa politiku a podporu podnikate\u013esk\u00fdch aktiv\u00edt<\/li>\n<\/ul>\n<h3>Aspekt soci\u00e1lny<\/h3>\n<ul>\n<li>Z\u00e1konitosti charakteru soci\u00e1lno-psychologick\u00e9ho a sociologick\u00e9ho<\/li>\n<li>Aplik\u00e1cia vied o \u010dloveku v syst\u00e9me riadenia(\u00faradn\u00edk \u2013 ob\u010dan)<\/li>\n<li>\u010cinnosti \u0161t\u00e1tnej spr\u00e1vy a samospr\u00e1vy smerom k ob\u010danovi m\u00f4\u017eeme ch\u00e1pa\u0165 ako slu\u017eobn\u00e9 \u010dinnosti (slu\u017eby ob\u010danovi)<\/li>\n<\/ul>\n<h2>Podstata vl\u00e1dnych syst\u00e9mov<\/h2>\n<ul>\n<li>\u0160t\u00e1t \u2013 subjekt s vecnou a fi\u0161k\u00e1lnou funkciou<\/li>\n<li>\u0160t\u00e1t \u2013 forma organiz\u00e1cie \u013eudskej spolo\u010dnosti, ktor\u00e1 je budovan\u00e1 na politickom z\u00e1klade a uplat\u0148uje svoju suverenitu na ur\u010ditom \u00fazem\u00ed<\/li>\n<li>Verejn\u00e1 moc n\u00e1roda, kon\u0161titucion\u00e1lne organizovan\u00e1 a vybaven\u00e1 v\u00fdkonn\u00fdm apar\u00e1tom<\/li>\n<li>\u0160t\u00e1t tvoria verejn\u00e9 \u00farady a in\u0161tit\u00facie, ktor\u00fdch funkcia je odvoden\u00e1 z politick\u00fdch procesov<\/li>\n<li>Zoh\u013ead\u0148uj\u00fa sa verejn\u00e9 z\u00e1ujmy ekonomick\u00e9, politick\u00e9 a soci\u00e1lne<\/li>\n<li>\u0160t\u00e1t m\u00f4\u017ee ma\u0165 rozdielne formy, v z\u00e1vislosti na forme organiz\u00e1cie \u0161t\u00e1tnej moci, sp\u00f4soboch jej uplat\u0148ovania<\/li>\n<li>\u0160t\u00e1t \u2013 prvok ekonomick\u00e9ho syst\u00e9mu<\/li>\n<li>Donucuje ostatn\u00e9 prvky syst\u00e9mu vykon\u00e1va\u0165 ur\u010dit\u00e9 aktivity, ktor\u00e9 by inak nevykon\u00e1vali a naopak in\u00fdm ich prirodzen\u00fdm aktivit\u00e1m zabr\u00e1ni\u0165<\/li>\n<li>Moc je pr\u00e1vne podlo\u017een\u00e1 (\u00fastavou a in\u00fdmi pr\u00e1vnymi normami), \u017ee ide o pr\u00e1ve v\u0161eobecne uznan\u00e9 a z\u00e1rove\u0148 v\u00fdlu\u010dn\u00e9, to znemen\u00e1 pr\u00e1vo, ktor\u00e9 m\u00e1 len \u0161t\u00e1t<\/li>\n<li>Formy \u0161t\u00e1tu sa l\u00ed\u0161ia pr\u00e1ve t\u00fdm, ako \u0161t\u00e1t t\u00fato moc z\u00edskava, s ak\u00fdmi cie\u013emi a pomocou ak\u00fdch prostriedkov je u\u017e\u00edva<\/li>\n<li>V demokratickom \u0161t\u00e1te \u2013 moc dobrovo\u013ene delegovan\u00e1 (ako v politickom, ta aj v ekonomickom zmysle)<\/li>\n<li>V demokratickom \u0161t\u00e1te v\u00fdkonn\u00e1 zlo\u017eka \u0161t\u00e1tneho mechanizmu pod kontinu\u00e1lnou verejnou kontrolou<\/li>\n<\/ul>\n<h2>\u010co vymedzuje formu \u0161t\u00e1tu?<\/h2>\n<p>Formu \u0161t\u00e1tu vymedzuje:<\/p>\n<ol>\n<li><strong>\u0160t\u00e1tny re\u017eim<\/strong> \u2013 met\u00f3dy uskuto\u010d\u0148ovania \u0161t\u00e1tnej moci \u2013 \u0161t\u00e1ty demokratick\u00e9 a nedemokratick\u00e9 (totalitn\u00e9)<\/li>\n<li><strong>Forma vl\u00e1dy<\/strong> \u2013 s\u00fastava \u0161t\u00e1tnych org\u00e1nov a ich vz\u00e1jomn\u00e9 vz\u0165ahy a vz\u0165ahy medzi \u0161t\u00e1tnou mocou a obyvate\u013estvom (monarchie a republiky)<\/li>\n<li><strong>Forma usporiadania \u0161t\u00e1tu<\/strong> \u2013 \u00fazemno-organiza\u010dn\u00e1 \u0161trukt\u00fara<\/li>\n<\/ol>\n<h2>Typy a pr\u00edklady \u0161t\u00e1topr\u00e1vnych usporiadan\u00ed<\/h2>\n<ul>\n<li>V s\u00fastave vz\u0165ahov medzi \u0161t\u00e1tom ako celkom a jeho \u010das\u0165ami \u2013 skladba a p\u00f4sobnos\u0165 \u00fastredn\u00fdch a miestnych org\u00e1nov \u2013 \u0161t\u00e1ty <strong>unit\u00e1rne<\/strong> a <strong>feder\u00e1lne<\/strong><\/li>\n<li><strong>Prezidentsk\u00fd syst\u00e9m vl\u00e1dneho re\u017eimu<\/strong> \u2013 USA, juhoamerick\u00e9 \u0161t\u00e1ty, \u00e1zijsk\u00e9 a africk\u00e9 \u0161t\u00e1ty \u2013 osobitn\u00e1 politick\u00e1 situ\u00e1cia v tom \u010dase, kedy vznikal<\/li>\n<li><strong>USA<\/strong> \u2013 vz\u0165ah v\u00fdkonnej a z\u00e1konodarnej moci nebol z\u00e1kladn\u00fdm politick\u00fdm konfliktom, nebolo treba odde\u013eova\u0165 hlavu \u0161t\u00e1tu od vlastnej v\u00fdkonnej moci<\/li>\n<li>Parlamentn\u00fd syst\u00e9m vl\u00e1dneho re\u017eimu (parlamentarizmus) je tradi\u010dn\u00fd pluralitno-demokratick\u00fd syst\u00e9m, zalo\u017een\u00fd na klasickej de\u013ebe moci (z\u00e1konodarn\u00e1 moc, v\u00fdkonn\u00e1 moc, s\u00fadna moc) spojenej so suverenitou ob\u010dianskej spolo\u010dnosti a je typick\u00fd hlave pre eur\u00f3pskej \u0161t\u00e1tne \u00fatvary.<\/li>\n<li>V republik\u00e1ch i monarchi\u00e1ch vych\u00e1dza z kon\u0161titucionalizmu (\u00fastavu), z tzv. reprezentat\u00edvnej demokracie (existencie volen\u00e9ho parlamentu) a pri de\u013ebe moci na z\u00e1konodarn\u00fa, v\u00fdkonn\u00fa a s\u00fadnu predpoklad\u00e1 ur\u010dit\u00fa spolupr\u00e1cu medzi legislat\u00edvou a exekut\u00edvou (parlamentom a vl\u00e1dou).<\/li>\n<\/ul>\n","protected":false},"excerpt":{"rendered":"<p>Z\u00e1kladn\u00e9 aspekty vl\u00e1dnych syst\u00e9mov Medzi z\u00e1kladn\u00e9 aspekty vl\u00e1dnych syst\u00e9mov patria: pr\u00e1vny aspekt aspekty riadenia a te\u00f3rie organiz\u00e1cie ekonomick\u00fd aspekt vo verejnej spr\u00e1ve soci\u00e1lny aspekt Pr\u00e1vny &hellip; <\/p>\n","protected":false},"author":14,"featured_media":24834,"comment_status":"open","ping_status":"closed","sticky":false,"template":"","format":"standard","meta":{"footnotes":""},"categories":[20,557],"tags":[],"class_list":["post-8241","post","type-post","status-publish","format-standard","has-post-thumbnail","hentry","category-europska-unia","category-relaxujem"],"yoast_head":"<!-- This site is optimized with the Yoast SEO plugin v27.5 - https:\/\/yoast.com\/product\/yoast-seo-wordpress\/ -->\n<title>Z\u00e1kladn\u00e9 aspekty a podstata vl\u00e1dnych syst\u00e9mov<\/title>\n<meta name=\"description\" content=\"Z\u00e1kladn\u00e9 aspekty a podstata vl\u00e1dnych syst\u00e9mov\" \/>\n<meta name=\"robots\" content=\"index, follow, max-snippet:-1, max-image-preview:large, max-video-preview:-1\" \/>\n<link rel=\"canonical\" href=\"https:\/\/www.vrtulniky.sk\/news\/zakladne-aspekty-a-podstata-vladnych-systemov\/\" \/>\n<meta property=\"og:locale\" content=\"sk_SK\" \/>\n<meta property=\"og:type\" content=\"article\" \/>\n<meta property=\"og:title\" content=\"Z\u00e1kladn\u00e9 aspekty a podstata vl\u00e1dnych syst\u00e9mov\" \/>\n<meta property=\"og:description\" content=\"Z\u00e1kladn\u00e9 aspekty a podstata vl\u00e1dnych syst\u00e9mov\" \/>\n<meta property=\"og:url\" content=\"https:\/\/www.vrtulniky.sk\/news\/zakladne-aspekty-a-podstata-vladnych-systemov\/\" \/>\n<meta property=\"og:site_name\" content=\"Podnik\u00e1m, lietam a relaxujem\" \/>\n<meta property=\"article:publisher\" content=\"https:\/\/www.facebook.com\/vrtulniky\/\" \/>\n<meta property=\"article:published_time\" content=\"2022-12-31T19:29:58+00:00\" \/>\n<meta property=\"article:modified_time\" content=\"2024-05-13T12:58:06+00:00\" \/>\n<meta property=\"og:image\" content=\"https:\/\/www.vrtulniky.sk\/news\/wp-content\/uploads\/2022\/08\/elektrotechnicky-tovar.jpg\" \/>\n\t<meta property=\"og:image:width\" content=\"800\" \/>\n\t<meta property=\"og:image:height\" content=\"600\" \/>\n\t<meta property=\"og:image:type\" content=\"image\/jpeg\" \/>\n<meta name=\"author\" content=\"simona7\" \/>\n<meta name=\"twitter:card\" content=\"summary_large_image\" \/>\n<meta name=\"twitter:label1\" content=\"Autor\" \/>\n\t<meta name=\"twitter:data1\" content=\"simona7\" \/>\n\t<meta name=\"twitter:label2\" content=\"Predpokladan\u00fd \u010das \u010d\u00edtania\" \/>\n\t<meta name=\"twitter:data2\" content=\"4 min\u00faty\" \/>\n<script type=\"application\/ld+json\" class=\"yoast-schema-graph\">{\"@context\":\"https:\\\/\\\/schema.org\",\"@graph\":[{\"@type\":\"Article\",\"@id\":\"https:\\\/\\\/www.vrtulniky.sk\\\/news\\\/zakladne-aspekty-a-podstata-vladnych-systemov\\\/#article\",\"isPartOf\":{\"@id\":\"https:\\\/\\\/www.vrtulniky.sk\\\/news\\\/zakladne-aspekty-a-podstata-vladnych-systemov\\\/\"},\"author\":{\"name\":\"simona7\",\"@id\":\"https:\\\/\\\/www.vrtulniky.sk\\\/news\\\/#\\\/schema\\\/person\\\/e10adb2eb61e000c3645b156c0ca2378\"},\"headline\":\"Z\u00e1kladn\u00e9 aspekty a podstata vl\u00e1dnych syst\u00e9mov\",\"datePublished\":\"2022-12-31T19:29:58+00:00\",\"dateModified\":\"2024-05-13T12:58:06+00:00\",\"mainEntityOfPage\":{\"@id\":\"https:\\\/\\\/www.vrtulniky.sk\\\/news\\\/zakladne-aspekty-a-podstata-vladnych-systemov\\\/\"},\"wordCount\":831,\"commentCount\":0,\"publisher\":{\"@id\":\"https:\\\/\\\/www.vrtulniky.sk\\\/news\\\/#organization\"},\"image\":{\"@id\":\"https:\\\/\\\/www.vrtulniky.sk\\\/news\\\/zakladne-aspekty-a-podstata-vladnych-systemov\\\/#primaryimage\"},\"thumbnailUrl\":\"https:\\\/\\\/www.vrtulniky.sk\\\/news\\\/wp-content\\\/uploads\\\/2022\\\/08\\\/elektrotechnicky-tovar.jpg\",\"articleSection\":[\"Eur\u00f3pska \u00fania\",\"Relaxujem\"],\"inLanguage\":\"sk-SK\",\"potentialAction\":[{\"@type\":\"CommentAction\",\"name\":\"Comment\",\"target\":[\"https:\\\/\\\/www.vrtulniky.sk\\\/news\\\/zakladne-aspekty-a-podstata-vladnych-systemov\\\/#respond\"]}]},{\"@type\":\"WebPage\",\"@id\":\"https:\\\/\\\/www.vrtulniky.sk\\\/news\\\/zakladne-aspekty-a-podstata-vladnych-systemov\\\/\",\"url\":\"https:\\\/\\\/www.vrtulniky.sk\\\/news\\\/zakladne-aspekty-a-podstata-vladnych-systemov\\\/\",\"name\":\"Z\u00e1kladn\u00e9 aspekty a podstata vl\u00e1dnych syst\u00e9mov\",\"isPartOf\":{\"@id\":\"https:\\\/\\\/www.vrtulniky.sk\\\/news\\\/#website\"},\"primaryImageOfPage\":{\"@id\":\"https:\\\/\\\/www.vrtulniky.sk\\\/news\\\/zakladne-aspekty-a-podstata-vladnych-systemov\\\/#primaryimage\"},\"image\":{\"@id\":\"https:\\\/\\\/www.vrtulniky.sk\\\/news\\\/zakladne-aspekty-a-podstata-vladnych-systemov\\\/#primaryimage\"},\"thumbnailUrl\":\"https:\\\/\\\/www.vrtulniky.sk\\\/news\\\/wp-content\\\/uploads\\\/2022\\\/08\\\/elektrotechnicky-tovar.jpg\",\"datePublished\":\"2022-12-31T19:29:58+00:00\",\"dateModified\":\"2024-05-13T12:58:06+00:00\",\"description\":\"Z\u00e1kladn\u00e9 aspekty a podstata vl\u00e1dnych syst\u00e9mov\",\"breadcrumb\":{\"@id\":\"https:\\\/\\\/www.vrtulniky.sk\\\/news\\\/zakladne-aspekty-a-podstata-vladnych-systemov\\\/#breadcrumb\"},\"inLanguage\":\"sk-SK\",\"potentialAction\":[{\"@type\":\"ReadAction\",\"target\":[\"https:\\\/\\\/www.vrtulniky.sk\\\/news\\\/zakladne-aspekty-a-podstata-vladnych-systemov\\\/\"]}]},{\"@type\":\"ImageObject\",\"inLanguage\":\"sk-SK\",\"@id\":\"https:\\\/\\\/www.vrtulniky.sk\\\/news\\\/zakladne-aspekty-a-podstata-vladnych-systemov\\\/#primaryimage\",\"url\":\"https:\\\/\\\/www.vrtulniky.sk\\\/news\\\/wp-content\\\/uploads\\\/2022\\\/08\\\/elektrotechnicky-tovar.jpg\",\"contentUrl\":\"https:\\\/\\\/www.vrtulniky.sk\\\/news\\\/wp-content\\\/uploads\\\/2022\\\/08\\\/elektrotechnicky-tovar.jpg\",\"width\":800,\"height\":600},{\"@type\":\"BreadcrumbList\",\"@id\":\"https:\\\/\\\/www.vrtulniky.sk\\\/news\\\/zakladne-aspekty-a-podstata-vladnych-systemov\\\/#breadcrumb\",\"itemListElement\":[{\"@type\":\"ListItem\",\"position\":1,\"name\":\"Home\",\"item\":\"https:\\\/\\\/www.vrtulniky.sk\\\/news\\\/\"},{\"@type\":\"ListItem\",\"position\":2,\"name\":\"Z\u00e1kladn\u00e9 aspekty a podstata vl\u00e1dnych syst\u00e9mov\"}]},{\"@type\":\"WebSite\",\"@id\":\"https:\\\/\\\/www.vrtulniky.sk\\\/news\\\/#website\",\"url\":\"https:\\\/\\\/www.vrtulniky.sk\\\/news\\\/\",\"name\":\"Podnik\u00e1m, lietam a relaxujem\",\"description\":\"Vrtu\u013en\u00edky.sk\",\"publisher\":{\"@id\":\"https:\\\/\\\/www.vrtulniky.sk\\\/news\\\/#organization\"},\"potentialAction\":[{\"@type\":\"SearchAction\",\"target\":{\"@type\":\"EntryPoint\",\"urlTemplate\":\"https:\\\/\\\/www.vrtulniky.sk\\\/news\\\/?s={search_term_string}\"},\"query-input\":{\"@type\":\"PropertyValueSpecification\",\"valueRequired\":true,\"valueName\":\"search_term_string\"}}],\"inLanguage\":\"sk-SK\"},{\"@type\":\"Organization\",\"@id\":\"https:\\\/\\\/www.vrtulniky.sk\\\/news\\\/#organization\",\"name\":\"Podnik\u00e1m, lietam a relaxujem\",\"url\":\"https:\\\/\\\/www.vrtulniky.sk\\\/news\\\/\",\"logo\":{\"@type\":\"ImageObject\",\"inLanguage\":\"sk-SK\",\"@id\":\"https:\\\/\\\/www.vrtulniky.sk\\\/news\\\/#\\\/schema\\\/logo\\\/image\\\/\",\"url\":\"https:\\\/\\\/www.vrtulniky.sk\\\/news\\\/wp-content\\\/uploads\\\/2022\\\/08\\\/news-vrtulniky-sk-logo-e1660318023553.png\",\"contentUrl\":\"https:\\\/\\\/www.vrtulniky.sk\\\/news\\\/wp-content\\\/uploads\\\/2022\\\/08\\\/news-vrtulniky-sk-logo-e1660318023553.png\",\"width\":201,\"height\":200,\"caption\":\"Podnik\u00e1m, lietam a relaxujem\"},\"image\":{\"@id\":\"https:\\\/\\\/www.vrtulniky.sk\\\/news\\\/#\\\/schema\\\/logo\\\/image\\\/\"},\"sameAs\":[\"https:\\\/\\\/www.facebook.com\\\/vrtulniky\\\/\"]},{\"@type\":\"Person\",\"@id\":\"https:\\\/\\\/www.vrtulniky.sk\\\/news\\\/#\\\/schema\\\/person\\\/e10adb2eb61e000c3645b156c0ca2378\",\"name\":\"simona7\",\"url\":\"https:\\\/\\\/www.vrtulniky.sk\\\/news\\\/author\\\/simona7\\\/\"}]}<\/script>\n<!-- \/ Yoast SEO plugin. -->","yoast_head_json":{"title":"Z\u00e1kladn\u00e9 aspekty a podstata vl\u00e1dnych syst\u00e9mov","description":"Z\u00e1kladn\u00e9 aspekty a podstata vl\u00e1dnych syst\u00e9mov","robots":{"index":"index","follow":"follow","max-snippet":"max-snippet:-1","max-image-preview":"max-image-preview:large","max-video-preview":"max-video-preview:-1"},"canonical":"https:\/\/www.vrtulniky.sk\/news\/zakladne-aspekty-a-podstata-vladnych-systemov\/","og_locale":"sk_SK","og_type":"article","og_title":"Z\u00e1kladn\u00e9 aspekty a podstata vl\u00e1dnych syst\u00e9mov","og_description":"Z\u00e1kladn\u00e9 aspekty a podstata vl\u00e1dnych syst\u00e9mov","og_url":"https:\/\/www.vrtulniky.sk\/news\/zakladne-aspekty-a-podstata-vladnych-systemov\/","og_site_name":"Podnik\u00e1m, lietam a relaxujem","article_publisher":"https:\/\/www.facebook.com\/vrtulniky\/","article_published_time":"2022-12-31T19:29:58+00:00","article_modified_time":"2024-05-13T12:58:06+00:00","og_image":[{"width":800,"height":600,"url":"https:\/\/www.vrtulniky.sk\/news\/wp-content\/uploads\/2022\/08\/elektrotechnicky-tovar.jpg","type":"image\/jpeg"}],"author":"simona7","twitter_card":"summary_large_image","twitter_misc":{"Autor":"simona7","Predpokladan\u00fd \u010das \u010d\u00edtania":"4 min\u00faty"},"schema":{"@context":"https:\/\/schema.org","@graph":[{"@type":"Article","@id":"https:\/\/www.vrtulniky.sk\/news\/zakladne-aspekty-a-podstata-vladnych-systemov\/#article","isPartOf":{"@id":"https:\/\/www.vrtulniky.sk\/news\/zakladne-aspekty-a-podstata-vladnych-systemov\/"},"author":{"name":"simona7","@id":"https:\/\/www.vrtulniky.sk\/news\/#\/schema\/person\/e10adb2eb61e000c3645b156c0ca2378"},"headline":"Z\u00e1kladn\u00e9 aspekty a podstata vl\u00e1dnych syst\u00e9mov","datePublished":"2022-12-31T19:29:58+00:00","dateModified":"2024-05-13T12:58:06+00:00","mainEntityOfPage":{"@id":"https:\/\/www.vrtulniky.sk\/news\/zakladne-aspekty-a-podstata-vladnych-systemov\/"},"wordCount":831,"commentCount":0,"publisher":{"@id":"https:\/\/www.vrtulniky.sk\/news\/#organization"},"image":{"@id":"https:\/\/www.vrtulniky.sk\/news\/zakladne-aspekty-a-podstata-vladnych-systemov\/#primaryimage"},"thumbnailUrl":"https:\/\/www.vrtulniky.sk\/news\/wp-content\/uploads\/2022\/08\/elektrotechnicky-tovar.jpg","articleSection":["Eur\u00f3pska \u00fania","Relaxujem"],"inLanguage":"sk-SK","potentialAction":[{"@type":"CommentAction","name":"Comment","target":["https:\/\/www.vrtulniky.sk\/news\/zakladne-aspekty-a-podstata-vladnych-systemov\/#respond"]}]},{"@type":"WebPage","@id":"https:\/\/www.vrtulniky.sk\/news\/zakladne-aspekty-a-podstata-vladnych-systemov\/","url":"https:\/\/www.vrtulniky.sk\/news\/zakladne-aspekty-a-podstata-vladnych-systemov\/","name":"Z\u00e1kladn\u00e9 aspekty a podstata vl\u00e1dnych syst\u00e9mov","isPartOf":{"@id":"https:\/\/www.vrtulniky.sk\/news\/#website"},"primaryImageOfPage":{"@id":"https:\/\/www.vrtulniky.sk\/news\/zakladne-aspekty-a-podstata-vladnych-systemov\/#primaryimage"},"image":{"@id":"https:\/\/www.vrtulniky.sk\/news\/zakladne-aspekty-a-podstata-vladnych-systemov\/#primaryimage"},"thumbnailUrl":"https:\/\/www.vrtulniky.sk\/news\/wp-content\/uploads\/2022\/08\/elektrotechnicky-tovar.jpg","datePublished":"2022-12-31T19:29:58+00:00","dateModified":"2024-05-13T12:58:06+00:00","description":"Z\u00e1kladn\u00e9 aspekty a podstata vl\u00e1dnych syst\u00e9mov","breadcrumb":{"@id":"https:\/\/www.vrtulniky.sk\/news\/zakladne-aspekty-a-podstata-vladnych-systemov\/#breadcrumb"},"inLanguage":"sk-SK","potentialAction":[{"@type":"ReadAction","target":["https:\/\/www.vrtulniky.sk\/news\/zakladne-aspekty-a-podstata-vladnych-systemov\/"]}]},{"@type":"ImageObject","inLanguage":"sk-SK","@id":"https:\/\/www.vrtulniky.sk\/news\/zakladne-aspekty-a-podstata-vladnych-systemov\/#primaryimage","url":"https:\/\/www.vrtulniky.sk\/news\/wp-content\/uploads\/2022\/08\/elektrotechnicky-tovar.jpg","contentUrl":"https:\/\/www.vrtulniky.sk\/news\/wp-content\/uploads\/2022\/08\/elektrotechnicky-tovar.jpg","width":800,"height":600},{"@type":"BreadcrumbList","@id":"https:\/\/www.vrtulniky.sk\/news\/zakladne-aspekty-a-podstata-vladnych-systemov\/#breadcrumb","itemListElement":[{"@type":"ListItem","position":1,"name":"Home","item":"https:\/\/www.vrtulniky.sk\/news\/"},{"@type":"ListItem","position":2,"name":"Z\u00e1kladn\u00e9 aspekty a podstata vl\u00e1dnych syst\u00e9mov"}]},{"@type":"WebSite","@id":"https:\/\/www.vrtulniky.sk\/news\/#website","url":"https:\/\/www.vrtulniky.sk\/news\/","name":"Podnik\u00e1m, lietam a relaxujem","description":"Vrtu\u013en\u00edky.sk","publisher":{"@id":"https:\/\/www.vrtulniky.sk\/news\/#organization"},"potentialAction":[{"@type":"SearchAction","target":{"@type":"EntryPoint","urlTemplate":"https:\/\/www.vrtulniky.sk\/news\/?s={search_term_string}"},"query-input":{"@type":"PropertyValueSpecification","valueRequired":true,"valueName":"search_term_string"}}],"inLanguage":"sk-SK"},{"@type":"Organization","@id":"https:\/\/www.vrtulniky.sk\/news\/#organization","name":"Podnik\u00e1m, lietam a relaxujem","url":"https:\/\/www.vrtulniky.sk\/news\/","logo":{"@type":"ImageObject","inLanguage":"sk-SK","@id":"https:\/\/www.vrtulniky.sk\/news\/#\/schema\/logo\/image\/","url":"https:\/\/www.vrtulniky.sk\/news\/wp-content\/uploads\/2022\/08\/news-vrtulniky-sk-logo-e1660318023553.png","contentUrl":"https:\/\/www.vrtulniky.sk\/news\/wp-content\/uploads\/2022\/08\/news-vrtulniky-sk-logo-e1660318023553.png","width":201,"height":200,"caption":"Podnik\u00e1m, lietam a relaxujem"},"image":{"@id":"https:\/\/www.vrtulniky.sk\/news\/#\/schema\/logo\/image\/"},"sameAs":["https:\/\/www.facebook.com\/vrtulniky\/"]},{"@type":"Person","@id":"https:\/\/www.vrtulniky.sk\/news\/#\/schema\/person\/e10adb2eb61e000c3645b156c0ca2378","name":"simona7","url":"https:\/\/www.vrtulniky.sk\/news\/author\/simona7\/"}]}},"_links":{"self":[{"href":"https:\/\/www.vrtulniky.sk\/news\/wp-json\/wp\/v2\/posts\/8241","targetHints":{"allow":["GET"]}}],"collection":[{"href":"https:\/\/www.vrtulniky.sk\/news\/wp-json\/wp\/v2\/posts"}],"about":[{"href":"https:\/\/www.vrtulniky.sk\/news\/wp-json\/wp\/v2\/types\/post"}],"author":[{"embeddable":true,"href":"https:\/\/www.vrtulniky.sk\/news\/wp-json\/wp\/v2\/users\/14"}],"replies":[{"embeddable":true,"href":"https:\/\/www.vrtulniky.sk\/news\/wp-json\/wp\/v2\/comments?post=8241"}],"version-history":[{"count":0,"href":"https:\/\/www.vrtulniky.sk\/news\/wp-json\/wp\/v2\/posts\/8241\/revisions"}],"wp:featuredmedia":[{"embeddable":true,"href":"https:\/\/www.vrtulniky.sk\/news\/wp-json\/wp\/v2\/media\/24834"}],"wp:attachment":[{"href":"https:\/\/www.vrtulniky.sk\/news\/wp-json\/wp\/v2\/media?parent=8241"}],"wp:term":[{"taxonomy":"category","embeddable":true,"href":"https:\/\/www.vrtulniky.sk\/news\/wp-json\/wp\/v2\/categories?post=8241"},{"taxonomy":"post_tag","embeddable":true,"href":"https:\/\/www.vrtulniky.sk\/news\/wp-json\/wp\/v2\/tags?post=8241"}],"curies":[{"name":"wp","href":"https:\/\/api.w.org\/{rel}","templated":true}]}}