{"id":8254,"date":"2022-12-25T20:08:48","date_gmt":"2022-12-25T19:08:48","guid":{"rendered":"https:\/\/www.euroekonom.sk\/?p=8254"},"modified":"2024-05-13T14:58:07","modified_gmt":"2024-05-13T12:58:07","slug":"danova-reforma-na-slovensku","status":"publish","type":"post","link":"https:\/\/www.vrtulniky.sk\/news\/danova-reforma-na-slovensku\/","title":{"rendered":"Da\u0148ov\u00e1 reforma na Slovensku"},"content":{"rendered":"<h2>Da\u0148ov\u00fd syst\u00e9m pred reformou<\/h2>\n<p>Stav da\u0148ovej s\u00fastavy na Slovensku pred da\u0148ovou reformou:<\/p>\n<ul>\n<li>mnoho noveliz\u00e1ci\u00ed, v\u00fdnimiek a podmienok<\/li>\n<li>v\u00fdrazn\u00e9 skomplikovanie da\u0148ov\u00e9ho pr\u00e1va<\/li>\n<li>selekt\u00edvna da\u0148ov\u00e1 politika<\/li>\n<li>nejasn\u00fd vz\u0165ah k \u0161t\u00e1tnemu rozpo\u010dtu<\/li>\n<li>r\u00f4zne a nejasn\u00e9 zda\u0148ovanie r\u00f4znych skup\u00edn obyvate\u013estva<\/li>\n<li>vhodn\u00e9 podmienky pre rozvoj da\u0148ovej kriminality<\/li>\n<\/ul>\n<h2>\u00daloha da\u0148ovej reformy<\/h2>\n<p>\u00dalohou da\u0148ov\u00e9ho syst\u00e9mu bolo odstr\u00e1ni\u0165 nedostatky a deform\u00e1cie. Charakteristick\u00e9 znaky da\u0148ovej reformy na Slovensku:<\/p>\n<ul>\n<li>ide o zdanenie v\u0161etk\u00fdch druhov pr\u00edjmov rovnako a takto dosiahnu\u0165 \u010do najv\u00e4\u010d\u0161iu spravodlivos\u0165, neutralitu, zjednodu\u0161enie a \u00fa\u010dinnos\u0165.<\/li>\n<li>v\u00fdsledkom da\u0148ovej reformy je zn\u00ed\u017eenie v\u00e1hy priamych dan\u00ed.<\/li>\n<li>doteraj\u0161iu selekt\u00edvnu da\u0148ov\u00fa politiku nahradila plo\u0161n\u00e1 da\u0148ov\u00e1 politika, ktor\u00e1 vytv\u00e1ra v\u0161eobecne priazniv\u00e9 podmienky pre podnikanie a investovanie.<\/li>\n<li>z\u00e1kladnou podmienkou prijatia da\u0148ovej reformy je fi\u0161k\u00e1lna neutr\u00e1lnos\u0165, teda neutr\u00e1lnos\u0165 vo vz\u0165ahu k \u0161t\u00e1tnemu rozpo\u010dtu<\/li>\n<\/ul>\n<h2>Reforma zda\u0148ovania pr\u00edjmov<\/h2>\n<p>D\u00f4le\u017eit\u00fdm medzn\u00edkom bola da\u0148ov\u00e1 reforma z roku 2014. Jej cie\u013eom bolo odstr\u00e1nenie deforma\u010dn\u00fdch \u00fa\u010dinkov da\u0148ov\u00fdch z\u00e1konov, odstr\u00e1nenie dvojit\u00e9ho zdanenia pr\u00edjmov, zjednodu\u0161enie da\u0148ovej s\u00fastavy a zatrakt\u00edvnenie Slovenska ako krajiny zauj\u00edmavej pre zahrani\u010dn\u00fdch investorov.<br \/>\nDa\u0148ov\u00e1 reforma bola formulovan\u00e1 s cie\u013eom nastoli\u0165 v SR da\u0148ov\u00fd syst\u00e9m, ktor\u00fd motivuje \u013eud\u00ed pracova\u0165 viac, resp. akt\u00edvne si h\u013eada\u0165 zamestnanie, podnikate\u013eov investova\u0165 a vytv\u00e1ra\u0165 tak nov\u00e9 pracovn\u00e9 miesta.<br \/>\nZ\u00e1kladn\u00fdm a najvidite\u013enej\u0161\u00edm znakom reformy bolo zavedenie rovnej 19% sadzby dane pri dani z pr\u00edjmov a DPH. Zn\u00ed\u017eilo sa da\u0148ov\u00e9 za\u0165a\u017eenie fyzick\u00fdch os\u00f4b a pr\u00e1vnick\u00fdch os\u00f4b a da\u0148ov\u00e9 bremeno sa presunulo z priamych dan\u00ed na nepriame. Pilier da\u0148ovej reformy \u2013 nov\u00fd z\u00e1kon o dani z pr\u00edjmov. K zn\u00ed\u017eeniu za\u0165a\u017eenia fyzick\u00fdch os\u00f4b prispelo aj zv\u00fd\u0161enie nezdanite\u013enej \u010dasti z\u00e1kladu dane na da\u0148ovn\u00edka vo v\u00fd\u0161ke 22,5-n\u00e1sobku sumy \u017eivotn\u00e9ho minima (obdobie 2009 a\u017e 2010).<br \/>\nReformou prijat\u00e9 z\u00e1kony o spotrebn\u00fdch daniach \u2013 prijat\u00fdch 5 nov\u00fdch z\u00e1konov o daniach zo spotreby piva, v\u00edna, liehu, tabaku a tabakov\u00fdch v\u00fdrobkov a miner\u00e1lnych olejov.<\/p>\n<h2>Ciele da\u0148ovej reformy<\/h2>\n<ul>\n<li>vytvorenie priazniv\u00e9ho podnikate\u013esk\u00e9ho a investi\u010dn\u00e9ho prostredia,<\/li>\n<li>zjednodu\u0161enie, odstr\u00e1nenie slab\u00fdch str\u00e1nok a deforma\u010dn\u00fdch \u00fa\u010dinkov da\u0148ov\u00fdch z\u00e1konov,<\/li>\n<li>dosiahnutie vysok\u00e9ho stup\u0148a da\u0148ovej spravodlivosti rovn\u00fdm zda\u0148ovan\u00edm v\u0161etk\u00fdch druhov pr\u00edjmov,<\/li>\n<li>presun da\u0148ov\u00e9ho bremena z priamych dan\u00ed na nepriame, tzn. presun od zda\u0148ovania v\u00fdroby smerom k zda\u0148ovaniu spotreby,<\/li>\n<li>zavedenie n\u00edzkych da\u0148ov\u00fdch sadzieb a elimin\u00e1cia v\u0161etk\u00fdch v\u00fdnimiek, osloboden\u00ed od dane a \u0161peci\u00e1lnych re\u017eimov,<\/li>\n<li>zru\u0161enie progres\u00edvneho zda\u0148ovania pr\u00edjmov zaveden\u00edm rovnej dane,<\/li>\n<li>odstr\u00e1nenie deformuj\u00facich prvkov da\u0148ovej politiky,<\/li>\n<li>odstr\u00e1nenie dvojit\u00e9ho zdanenia pr\u00edjmov v maxim\u00e1lnej mo\u017enej miere<\/li>\n<li>zjednodu\u0161enie zda\u0148ovania priamymi da\u0148ami.<\/li>\n<\/ul>\n<h2>Pau\u0161\u00e1lna da\u0148 a rovn\u00e1 da\u0148<\/h2>\n<p>Od 1.1.2004 do\u0161lo k zru\u0161eniu pau\u0161\u00e1lnej dane (d\u00f4vod \u2013 je to nesyst\u00e9mov\u00fd prvok). Pod\u013ea nov\u00e9ho z\u00e1kona o daniach z pr\u00edjmov doch\u00e1dza k zredukovaniu okruhu pr\u00edjmov osloboden\u00fdch od dane.<\/p>\n<h3>V\u00fdhody rovnej dane<\/h3>\n<ul>\n<li>zjednodu\u0161enie syst\u00e9mu<\/li>\n<li>obmedzenie da\u0148ov\u00fdch \u00fanikov<\/li>\n<li>vy\u0161\u0161ia motiv\u00e1cia<\/li>\n<li>pr\u00edlev invest\u00edci\u00ed zo zahrani\u010dia<\/li>\n<li>zda\u0148ovanie iba raz<\/li>\n<\/ul>\n<h3>Nev\u00fdhody rovnej dane<\/h3>\n<ul>\n<li>zdra\u017eenie potrav\u00edn, energi\u00ed, liekov, pom\u00f4cok pre telesne postihnut\u00fdch, \u0161kolsk\u00fdch potrieb, b\u00fdvania, stavebn\u00fdch pr\u00e1c a pod. v d\u00f4sledku stanovenia jednotnej, no s\u00fa\u010dasne vy\u0161\u0161ej DPH,<\/li>\n<li>existen\u010dn\u00e9 probl\u00e9my niektor\u00fdch skup\u00edn obyvate\u013estva<\/li>\n<li>pokles \u017eivotnej \u00farovne strednej vrstvy obyvate\u013estva a naproti tomu v\u00fdrazn\u00e1 podpora najsolventnej\u0161ej \u010dasti obyvate\u013eov.<\/li>\n<\/ul>\n","protected":false},"excerpt":{"rendered":"<p>Da\u0148ov\u00fd syst\u00e9m pred reformou Stav da\u0148ovej s\u00fastavy na Slovensku pred da\u0148ovou reformou: mnoho noveliz\u00e1ci\u00ed, v\u00fdnimiek a podmienok v\u00fdrazn\u00e9 skomplikovanie da\u0148ov\u00e9ho pr\u00e1va selekt\u00edvna da\u0148ov\u00e1 politika nejasn\u00fd &hellip; <\/p>\n","protected":false},"author":14,"featured_media":25133,"comment_status":"open","ping_status":"closed","sticky":false,"template":"","format":"standard","meta":{"footnotes":""},"categories":[23,551],"tags":[],"class_list":["post-8254","post","type-post","status-publish","format-standard","has-post-thumbnail","hentry","category-financie","category-podnikam"],"yoast_head":"<!-- This site is optimized with the Yoast SEO plugin v27.5 - https:\/\/yoast.com\/product\/yoast-seo-wordpress\/ -->\n<title>Da\u0148ov\u00e1 reforma na Slovensku<\/title>\n<meta name=\"description\" content=\"Ciele a \u00falohy da\u0148ovej reformy na Slovensku. Pau\u0161\u00e1lna da\u0148 a rovn\u00e1 da\u0148. Slovensk\u00fd da\u0148ov\u00fd syst\u00e9m pred reformou a po da\u0148ovej reforme.\" \/>\n<meta name=\"robots\" content=\"index, follow, max-snippet:-1, max-image-preview:large, max-video-preview:-1\" \/>\n<link rel=\"canonical\" href=\"https:\/\/www.vrtulniky.sk\/news\/danova-reforma-na-slovensku\/\" \/>\n<meta property=\"og:locale\" content=\"sk_SK\" \/>\n<meta property=\"og:type\" content=\"article\" \/>\n<meta property=\"og:title\" content=\"Da\u0148ov\u00e1 reforma na Slovensku\" \/>\n<meta property=\"og:description\" content=\"Ciele a \u00falohy da\u0148ovej reformy na Slovensku. Pau\u0161\u00e1lna da\u0148 a rovn\u00e1 da\u0148. Slovensk\u00fd da\u0148ov\u00fd syst\u00e9m pred reformou a po da\u0148ovej reforme.\" \/>\n<meta property=\"og:url\" content=\"https:\/\/www.vrtulniky.sk\/news\/danova-reforma-na-slovensku\/\" \/>\n<meta property=\"og:site_name\" content=\"Podnik\u00e1m, lietam a relaxujem\" \/>\n<meta property=\"article:publisher\" content=\"https:\/\/www.facebook.com\/vrtulniky\/\" \/>\n<meta property=\"article:published_time\" content=\"2022-12-25T19:08:48+00:00\" \/>\n<meta property=\"article:modified_time\" content=\"2024-05-13T12:58:07+00:00\" \/>\n<meta property=\"og:image\" content=\"https:\/\/www.vrtulniky.sk\/news\/wp-content\/uploads\/2022\/08\/prijimackovy-test-z-matematiky-11.jpg\" \/>\n\t<meta property=\"og:image:width\" content=\"1201\" \/>\n\t<meta property=\"og:image:height\" content=\"1200\" \/>\n\t<meta property=\"og:image:type\" content=\"image\/jpeg\" \/>\n<meta name=\"author\" content=\"simona7\" \/>\n<meta name=\"twitter:card\" content=\"summary_large_image\" \/>\n<meta name=\"twitter:label1\" content=\"Autor\" \/>\n\t<meta name=\"twitter:data1\" content=\"simona7\" \/>\n\t<meta name=\"twitter:label2\" content=\"Predpokladan\u00fd \u010das \u010d\u00edtania\" \/>\n\t<meta name=\"twitter:data2\" content=\"3 min\u00faty\" \/>\n<script type=\"application\/ld+json\" class=\"yoast-schema-graph\">{\"@context\":\"https:\\\/\\\/schema.org\",\"@graph\":[{\"@type\":\"Article\",\"@id\":\"https:\\\/\\\/www.vrtulniky.sk\\\/news\\\/danova-reforma-na-slovensku\\\/#article\",\"isPartOf\":{\"@id\":\"https:\\\/\\\/www.vrtulniky.sk\\\/news\\\/danova-reforma-na-slovensku\\\/\"},\"author\":{\"name\":\"simona7\",\"@id\":\"https:\\\/\\\/www.vrtulniky.sk\\\/news\\\/#\\\/schema\\\/person\\\/e10adb2eb61e000c3645b156c0ca2378\"},\"headline\":\"Da\u0148ov\u00e1 reforma na Slovensku\",\"datePublished\":\"2022-12-25T19:08:48+00:00\",\"dateModified\":\"2024-05-13T12:58:07+00:00\",\"mainEntityOfPage\":{\"@id\":\"https:\\\/\\\/www.vrtulniky.sk\\\/news\\\/danova-reforma-na-slovensku\\\/\"},\"wordCount\":674,\"commentCount\":0,\"publisher\":{\"@id\":\"https:\\\/\\\/www.vrtulniky.sk\\\/news\\\/#organization\"},\"image\":{\"@id\":\"https:\\\/\\\/www.vrtulniky.sk\\\/news\\\/danova-reforma-na-slovensku\\\/#primaryimage\"},\"thumbnailUrl\":\"https:\\\/\\\/www.vrtulniky.sk\\\/news\\\/wp-content\\\/uploads\\\/2022\\\/08\\\/prijimackovy-test-z-matematiky-11.jpg\",\"articleSection\":[\"Financie\",\"Podnik\u00e1m\"],\"inLanguage\":\"sk-SK\",\"potentialAction\":[{\"@type\":\"CommentAction\",\"name\":\"Comment\",\"target\":[\"https:\\\/\\\/www.vrtulniky.sk\\\/news\\\/danova-reforma-na-slovensku\\\/#respond\"]}]},{\"@type\":\"WebPage\",\"@id\":\"https:\\\/\\\/www.vrtulniky.sk\\\/news\\\/danova-reforma-na-slovensku\\\/\",\"url\":\"https:\\\/\\\/www.vrtulniky.sk\\\/news\\\/danova-reforma-na-slovensku\\\/\",\"name\":\"Da\u0148ov\u00e1 reforma na Slovensku\",\"isPartOf\":{\"@id\":\"https:\\\/\\\/www.vrtulniky.sk\\\/news\\\/#website\"},\"primaryImageOfPage\":{\"@id\":\"https:\\\/\\\/www.vrtulniky.sk\\\/news\\\/danova-reforma-na-slovensku\\\/#primaryimage\"},\"image\":{\"@id\":\"https:\\\/\\\/www.vrtulniky.sk\\\/news\\\/danova-reforma-na-slovensku\\\/#primaryimage\"},\"thumbnailUrl\":\"https:\\\/\\\/www.vrtulniky.sk\\\/news\\\/wp-content\\\/uploads\\\/2022\\\/08\\\/prijimackovy-test-z-matematiky-11.jpg\",\"datePublished\":\"2022-12-25T19:08:48+00:00\",\"dateModified\":\"2024-05-13T12:58:07+00:00\",\"description\":\"Ciele a \u00falohy da\u0148ovej reformy na Slovensku. Pau\u0161\u00e1lna da\u0148 a rovn\u00e1 da\u0148. Slovensk\u00fd da\u0148ov\u00fd syst\u00e9m pred reformou a po da\u0148ovej reforme.\",\"breadcrumb\":{\"@id\":\"https:\\\/\\\/www.vrtulniky.sk\\\/news\\\/danova-reforma-na-slovensku\\\/#breadcrumb\"},\"inLanguage\":\"sk-SK\",\"potentialAction\":[{\"@type\":\"ReadAction\",\"target\":[\"https:\\\/\\\/www.vrtulniky.sk\\\/news\\\/danova-reforma-na-slovensku\\\/\"]}]},{\"@type\":\"ImageObject\",\"inLanguage\":\"sk-SK\",\"@id\":\"https:\\\/\\\/www.vrtulniky.sk\\\/news\\\/danova-reforma-na-slovensku\\\/#primaryimage\",\"url\":\"https:\\\/\\\/www.vrtulniky.sk\\\/news\\\/wp-content\\\/uploads\\\/2022\\\/08\\\/prijimackovy-test-z-matematiky-11.jpg\",\"contentUrl\":\"https:\\\/\\\/www.vrtulniky.sk\\\/news\\\/wp-content\\\/uploads\\\/2022\\\/08\\\/prijimackovy-test-z-matematiky-11.jpg\",\"width\":1201,\"height\":1200},{\"@type\":\"BreadcrumbList\",\"@id\":\"https:\\\/\\\/www.vrtulniky.sk\\\/news\\\/danova-reforma-na-slovensku\\\/#breadcrumb\",\"itemListElement\":[{\"@type\":\"ListItem\",\"position\":1,\"name\":\"Home\",\"item\":\"https:\\\/\\\/www.vrtulniky.sk\\\/news\\\/\"},{\"@type\":\"ListItem\",\"position\":2,\"name\":\"Da\u0148ov\u00e1 reforma na Slovensku\"}]},{\"@type\":\"WebSite\",\"@id\":\"https:\\\/\\\/www.vrtulniky.sk\\\/news\\\/#website\",\"url\":\"https:\\\/\\\/www.vrtulniky.sk\\\/news\\\/\",\"name\":\"Podnik\u00e1m, lietam a relaxujem\",\"description\":\"Vrtu\u013en\u00edky.sk\",\"publisher\":{\"@id\":\"https:\\\/\\\/www.vrtulniky.sk\\\/news\\\/#organization\"},\"potentialAction\":[{\"@type\":\"SearchAction\",\"target\":{\"@type\":\"EntryPoint\",\"urlTemplate\":\"https:\\\/\\\/www.vrtulniky.sk\\\/news\\\/?s={search_term_string}\"},\"query-input\":{\"@type\":\"PropertyValueSpecification\",\"valueRequired\":true,\"valueName\":\"search_term_string\"}}],\"inLanguage\":\"sk-SK\"},{\"@type\":\"Organization\",\"@id\":\"https:\\\/\\\/www.vrtulniky.sk\\\/news\\\/#organization\",\"name\":\"Podnik\u00e1m, lietam a relaxujem\",\"url\":\"https:\\\/\\\/www.vrtulniky.sk\\\/news\\\/\",\"logo\":{\"@type\":\"ImageObject\",\"inLanguage\":\"sk-SK\",\"@id\":\"https:\\\/\\\/www.vrtulniky.sk\\\/news\\\/#\\\/schema\\\/logo\\\/image\\\/\",\"url\":\"https:\\\/\\\/www.vrtulniky.sk\\\/news\\\/wp-content\\\/uploads\\\/2022\\\/08\\\/news-vrtulniky-sk-logo-e1660318023553.png\",\"contentUrl\":\"https:\\\/\\\/www.vrtulniky.sk\\\/news\\\/wp-content\\\/uploads\\\/2022\\\/08\\\/news-vrtulniky-sk-logo-e1660318023553.png\",\"width\":201,\"height\":200,\"caption\":\"Podnik\u00e1m, lietam a relaxujem\"},\"image\":{\"@id\":\"https:\\\/\\\/www.vrtulniky.sk\\\/news\\\/#\\\/schema\\\/logo\\\/image\\\/\"},\"sameAs\":[\"https:\\\/\\\/www.facebook.com\\\/vrtulniky\\\/\"]},{\"@type\":\"Person\",\"@id\":\"https:\\\/\\\/www.vrtulniky.sk\\\/news\\\/#\\\/schema\\\/person\\\/e10adb2eb61e000c3645b156c0ca2378\",\"name\":\"simona7\",\"url\":\"https:\\\/\\\/www.vrtulniky.sk\\\/news\\\/author\\\/simona7\\\/\"}]}<\/script>\n<!-- \/ Yoast SEO plugin. -->","yoast_head_json":{"title":"Da\u0148ov\u00e1 reforma na Slovensku","description":"Ciele a \u00falohy da\u0148ovej reformy na Slovensku. Pau\u0161\u00e1lna da\u0148 a rovn\u00e1 da\u0148. Slovensk\u00fd da\u0148ov\u00fd syst\u00e9m pred reformou a po da\u0148ovej reforme.","robots":{"index":"index","follow":"follow","max-snippet":"max-snippet:-1","max-image-preview":"max-image-preview:large","max-video-preview":"max-video-preview:-1"},"canonical":"https:\/\/www.vrtulniky.sk\/news\/danova-reforma-na-slovensku\/","og_locale":"sk_SK","og_type":"article","og_title":"Da\u0148ov\u00e1 reforma na Slovensku","og_description":"Ciele a \u00falohy da\u0148ovej reformy na Slovensku. Pau\u0161\u00e1lna da\u0148 a rovn\u00e1 da\u0148. Slovensk\u00fd da\u0148ov\u00fd syst\u00e9m pred reformou a po da\u0148ovej reforme.","og_url":"https:\/\/www.vrtulniky.sk\/news\/danova-reforma-na-slovensku\/","og_site_name":"Podnik\u00e1m, lietam a relaxujem","article_publisher":"https:\/\/www.facebook.com\/vrtulniky\/","article_published_time":"2022-12-25T19:08:48+00:00","article_modified_time":"2024-05-13T12:58:07+00:00","og_image":[{"width":1201,"height":1200,"url":"https:\/\/www.vrtulniky.sk\/news\/wp-content\/uploads\/2022\/08\/prijimackovy-test-z-matematiky-11.jpg","type":"image\/jpeg"}],"author":"simona7","twitter_card":"summary_large_image","twitter_misc":{"Autor":"simona7","Predpokladan\u00fd \u010das \u010d\u00edtania":"3 min\u00faty"},"schema":{"@context":"https:\/\/schema.org","@graph":[{"@type":"Article","@id":"https:\/\/www.vrtulniky.sk\/news\/danova-reforma-na-slovensku\/#article","isPartOf":{"@id":"https:\/\/www.vrtulniky.sk\/news\/danova-reforma-na-slovensku\/"},"author":{"name":"simona7","@id":"https:\/\/www.vrtulniky.sk\/news\/#\/schema\/person\/e10adb2eb61e000c3645b156c0ca2378"},"headline":"Da\u0148ov\u00e1 reforma na Slovensku","datePublished":"2022-12-25T19:08:48+00:00","dateModified":"2024-05-13T12:58:07+00:00","mainEntityOfPage":{"@id":"https:\/\/www.vrtulniky.sk\/news\/danova-reforma-na-slovensku\/"},"wordCount":674,"commentCount":0,"publisher":{"@id":"https:\/\/www.vrtulniky.sk\/news\/#organization"},"image":{"@id":"https:\/\/www.vrtulniky.sk\/news\/danova-reforma-na-slovensku\/#primaryimage"},"thumbnailUrl":"https:\/\/www.vrtulniky.sk\/news\/wp-content\/uploads\/2022\/08\/prijimackovy-test-z-matematiky-11.jpg","articleSection":["Financie","Podnik\u00e1m"],"inLanguage":"sk-SK","potentialAction":[{"@type":"CommentAction","name":"Comment","target":["https:\/\/www.vrtulniky.sk\/news\/danova-reforma-na-slovensku\/#respond"]}]},{"@type":"WebPage","@id":"https:\/\/www.vrtulniky.sk\/news\/danova-reforma-na-slovensku\/","url":"https:\/\/www.vrtulniky.sk\/news\/danova-reforma-na-slovensku\/","name":"Da\u0148ov\u00e1 reforma na Slovensku","isPartOf":{"@id":"https:\/\/www.vrtulniky.sk\/news\/#website"},"primaryImageOfPage":{"@id":"https:\/\/www.vrtulniky.sk\/news\/danova-reforma-na-slovensku\/#primaryimage"},"image":{"@id":"https:\/\/www.vrtulniky.sk\/news\/danova-reforma-na-slovensku\/#primaryimage"},"thumbnailUrl":"https:\/\/www.vrtulniky.sk\/news\/wp-content\/uploads\/2022\/08\/prijimackovy-test-z-matematiky-11.jpg","datePublished":"2022-12-25T19:08:48+00:00","dateModified":"2024-05-13T12:58:07+00:00","description":"Ciele a \u00falohy da\u0148ovej reformy na Slovensku. Pau\u0161\u00e1lna da\u0148 a rovn\u00e1 da\u0148. Slovensk\u00fd da\u0148ov\u00fd syst\u00e9m pred reformou a po da\u0148ovej reforme.","breadcrumb":{"@id":"https:\/\/www.vrtulniky.sk\/news\/danova-reforma-na-slovensku\/#breadcrumb"},"inLanguage":"sk-SK","potentialAction":[{"@type":"ReadAction","target":["https:\/\/www.vrtulniky.sk\/news\/danova-reforma-na-slovensku\/"]}]},{"@type":"ImageObject","inLanguage":"sk-SK","@id":"https:\/\/www.vrtulniky.sk\/news\/danova-reforma-na-slovensku\/#primaryimage","url":"https:\/\/www.vrtulniky.sk\/news\/wp-content\/uploads\/2022\/08\/prijimackovy-test-z-matematiky-11.jpg","contentUrl":"https:\/\/www.vrtulniky.sk\/news\/wp-content\/uploads\/2022\/08\/prijimackovy-test-z-matematiky-11.jpg","width":1201,"height":1200},{"@type":"BreadcrumbList","@id":"https:\/\/www.vrtulniky.sk\/news\/danova-reforma-na-slovensku\/#breadcrumb","itemListElement":[{"@type":"ListItem","position":1,"name":"Home","item":"https:\/\/www.vrtulniky.sk\/news\/"},{"@type":"ListItem","position":2,"name":"Da\u0148ov\u00e1 reforma na Slovensku"}]},{"@type":"WebSite","@id":"https:\/\/www.vrtulniky.sk\/news\/#website","url":"https:\/\/www.vrtulniky.sk\/news\/","name":"Podnik\u00e1m, lietam a relaxujem","description":"Vrtu\u013en\u00edky.sk","publisher":{"@id":"https:\/\/www.vrtulniky.sk\/news\/#organization"},"potentialAction":[{"@type":"SearchAction","target":{"@type":"EntryPoint","urlTemplate":"https:\/\/www.vrtulniky.sk\/news\/?s={search_term_string}"},"query-input":{"@type":"PropertyValueSpecification","valueRequired":true,"valueName":"search_term_string"}}],"inLanguage":"sk-SK"},{"@type":"Organization","@id":"https:\/\/www.vrtulniky.sk\/news\/#organization","name":"Podnik\u00e1m, lietam a relaxujem","url":"https:\/\/www.vrtulniky.sk\/news\/","logo":{"@type":"ImageObject","inLanguage":"sk-SK","@id":"https:\/\/www.vrtulniky.sk\/news\/#\/schema\/logo\/image\/","url":"https:\/\/www.vrtulniky.sk\/news\/wp-content\/uploads\/2022\/08\/news-vrtulniky-sk-logo-e1660318023553.png","contentUrl":"https:\/\/www.vrtulniky.sk\/news\/wp-content\/uploads\/2022\/08\/news-vrtulniky-sk-logo-e1660318023553.png","width":201,"height":200,"caption":"Podnik\u00e1m, lietam a relaxujem"},"image":{"@id":"https:\/\/www.vrtulniky.sk\/news\/#\/schema\/logo\/image\/"},"sameAs":["https:\/\/www.facebook.com\/vrtulniky\/"]},{"@type":"Person","@id":"https:\/\/www.vrtulniky.sk\/news\/#\/schema\/person\/e10adb2eb61e000c3645b156c0ca2378","name":"simona7","url":"https:\/\/www.vrtulniky.sk\/news\/author\/simona7\/"}]}},"_links":{"self":[{"href":"https:\/\/www.vrtulniky.sk\/news\/wp-json\/wp\/v2\/posts\/8254","targetHints":{"allow":["GET"]}}],"collection":[{"href":"https:\/\/www.vrtulniky.sk\/news\/wp-json\/wp\/v2\/posts"}],"about":[{"href":"https:\/\/www.vrtulniky.sk\/news\/wp-json\/wp\/v2\/types\/post"}],"author":[{"embeddable":true,"href":"https:\/\/www.vrtulniky.sk\/news\/wp-json\/wp\/v2\/users\/14"}],"replies":[{"embeddable":true,"href":"https:\/\/www.vrtulniky.sk\/news\/wp-json\/wp\/v2\/comments?post=8254"}],"version-history":[{"count":0,"href":"https:\/\/www.vrtulniky.sk\/news\/wp-json\/wp\/v2\/posts\/8254\/revisions"}],"wp:featuredmedia":[{"embeddable":true,"href":"https:\/\/www.vrtulniky.sk\/news\/wp-json\/wp\/v2\/media\/25133"}],"wp:attachment":[{"href":"https:\/\/www.vrtulniky.sk\/news\/wp-json\/wp\/v2\/media?parent=8254"}],"wp:term":[{"taxonomy":"category","embeddable":true,"href":"https:\/\/www.vrtulniky.sk\/news\/wp-json\/wp\/v2\/categories?post=8254"},{"taxonomy":"post_tag","embeddable":true,"href":"https:\/\/www.vrtulniky.sk\/news\/wp-json\/wp\/v2\/tags?post=8254"}],"curies":[{"name":"wp","href":"https:\/\/api.w.org\/{rel}","templated":true}]}}