{"id":8321,"date":"2023-01-01T07:38:26","date_gmt":"2023-01-01T06:38:26","guid":{"rendered":"https:\/\/www.euroekonom.sk\/?p=8321"},"modified":"2024-05-13T14:58:06","modified_gmt":"2024-05-13T12:58:06","slug":"horizontalna-integracia-akvizicia-a-fuzia","status":"publish","type":"post","link":"https:\/\/www.vrtulniky.sk\/news\/horizontalna-integracia-akvizicia-a-fuzia\/","title":{"rendered":"Horizont\u00e1lna integr\u00e1cia: Akviz\u00edcia a f\u00fazia"},"content":{"rendered":"<h2>F\u00fazia &#8211; horizont\u00e1lna integr\u00e1cia<\/h2>\n<p>F\u00fazia je spojenie dvoch rovnocenn\u00fdch spolo\u010dnost\u00ed, pri\u010dom jedna z nich si nech\u00e1va svoje meno a identitu a druh\u00e1 ju str\u00e1ca a preber\u00e1 identitu tej prvej. Zjednotenie je v\u00e4\u010d\u0161inou v akciov\u00fdch spolo\u010dnostiach.<br \/>\nF\u00fazie m\u00f4\u017eu by\u0165 jednou z met\u00f3d rastu podnikov. Na rozdiel od organick\u00e9ho rastu umo\u017e\u0148uj\u00fa ove\u013ea r\u00fdchlej\u0161\u00ed rast a roz\u0161irovanie podniku. Zo svojej podstaty v\u0161ak f\u00fazie spolo\u010dnost\u00ed skr\u00fdvaj\u00fa mnoho riz\u00edk, predov\u0161etk\u00fdm je to riziko kult\u00farno &#8211; organiza\u010dn\u00e9ho aspektu, ktor\u00e9 m\u00f4\u017ee by\u0165 d\u00f4vodom ne\u00faspe\u0161nej f\u00fazie &#8211; spojenie dvoch firiem s rozdielnou kult\u00farou a organiza\u010dn\u00fdmi zvyklos\u0165ami. \u010eal\u0161\u00edmi d\u00f4vodmi s\u00fa nere\u00e1lne odhady bud\u00faceho potenci\u00e1lu \u00fa\u010dastn\u00edkov f\u00fazi\u00ed, rozdielna alebo ch\u00fdbaj\u00face strat\u00e9gie a nesk\u00fasenos\u0165 mana\u017ementu s akvizi\u010dn\u00fdmi procesmi. Pomocou f\u00fazi\u00ed rast\u00fa predov\u0161etk\u00fdm ve\u013ek\u00e9 nadn\u00e1rodn\u00e9 koncerny, ktor\u00e9 t\u00fdm r\u00fdchlo z\u00edskavaj\u00fa nov\u00e9 trhy, z\u00edskavaj\u00fa nov\u00e9 technol\u00f3gie, \u200b\u200bpatenty, optimalizuj\u00fa svoje da\u0148ov\u00e9 za\u0165a\u017eenie alebo alokuj\u00fa vo\u013en\u00fd kapit\u00e1l.<\/p>\n<h3>Uk\u00e1\u017eka f\u00fazie<\/h3>\n<p>V \u010dl\u00e1nku Zl\u00fa\u010denie Slovanetu a ViaPVT bolo zap\u00edsan\u00e9 do obchodn\u00e9ho registra sa uv\u00e1dza pr\u00edklad f\u00fazie:<br \/>\nTridsiateho apr\u00edla z\u00e1pisom do obchodn\u00e9ho registra nadobudlo \u00fa\u010dinnos\u0165 zl\u00fa\u010denie spolo\u010dnost\u00ed Slovanet, a.s., Tren\u010d\u00edn a ViaPVT, a.s., Bratislava do n\u00e1stupn\u00edckej spolo\u010dnosti ViaPVT, a.s., ktor\u00e1 z\u00e1rove\u0148 zmenila svoje obchodn\u00e9 meno na Slovanet, a.s.. F\u00faziou vznikol najv\u00e4\u010d\u0161\u00ed nez\u00e1visl\u00fd poskytovate\u013e internetov\u00fdch a komunika\u010dn\u00fdch slu\u017eieb na Slovensku.<br \/>\nZl\u00fa\u010denie spolo\u010dnost\u00ed Slovanet a ViaPVT, tvoriacich slovensk\u00fa \u010das\u0165 holandsk\u00e9ho SlovaNet Holding, B.V., prebehlo na z\u00e1klade rozhodnutia ich spolo\u010dn\u00e9ho akcion\u00e1ra zo d\u0148a 18.12.2002 a Zmluvy o zl\u00fa\u010den\u00ed oboch spolo\u010dnost\u00ed schv\u00e1lenej toho ist\u00e9ho d\u0148a. P\u00f4vodn\u00e1 spolo\u010dnos\u0165 Slovanet, a.s., Tren\u010d\u00edn bola rozhodnut\u00edm akcion\u00e1ra ku d\u0148u 31.12.2002 zru\u0161en\u00e1 bez likvid\u00e1cie a zl\u00fa\u010den\u00e1 so spolo\u010dnos\u0165ou ViaPVT, a.s. Z\u00e1rove\u0148 so zl\u00fa\u010den\u00edm bola ViaPVT, a.s. premenovan\u00e1 na Slovanet, a.s. V\u00fdsledn\u00e1 spolo\u010dnos\u0165 m\u00e1 teda znaky oboch p\u00f4vodn\u00fdch \u2013 meno \u201dp\u00f4vodn\u00e9ho\u201d Slovanetu a v\u0161etky ostatn\u00e9 \u00fadaje spolo\u010dnosti ViaPVT.<\/p>\n<h2>Akviz\u00edcia &#8211; horizon\u00e1lna integr\u00e1cia<\/h2>\n<p><strong>Akviz\u00edcia<\/strong> je vlastne pohltenie men\u0161ej alebo ekonomicky slab\u0161ej spolo\u010dnosti v\u00e4\u010d\u0161ou. Pr\u00edpadne, ak men\u0161iu firmu pohlt\u00ed silnej\u0161ia spolo\u010dnos\u0165 s v\u00e4\u010d\u0161\u00edm kapit\u00e1lom. Firma sk\u00fapi majoritn\u00fa v\u00e4\u010d\u0161inu firmy a t\u00fdm aj v\u00e4\u010d\u0161inu akci\u00ed s hlasovac\u00edm pr\u00e1vom.<br \/>\nAkviz\u00edcie znamenaj\u00fa principi\u00e1lne tvorbu novej hodnoty podniku. Nemo\u017eno s\u00edce s \u00faplnou ur\u010ditos\u0165ou poveda\u0165, \u017ee akviz\u00edcie v\u017edy zv\u00fd\u0161ia hodnotu podniku; s\u00fa zn\u00e1me aj pr\u00edpady, ke\u010f bezprostredne po akviz\u00edcii cena akci\u00ed materskej firmy na trhu klesla. Ba dokonca s\u00fa zn\u00e1me aj pr\u00edpady, ke\u010f podnik po \u010dase musel prik\u00fapen\u00fa firmu preda\u0165, preto\u017ee ju nedok\u00e1zal integrova\u0165 do svojej podnikovej kult\u00fary. (Ako pr\u00edklad m\u00f4\u017ee posl\u00fa\u017ei\u0165 ne\u00faspe\u0161n\u00fd &#8222;sob\u00e1\u0161&#8220; Grundigu s Philipsom.)<\/p>\n<h3>Uk\u00e1\u017eka akviz\u00edcie<\/h3>\n<p>Najv\u00e4\u010d\u0161ieho v\u00fdrobcu papierov\u00fdch hygienick\u00fdch v\u00fdrobkov na Slovensku Tento \u017dilina ovl\u00e1dol f\u00ednsky investor. Spolo\u010dnos\u0165 Mets\u00e4 Tissue uzavrela dohodu o \u00faplnom prevzat\u00ed \u017eilinsk\u00e9ho podniku. Ohl\u00e1sen\u00fa akviz\u00edciu e\u0161te musel povoli\u0165 Protimonopoln\u00fd \u00farad.<br \/>\nF\u00ednsky investor z\u00edskal 100 percent akci\u00ed Tenta v\u00fdmenou za 15 percent vlastn\u00fdch akci\u00ed, v\u010faka ktor\u00fdm sa majite\u013e \u017eilinsk\u00fdch papiern\u00ed Jozef Anto\u0161\u00edk sa stal druh\u00fdm najv\u00e4\u010d\u0161\u00edm akcion\u00e1rom Mets\u00e4 Tissue. Najv\u00e4\u010d\u0161\u00edm akcion\u00e1rom f\u00ednskeho holdingu zostala skupina Mets\u00e4liitto Group.<\/p>\n","protected":false},"excerpt":{"rendered":"<p>F\u00fazia &#8211; horizont\u00e1lna integr\u00e1cia F\u00fazia je spojenie dvoch rovnocenn\u00fdch spolo\u010dnost\u00ed, pri\u010dom jedna z nich si nech\u00e1va svoje meno a identitu a druh\u00e1 ju str\u00e1ca a &hellip; <\/p>\n","protected":false},"author":12,"featured_media":25090,"comment_status":"open","ping_status":"closed","sticky":false,"template":"","format":"standard","meta":{"footnotes":""},"categories":[551,52],"tags":[],"class_list":["post-8321","post","type-post","status-publish","format-standard","has-post-thumbnail","hentry","category-podnikam","category-podnikanie"],"yoast_head":"<!-- This site is optimized with the Yoast SEO plugin v27.5 - https:\/\/yoast.com\/product\/yoast-seo-wordpress\/ -->\n<title>Horizont\u00e1lna integr\u00e1cia: Akviz\u00edcia a f\u00fazia<\/title>\n<meta name=\"description\" content=\"Rozdiel medzi akviz\u00edciou a f\u00faziou. Defin\u00edcia akviz\u00edcie a f\u00fazie. Uk\u00e1\u017ekov\u00e9 pr\u00edklady akv\u00edz\u00edci\u00ed a f\u00fazi\u00ed.\" \/>\n<meta name=\"robots\" content=\"index, follow, max-snippet:-1, max-image-preview:large, max-video-preview:-1\" \/>\n<link rel=\"canonical\" href=\"https:\/\/www.vrtulniky.sk\/news\/horizontalna-integracia-akvizicia-a-fuzia\/\" \/>\n<meta property=\"og:locale\" content=\"sk_SK\" \/>\n<meta property=\"og:type\" content=\"article\" \/>\n<meta property=\"og:title\" content=\"Horizont\u00e1lna integr\u00e1cia: Akviz\u00edcia a f\u00fazia\" \/>\n<meta property=\"og:description\" content=\"Rozdiel medzi akviz\u00edciou a f\u00faziou. Defin\u00edcia akviz\u00edcie a f\u00fazie. Uk\u00e1\u017ekov\u00e9 pr\u00edklady akv\u00edz\u00edci\u00ed a f\u00fazi\u00ed.\" \/>\n<meta property=\"og:url\" content=\"https:\/\/www.vrtulniky.sk\/news\/horizontalna-integracia-akvizicia-a-fuzia\/\" \/>\n<meta property=\"og:site_name\" content=\"Podnik\u00e1m, lietam a relaxujem\" \/>\n<meta property=\"article:publisher\" content=\"https:\/\/www.facebook.com\/vrtulniky\/\" \/>\n<meta property=\"article:published_time\" content=\"2023-01-01T06:38:26+00:00\" \/>\n<meta property=\"article:modified_time\" content=\"2024-05-13T12:58:06+00:00\" \/>\n<meta property=\"og:image\" content=\"https:\/\/www.vrtulniky.sk\/news\/wp-content\/uploads\/2022\/08\/podnikanie.jpg\" \/>\n\t<meta property=\"og:image:width\" content=\"1046\" \/>\n\t<meta property=\"og:image:height\" content=\"757\" \/>\n\t<meta property=\"og:image:type\" content=\"image\/jpeg\" \/>\n<meta name=\"author\" content=\"suedig\" \/>\n<meta name=\"twitter:card\" content=\"summary_large_image\" \/>\n<meta name=\"twitter:label1\" content=\"Autor\" \/>\n\t<meta name=\"twitter:data1\" content=\"suedig\" \/>\n\t<meta name=\"twitter:label2\" content=\"Predpokladan\u00fd \u010das \u010d\u00edtania\" \/>\n\t<meta name=\"twitter:data2\" content=\"2 min\u00faty\" \/>\n<script type=\"application\/ld+json\" class=\"yoast-schema-graph\">{\"@context\":\"https:\\\/\\\/schema.org\",\"@graph\":[{\"@type\":\"Article\",\"@id\":\"https:\\\/\\\/www.vrtulniky.sk\\\/news\\\/horizontalna-integracia-akvizicia-a-fuzia\\\/#article\",\"isPartOf\":{\"@id\":\"https:\\\/\\\/www.vrtulniky.sk\\\/news\\\/horizontalna-integracia-akvizicia-a-fuzia\\\/\"},\"author\":{\"name\":\"suedig\",\"@id\":\"https:\\\/\\\/www.vrtulniky.sk\\\/news\\\/#\\\/schema\\\/person\\\/82ab6b938e6af0552423beca164013e3\"},\"headline\":\"Horizont\u00e1lna integr\u00e1cia: Akviz\u00edcia a f\u00fazia\",\"datePublished\":\"2023-01-01T06:38:26+00:00\",\"dateModified\":\"2024-05-13T12:58:06+00:00\",\"mainEntityOfPage\":{\"@id\":\"https:\\\/\\\/www.vrtulniky.sk\\\/news\\\/horizontalna-integracia-akvizicia-a-fuzia\\\/\"},\"wordCount\":652,\"commentCount\":1,\"publisher\":{\"@id\":\"https:\\\/\\\/www.vrtulniky.sk\\\/news\\\/#organization\"},\"image\":{\"@id\":\"https:\\\/\\\/www.vrtulniky.sk\\\/news\\\/horizontalna-integracia-akvizicia-a-fuzia\\\/#primaryimage\"},\"thumbnailUrl\":\"https:\\\/\\\/www.vrtulniky.sk\\\/news\\\/wp-content\\\/uploads\\\/2022\\\/08\\\/podnikanie.jpg\",\"articleSection\":[\"Podnik\u00e1m\",\"Podnikanie\"],\"inLanguage\":\"sk-SK\",\"potentialAction\":[{\"@type\":\"CommentAction\",\"name\":\"Comment\",\"target\":[\"https:\\\/\\\/www.vrtulniky.sk\\\/news\\\/horizontalna-integracia-akvizicia-a-fuzia\\\/#respond\"]}]},{\"@type\":\"WebPage\",\"@id\":\"https:\\\/\\\/www.vrtulniky.sk\\\/news\\\/horizontalna-integracia-akvizicia-a-fuzia\\\/\",\"url\":\"https:\\\/\\\/www.vrtulniky.sk\\\/news\\\/horizontalna-integracia-akvizicia-a-fuzia\\\/\",\"name\":\"Horizont\u00e1lna integr\u00e1cia: Akviz\u00edcia a f\u00fazia\",\"isPartOf\":{\"@id\":\"https:\\\/\\\/www.vrtulniky.sk\\\/news\\\/#website\"},\"primaryImageOfPage\":{\"@id\":\"https:\\\/\\\/www.vrtulniky.sk\\\/news\\\/horizontalna-integracia-akvizicia-a-fuzia\\\/#primaryimage\"},\"image\":{\"@id\":\"https:\\\/\\\/www.vrtulniky.sk\\\/news\\\/horizontalna-integracia-akvizicia-a-fuzia\\\/#primaryimage\"},\"thumbnailUrl\":\"https:\\\/\\\/www.vrtulniky.sk\\\/news\\\/wp-content\\\/uploads\\\/2022\\\/08\\\/podnikanie.jpg\",\"datePublished\":\"2023-01-01T06:38:26+00:00\",\"dateModified\":\"2024-05-13T12:58:06+00:00\",\"description\":\"Rozdiel medzi akviz\u00edciou a f\u00faziou. Defin\u00edcia akviz\u00edcie a f\u00fazie. Uk\u00e1\u017ekov\u00e9 pr\u00edklady akv\u00edz\u00edci\u00ed a f\u00fazi\u00ed.\",\"breadcrumb\":{\"@id\":\"https:\\\/\\\/www.vrtulniky.sk\\\/news\\\/horizontalna-integracia-akvizicia-a-fuzia\\\/#breadcrumb\"},\"inLanguage\":\"sk-SK\",\"potentialAction\":[{\"@type\":\"ReadAction\",\"target\":[\"https:\\\/\\\/www.vrtulniky.sk\\\/news\\\/horizontalna-integracia-akvizicia-a-fuzia\\\/\"]}]},{\"@type\":\"ImageObject\",\"inLanguage\":\"sk-SK\",\"@id\":\"https:\\\/\\\/www.vrtulniky.sk\\\/news\\\/horizontalna-integracia-akvizicia-a-fuzia\\\/#primaryimage\",\"url\":\"https:\\\/\\\/www.vrtulniky.sk\\\/news\\\/wp-content\\\/uploads\\\/2022\\\/08\\\/podnikanie.jpg\",\"contentUrl\":\"https:\\\/\\\/www.vrtulniky.sk\\\/news\\\/wp-content\\\/uploads\\\/2022\\\/08\\\/podnikanie.jpg\",\"width\":1046,\"height\":757},{\"@type\":\"BreadcrumbList\",\"@id\":\"https:\\\/\\\/www.vrtulniky.sk\\\/news\\\/horizontalna-integracia-akvizicia-a-fuzia\\\/#breadcrumb\",\"itemListElement\":[{\"@type\":\"ListItem\",\"position\":1,\"name\":\"Home\",\"item\":\"https:\\\/\\\/www.vrtulniky.sk\\\/news\\\/\"},{\"@type\":\"ListItem\",\"position\":2,\"name\":\"Horizont\u00e1lna integr\u00e1cia: Akviz\u00edcia a f\u00fazia\"}]},{\"@type\":\"WebSite\",\"@id\":\"https:\\\/\\\/www.vrtulniky.sk\\\/news\\\/#website\",\"url\":\"https:\\\/\\\/www.vrtulniky.sk\\\/news\\\/\",\"name\":\"Podnik\u00e1m, lietam a relaxujem\",\"description\":\"Vrtu\u013en\u00edky.sk\",\"publisher\":{\"@id\":\"https:\\\/\\\/www.vrtulniky.sk\\\/news\\\/#organization\"},\"potentialAction\":[{\"@type\":\"SearchAction\",\"target\":{\"@type\":\"EntryPoint\",\"urlTemplate\":\"https:\\\/\\\/www.vrtulniky.sk\\\/news\\\/?s={search_term_string}\"},\"query-input\":{\"@type\":\"PropertyValueSpecification\",\"valueRequired\":true,\"valueName\":\"search_term_string\"}}],\"inLanguage\":\"sk-SK\"},{\"@type\":\"Organization\",\"@id\":\"https:\\\/\\\/www.vrtulniky.sk\\\/news\\\/#organization\",\"name\":\"Podnik\u00e1m, lietam a relaxujem\",\"url\":\"https:\\\/\\\/www.vrtulniky.sk\\\/news\\\/\",\"logo\":{\"@type\":\"ImageObject\",\"inLanguage\":\"sk-SK\",\"@id\":\"https:\\\/\\\/www.vrtulniky.sk\\\/news\\\/#\\\/schema\\\/logo\\\/image\\\/\",\"url\":\"https:\\\/\\\/www.vrtulniky.sk\\\/news\\\/wp-content\\\/uploads\\\/2022\\\/08\\\/news-vrtulniky-sk-logo-e1660318023553.png\",\"contentUrl\":\"https:\\\/\\\/www.vrtulniky.sk\\\/news\\\/wp-content\\\/uploads\\\/2022\\\/08\\\/news-vrtulniky-sk-logo-e1660318023553.png\",\"width\":201,\"height\":200,\"caption\":\"Podnik\u00e1m, lietam a relaxujem\"},\"image\":{\"@id\":\"https:\\\/\\\/www.vrtulniky.sk\\\/news\\\/#\\\/schema\\\/logo\\\/image\\\/\"},\"sameAs\":[\"https:\\\/\\\/www.facebook.com\\\/vrtulniky\\\/\"]},{\"@type\":\"Person\",\"@id\":\"https:\\\/\\\/www.vrtulniky.sk\\\/news\\\/#\\\/schema\\\/person\\\/82ab6b938e6af0552423beca164013e3\",\"name\":\"suedig\",\"url\":\"https:\\\/\\\/www.vrtulniky.sk\\\/news\\\/author\\\/suedig\\\/\"}]}<\/script>\n<!-- \/ Yoast SEO plugin. -->","yoast_head_json":{"title":"Horizont\u00e1lna integr\u00e1cia: Akviz\u00edcia a f\u00fazia","description":"Rozdiel medzi akviz\u00edciou a f\u00faziou. Defin\u00edcia akviz\u00edcie a f\u00fazie. Uk\u00e1\u017ekov\u00e9 pr\u00edklady akv\u00edz\u00edci\u00ed a f\u00fazi\u00ed.","robots":{"index":"index","follow":"follow","max-snippet":"max-snippet:-1","max-image-preview":"max-image-preview:large","max-video-preview":"max-video-preview:-1"},"canonical":"https:\/\/www.vrtulniky.sk\/news\/horizontalna-integracia-akvizicia-a-fuzia\/","og_locale":"sk_SK","og_type":"article","og_title":"Horizont\u00e1lna integr\u00e1cia: Akviz\u00edcia a f\u00fazia","og_description":"Rozdiel medzi akviz\u00edciou a f\u00faziou. Defin\u00edcia akviz\u00edcie a f\u00fazie. Uk\u00e1\u017ekov\u00e9 pr\u00edklady akv\u00edz\u00edci\u00ed a f\u00fazi\u00ed.","og_url":"https:\/\/www.vrtulniky.sk\/news\/horizontalna-integracia-akvizicia-a-fuzia\/","og_site_name":"Podnik\u00e1m, lietam a relaxujem","article_publisher":"https:\/\/www.facebook.com\/vrtulniky\/","article_published_time":"2023-01-01T06:38:26+00:00","article_modified_time":"2024-05-13T12:58:06+00:00","og_image":[{"width":1046,"height":757,"url":"https:\/\/www.vrtulniky.sk\/news\/wp-content\/uploads\/2022\/08\/podnikanie.jpg","type":"image\/jpeg"}],"author":"suedig","twitter_card":"summary_large_image","twitter_misc":{"Autor":"suedig","Predpokladan\u00fd \u010das \u010d\u00edtania":"2 min\u00faty"},"schema":{"@context":"https:\/\/schema.org","@graph":[{"@type":"Article","@id":"https:\/\/www.vrtulniky.sk\/news\/horizontalna-integracia-akvizicia-a-fuzia\/#article","isPartOf":{"@id":"https:\/\/www.vrtulniky.sk\/news\/horizontalna-integracia-akvizicia-a-fuzia\/"},"author":{"name":"suedig","@id":"https:\/\/www.vrtulniky.sk\/news\/#\/schema\/person\/82ab6b938e6af0552423beca164013e3"},"headline":"Horizont\u00e1lna integr\u00e1cia: Akviz\u00edcia a f\u00fazia","datePublished":"2023-01-01T06:38:26+00:00","dateModified":"2024-05-13T12:58:06+00:00","mainEntityOfPage":{"@id":"https:\/\/www.vrtulniky.sk\/news\/horizontalna-integracia-akvizicia-a-fuzia\/"},"wordCount":652,"commentCount":1,"publisher":{"@id":"https:\/\/www.vrtulniky.sk\/news\/#organization"},"image":{"@id":"https:\/\/www.vrtulniky.sk\/news\/horizontalna-integracia-akvizicia-a-fuzia\/#primaryimage"},"thumbnailUrl":"https:\/\/www.vrtulniky.sk\/news\/wp-content\/uploads\/2022\/08\/podnikanie.jpg","articleSection":["Podnik\u00e1m","Podnikanie"],"inLanguage":"sk-SK","potentialAction":[{"@type":"CommentAction","name":"Comment","target":["https:\/\/www.vrtulniky.sk\/news\/horizontalna-integracia-akvizicia-a-fuzia\/#respond"]}]},{"@type":"WebPage","@id":"https:\/\/www.vrtulniky.sk\/news\/horizontalna-integracia-akvizicia-a-fuzia\/","url":"https:\/\/www.vrtulniky.sk\/news\/horizontalna-integracia-akvizicia-a-fuzia\/","name":"Horizont\u00e1lna integr\u00e1cia: Akviz\u00edcia a f\u00fazia","isPartOf":{"@id":"https:\/\/www.vrtulniky.sk\/news\/#website"},"primaryImageOfPage":{"@id":"https:\/\/www.vrtulniky.sk\/news\/horizontalna-integracia-akvizicia-a-fuzia\/#primaryimage"},"image":{"@id":"https:\/\/www.vrtulniky.sk\/news\/horizontalna-integracia-akvizicia-a-fuzia\/#primaryimage"},"thumbnailUrl":"https:\/\/www.vrtulniky.sk\/news\/wp-content\/uploads\/2022\/08\/podnikanie.jpg","datePublished":"2023-01-01T06:38:26+00:00","dateModified":"2024-05-13T12:58:06+00:00","description":"Rozdiel medzi akviz\u00edciou a f\u00faziou. Defin\u00edcia akviz\u00edcie a f\u00fazie. Uk\u00e1\u017ekov\u00e9 pr\u00edklady akv\u00edz\u00edci\u00ed a f\u00fazi\u00ed.","breadcrumb":{"@id":"https:\/\/www.vrtulniky.sk\/news\/horizontalna-integracia-akvizicia-a-fuzia\/#breadcrumb"},"inLanguage":"sk-SK","potentialAction":[{"@type":"ReadAction","target":["https:\/\/www.vrtulniky.sk\/news\/horizontalna-integracia-akvizicia-a-fuzia\/"]}]},{"@type":"ImageObject","inLanguage":"sk-SK","@id":"https:\/\/www.vrtulniky.sk\/news\/horizontalna-integracia-akvizicia-a-fuzia\/#primaryimage","url":"https:\/\/www.vrtulniky.sk\/news\/wp-content\/uploads\/2022\/08\/podnikanie.jpg","contentUrl":"https:\/\/www.vrtulniky.sk\/news\/wp-content\/uploads\/2022\/08\/podnikanie.jpg","width":1046,"height":757},{"@type":"BreadcrumbList","@id":"https:\/\/www.vrtulniky.sk\/news\/horizontalna-integracia-akvizicia-a-fuzia\/#breadcrumb","itemListElement":[{"@type":"ListItem","position":1,"name":"Home","item":"https:\/\/www.vrtulniky.sk\/news\/"},{"@type":"ListItem","position":2,"name":"Horizont\u00e1lna integr\u00e1cia: Akviz\u00edcia a f\u00fazia"}]},{"@type":"WebSite","@id":"https:\/\/www.vrtulniky.sk\/news\/#website","url":"https:\/\/www.vrtulniky.sk\/news\/","name":"Podnik\u00e1m, lietam a relaxujem","description":"Vrtu\u013en\u00edky.sk","publisher":{"@id":"https:\/\/www.vrtulniky.sk\/news\/#organization"},"potentialAction":[{"@type":"SearchAction","target":{"@type":"EntryPoint","urlTemplate":"https:\/\/www.vrtulniky.sk\/news\/?s={search_term_string}"},"query-input":{"@type":"PropertyValueSpecification","valueRequired":true,"valueName":"search_term_string"}}],"inLanguage":"sk-SK"},{"@type":"Organization","@id":"https:\/\/www.vrtulniky.sk\/news\/#organization","name":"Podnik\u00e1m, lietam a relaxujem","url":"https:\/\/www.vrtulniky.sk\/news\/","logo":{"@type":"ImageObject","inLanguage":"sk-SK","@id":"https:\/\/www.vrtulniky.sk\/news\/#\/schema\/logo\/image\/","url":"https:\/\/www.vrtulniky.sk\/news\/wp-content\/uploads\/2022\/08\/news-vrtulniky-sk-logo-e1660318023553.png","contentUrl":"https:\/\/www.vrtulniky.sk\/news\/wp-content\/uploads\/2022\/08\/news-vrtulniky-sk-logo-e1660318023553.png","width":201,"height":200,"caption":"Podnik\u00e1m, lietam a relaxujem"},"image":{"@id":"https:\/\/www.vrtulniky.sk\/news\/#\/schema\/logo\/image\/"},"sameAs":["https:\/\/www.facebook.com\/vrtulniky\/"]},{"@type":"Person","@id":"https:\/\/www.vrtulniky.sk\/news\/#\/schema\/person\/82ab6b938e6af0552423beca164013e3","name":"suedig","url":"https:\/\/www.vrtulniky.sk\/news\/author\/suedig\/"}]}},"_links":{"self":[{"href":"https:\/\/www.vrtulniky.sk\/news\/wp-json\/wp\/v2\/posts\/8321","targetHints":{"allow":["GET"]}}],"collection":[{"href":"https:\/\/www.vrtulniky.sk\/news\/wp-json\/wp\/v2\/posts"}],"about":[{"href":"https:\/\/www.vrtulniky.sk\/news\/wp-json\/wp\/v2\/types\/post"}],"author":[{"embeddable":true,"href":"https:\/\/www.vrtulniky.sk\/news\/wp-json\/wp\/v2\/users\/12"}],"replies":[{"embeddable":true,"href":"https:\/\/www.vrtulniky.sk\/news\/wp-json\/wp\/v2\/comments?post=8321"}],"version-history":[{"count":0,"href":"https:\/\/www.vrtulniky.sk\/news\/wp-json\/wp\/v2\/posts\/8321\/revisions"}],"wp:featuredmedia":[{"embeddable":true,"href":"https:\/\/www.vrtulniky.sk\/news\/wp-json\/wp\/v2\/media\/25090"}],"wp:attachment":[{"href":"https:\/\/www.vrtulniky.sk\/news\/wp-json\/wp\/v2\/media?parent=8321"}],"wp:term":[{"taxonomy":"category","embeddable":true,"href":"https:\/\/www.vrtulniky.sk\/news\/wp-json\/wp\/v2\/categories?post=8321"},{"taxonomy":"post_tag","embeddable":true,"href":"https:\/\/www.vrtulniky.sk\/news\/wp-json\/wp\/v2\/tags?post=8321"}],"curies":[{"name":"wp","href":"https:\/\/api.w.org\/{rel}","templated":true}]}}