{"id":8519,"date":"2022-12-22T07:48:16","date_gmt":"2022-12-22T06:48:16","guid":{"rendered":"https:\/\/www.euroekonom.sk\/?p=8519"},"modified":"2024-05-13T14:58:08","modified_gmt":"2024-05-13T12:58:08","slug":"osobna-zodpovednost-manazera","status":"publish","type":"post","link":"https:\/\/www.vrtulniky.sk\/news\/osobna-zodpovednost-manazera\/","title":{"rendered":"Osobn\u00e1 zodpovednos\u0165 mana\u017e\u00e9ra"},"content":{"rendered":"<h2>1 Charakteristika podniku ABC<\/h2>\n<p><strong>Typ organiz\u00e1cie:<\/strong> spol. s r. o.<br \/>\n<strong>Hlavn\u00e9 aktivity: <\/strong>mont\u00e1\u017ene technol\u00f3gie, skrutkovacia, lisovacia a zv\u00e1racia technika, elektrick\u00e9 a pneumatick\u00e9 pohony, riadiace syst\u00e9my a software, testovacia technika, automatizovan\u00e9 v\u00fdrobn\u00e9 syst\u00e9my, roboty a manipul\u00e1tory a priemyseln\u00e9 n\u00e1radie.<br \/>\n<strong>O spolo\u010dnosti:<\/strong> Spolo\u010dnos\u0165 vznikla v roku 1996. Svojou \u010dinnos\u0165ou pokra\u010duje v trad\u00edcii kon\u0161trukcie jedno\u00fa\u010delov\u00fdch strojov a zariaden\u00ed. Spolupr\u00e1ca s r\u00f4znymi zmluvn\u00fdmi partnermi zo zahrani\u010dia predstavuje ve\u013ek\u00fd posun vpred v oblasti kvality a \u0161\u00edrky pon\u00fakan\u00e9ho sortimentu. Spolo\u010dnos\u0165 sa formuje ako samostatn\u00e1, nez\u00e1visl\u00e1 a medzin\u00e1rodne p\u00f4sobiaca spolo\u010dnos\u0165 a ako podnik zalo\u017een\u00fd na vysok\u00fdch odborn\u00fdch a mor\u00e1lnych kvalit\u00e1ch jej \u013eudsk\u00fdch zdrojov. Ponuka ABC obsahuje \u0161pi\u010dkov\u00e9 a kvalitn\u00e9 komponenty. M\u00e1 vlastn\u00fd v\u00fdvoj strojov, zariaden\u00ed a kompletn\u00fdch technologick\u00fdch celkov. K produktom sa poskytuj\u00fa poradensk\u00e9, servisn\u00e9 a \u0161koliace slu\u017eby priamo u z\u00e1kazn\u00edka alebo vo vlastnom \u0161koliacom a servisnom stredisku v s\u00eddle firmy. Team pracovn\u00edkov ABC disponuje odborn\u00edkmi v oblasti mechanickej kon\u0161trukcie, elektroprojekcie, programovania a mont\u00e1\u017ee. Firma neust\u00e1le investuje do ich rozvoja a vzdel\u00e1vania a poskytuje im modern\u00e9 technick\u00e9 prostriedky pre pr\u00e1cu.<\/p>\n<h3>1.1 Cie\u013e pr\u00e1ce<\/h3>\n<p>Cie\u013eom mojej pr\u00e1ce je zisti\u0165 a zhodnoti\u0165 mieru zodpovednosti mana\u017e\u00e9ra za plnenie cie\u013eov vo vybranom podniku. \u00dalohy, prostredn\u00edctvom ktor\u00fdch dosiahnem stanoven\u00fd cie\u013e spo\u010d\u00edvaj\u00fa v anal\u00fdze zodpovednosti mana\u017e\u00e9ra a sp\u00f4sobe jej vyhodnocovania v podniku. Vyhodnotenie zodpovednosti konkr\u00e9tneho mana\u017e\u00e9ra v podniku ABC sa bude realizova\u0165 na z\u00e1klade sk\u00famania vz\u0165ahov zamestnancov a riadiaceho pracovn\u00edka, ich uplat\u0148ovanie a vplyv na v\u00fdkon. Hlavn\u00fdm cie\u013eom pr\u00e1ce bude pomocou vyu\u017eitia ur\u010dit\u00fdch met\u00f3d vymedzi\u0165 nedostatky. V pr\u00edpade zisten\u00fdch nedostatkov navrhnem opatrenia vo forme odpor\u00fa\u010dan\u00ed pre prax.<\/p>\n<h3>1.2 D\u00f4vod v\u00fdberu rie\u0161enej t\u00e9my<\/h3>\n<p>Problematika, ktorou sa v mana\u017e\u00e9rskej spr\u00e1ve zaober\u00e1m je sp\u00e4t\u00e1 s mojou bakal\u00e1rskou pr\u00e1cou. Pr\u00e1ve to je d\u00f4vod, pre\u010do som sa rozhodla rie\u0161i\u0165 dan\u00fa t\u00e9mu. Z\u00edskanie z\u00e1kladn\u00fdch inform\u00e1ci\u00ed, ich anal\u00fdza, obozn\u00e1menie sa s firmou a jej \u010dinnos\u0165ou obohatili moje vedomosti. Na z\u00e1klade toho som nadobudla aspo\u0148 stru\u010dn\u00fd preh\u013ead, ktor\u00fd budem m\u00f4c\u0165 vo svojej bakal\u00e1rskej pr\u00e1ci vyu\u017ei\u0165 a rie\u0161i\u0165 podrobnej\u0161ie.<\/p>\n<h2>2 Osobn\u00e1 zodpovednos\u0165 mana\u017e\u00e9ra<\/h2>\n<p>Mana\u017e\u00e9r je profesion\u00e1lny riadiaci pracovn\u00edk, ktor\u00fd koordinuje \u013eudsk\u00e9, finan\u010dn\u00e9, fyzick\u00e9, a informa\u010dn\u00e9 zdroje, vykon\u00e1va funkcie (pl\u00e1novanie, organizovanie, vedenie, kontrola), rozhoduje a dozer\u00e1 minim\u00e1lne na jedn\u00e9ho alebo viac \u013eud\u00ed. Poslan\u00edm mana\u017e\u00e9rov je efekt\u00edvnym riaden\u00edm dosahova\u0165 zisk a profit.<br \/>\nDruhou str\u00e1nkou tejto profesie je str\u00e1nka mor\u00e1lna. Jej vyjadren\u00edm je dobr\u00fd \u00e9tos povolania, t. j. zaujatie pozit\u00edvneho postoja k povinnostiam a \u00faloh\u00e1m v povolan\u00ed a z toho vypl\u00fdvaj\u00faca zodpovednos\u0165. Z poh\u013eadu mana\u017e\u00e9rskej etiky sa d\u00e1 riadiaci pracovn\u00edk charakterizova\u0165 ako osoba, u ktorej sa predpoklad\u00e1 mor\u00e1lna integrita jeho osobnosti, soci\u00e1lna zrelos\u0165 a schopnos\u0165 nies\u0165 za svoje konanie zodpovednos\u0165, a to v odbornej, pr\u00e1vnej aj mor\u00e1lnej oblasti.<br \/>\nBy\u0165 vodcom je umenie, ktor\u00e9 spo\u010d\u00edva v schopnosti stimulova\u0165 a motivova\u0165 pracovn\u00edkov k tvorivej pr\u00e1ci, pri\u010dom vz\u00e1jomn\u00fa \u00falohu tu hra obojstrann\u00e1 d\u00f4vera, re\u0161pekt, \u00facta a zodpovednos\u0165. Zodpovednos\u0165 odr\u00e1\u017ea mor\u00e1lnu povinnos\u0165 mana\u017e\u00e9ra uva\u017eova\u0165 o d\u00f4sledkoch svojho konania so zrete\u013eom na v\u0161etky zainteresovan\u00e9 strany, ktor\u00fdch sa jeho konanie dotkne.<br \/>\nZodpovednos\u0165 mana\u017e\u00e9ra sa pod\u013ea m\u00f4jho n\u00e1zoru prejavuje aj v pr\u00edstupe k \u013eudsk\u00fdm a mor\u00e1lnym pr\u00e1vam na pracovisku, v re\u0161pektovan\u00ed d\u00f4stojnost\u00ed \u010dloveka, v starostlivosti o v\u0161eobecn\u00e9 blaho zamestnancov i spotrebite\u013eov, \u010di v realiz\u00e1ci\u00ed hum\u00e1nnosti.<\/p>\n<h3>2.1 Osobn\u00e1 zodpovednos\u0165 mana\u017e\u00e9ra v spolo\u010dnosti ABC<\/h3>\n<p>Anal\u00fdzu s\u00fa\u010dasn\u00e9ho stavu rie\u0161enej problematiky som na \u00favod po\u0148ala z teoretick\u00e9ho poh\u013eadu, a na z\u00e1klade toho som sa dopracovala u\u017e ku konkr\u00e9tnym poznatkom.<br \/>\nV samotnom s\u00eddle spolo\u010dnosti ABC je v s\u00fa\u010dasnosti zamestnan\u00fdch viac ako 70 pracovn\u00edkov. Len s najlep\u0161\u00edmi pracovn\u00edkmi sa daj\u00fa realizova\u0165 najlep\u0161ie rie\u0161enia \u2013 tohto hesla sa dr\u017e\u00ed ABC, spol. s r. o., a preto s\u00fa jej zamestnanci vysokokvalifikovan\u00ed a motivovan\u00ed.<br \/>\nTypick\u00e9 zlo\u017eenie mana\u017e\u00e9rov organiz\u00e1cie:<\/p>\n<ul>\n<li>Mana\u017e\u00e9ri prvej l\u00ednie<\/li>\n<li>Stredn\u00ed mana\u017e\u00e9ri<\/li>\n<li>Vrcholov\u00ed mana\u017e\u00e9ri<\/li>\n<\/ul>\n<p>Riadiaci pracovn\u00edk s ktor\u00fdm som spolupracovala sa nach\u00e1dza na \u00farovni l\u00edniov\u00e9ho mana\u017e\u00e9ra. T\u00e1to \u00farove\u0148 predstavuje najni\u017e\u0161iu \u00farove\u0148 mana\u017ementu v danej organiz\u00e1ci\u00ed. N\u00e1pl\u0148ou jeho pr\u00e1ce je riadi\u0165 zamestnancov z v\u00fdroby, teda t\u00fdch, ktor\u00ed tvoria v\u00fdstupn\u00e9 hodnoty a vytv\u00e1raj\u00fa vlastn\u00fa produkciu organiz\u00e1cie.<br \/>\nKa\u017ed\u00fd mana\u017e\u00e9r je charakterizovan\u00fd pod\u013ea toho, ak\u00fa rolu zast\u00e1va. Pomocou t\u00fdchto rol\u00ed m\u00f4\u017eeme charakterizova\u0165 jeho pr\u00e1cu \u2013 definova\u0165, \u010do rob\u00ed. Z mana\u017e\u00e9rskej te\u00f3rie rozozn\u00e1vame 3 druhy rol\u00ed, a to:<\/p>\n<ul>\n<li>Role pre medzi\u013eudsk\u00e9 vz\u0165ahy<\/li>\n<li>Role pre odovzd\u00e1vanie inform\u00e1ci\u00ed<\/li>\n<li>Role pre rozhodovanie<\/li>\n<\/ul>\n<p>Z uveden\u00e9ho rozdelenia som na z\u00e1klade osobn\u00e9ho pohovoru pri\u0161la k nasleduj\u00facim poznatkom. L\u00edniov\u00ed mana\u017e\u00e9r spolo\u010dnosti ABC zast\u00e1va tieto poz\u00edcie:<\/p>\n<ul>\n<li>Vodca (vykon\u00e1va v\u0161etky aktivity vo vz\u0165ahu k podriaden\u00fdm)<\/li>\n<li>Roz\u0161irovanie (odovzd\u00e1va prijat\u00e9 inform\u00e1cie \u010fal\u0161\u00edm pracovn\u00edkom)<\/li>\n<\/ul>\n<p>Sp\u00f4sobilos\u0165ami, ktor\u00fdmi disponuje vybran\u00fd mana\u017e\u00e9r ABC, spol. s r. o. s\u00fa technick\u00e9 sp\u00f4sobilosti, ktor\u00e9 zahr\u0148uj\u00fa znalosti a schopnosti v oblasti jeho p\u00f4sobenia a tie\u017e \u013eudsk\u00e9 sp\u00f4sobilosti, ktor\u00e9 predstavuj\u00fa schopnos\u0165 dobre spolupracova\u0165 s \u013eu\u010fmi. D\u00e1 sa poveda\u0165, \u017ee hoci s\u00fa \u013eudsk\u00e9 sp\u00f4sobilosti najn\u00e1ro\u010dnej\u0161\u00edmi sp\u00f4sobilos\u0165ami, s\u00fa z\u00e1rove\u0148 aj najd\u00f4le\u017eitej\u0161\u00edmi.<br \/>\nNa v\u0161etk\u00fdch \u00farovniach a vo v\u0161etk\u00fdch oblastiach organiz\u00e1cie, prij\u00edmaj\u00fa jednotlivci r\u00f4zne rozhodnutia. Rozhodovanie je vlastne proces, ktor\u00fd sl\u00fa\u017ei na v\u00fdber z viacer\u00fdch existuj\u00facich alternat\u00edv, \u010di mo\u017enost\u00ed. Na obr\u00e1zku \u010d. 3 s\u00fa zobrazen\u00e9 druhy rozhodnut\u00ed pod\u013ea \u00farovn\u00ed riadenia. Vyzna\u010den\u00e1 je \u00farove\u0148 stredn\u00fdch a ni\u017e\u0161\u00edch mana\u017e\u00e9rov \u2013 nako\u013eko k nim patr\u00ed mne pridelen\u00ed riadiaci pracovn\u00edk na \u00fa\u010dely vypracovania tejto pr\u00e1ce.<br \/>\nABC, spol. s r.o. sa vybudovala a st\u00e1le sa buduje ako \u00faspe\u0161n\u00e1 slovensk\u00e1 firma s popredn\u00fdm postaven\u00edm na trhu. Spolo\u010dnos\u0165 uv\u00e1dza, \u017ee dosahovanie vyt\u00fd\u010den\u00fdch cie\u013eov sa im dar\u00ed dosahova\u0165 aj v\u010faka zamestnancom. Pr\u00e1ve ich ozna\u010duj\u00fa ako svoj\u00edm najv\u00e4\u010d\u0161\u00edm bohatstvom.<br \/>\nTakto sa charakterizuje spolo\u010dnos\u0165: \u201eSme team s priate\u013eskou atmosf\u00e9rou, kde ka\u017ed\u00fd m\u00e1 priestor na sebarealiz\u00e1ciu a ka\u017ed\u00fd je hodnoten\u00fd pod\u013ea svojich v\u00fdsledkov. U n\u00e1s nie je miesto pre silov\u00e9 formy mana\u017ementu. Chyby n\u00e1s netrestaj\u00fa, ale u\u010dia. V na\u0161ich vz\u0165ahoch presadzujeme a rozv\u00edjame kult\u00faru, etiku a hlavne pokojn\u00fa a kon\u0161trukt\u00edvnu komunik\u00e1ciu.\u201c<br \/>\nZ\u00e1kladnou ot\u00e1zkou ost\u00e1va &#8211; \u010di vz\u0165ahy, komunik\u00e1ciu a zodpovednos\u0165 mana\u017e\u00e9ra za plnenie svojich cie\u013eov v podniku vn\u00edmaj\u00fa rovnako aj zamestnanci.<\/p>\n<h2>3 N\u00e1vrh rie\u0161enia<\/h2>\n<p>Problematika etick\u00fdch vz\u0165ahov a po\u017eiadaviek je v dne\u0161nej zlo\u017eitej firemnej kult\u00fare nie len aktu\u00e1lna, ale aj \u010doraz d\u00f4le\u017eitej\u0161ia. Na z\u00e1klade nadobudnut\u00fdch inform\u00e1ci\u00ed by som navrhla nieko\u013eko rie\u0161en\u00ed pre dan\u00fa problematiku, t\u00fdkaj\u00facu sa osobnej zodpovednosti riadiaceho pracovn\u00edka.<br \/>\nRie\u0161enie nazna\u010den\u00e9ho probl\u00e9mu, ako hodnoti\u0165 zodpovednos\u0165 mana\u017e\u00e9ra z poh\u013eadu v\u0161etk\u00fdch zainteresovan\u00fdch str\u00e1n, mo\u017eno h\u013eada\u0165 v r\u00f4znych oblastiach. Z\u00e1le\u017e\u00ed hlavne na tom, kde sa preuk\u00e1zali vzniknut\u00e9 nedostatky.<br \/>\nMedzi najz\u00e1kladnej\u0161ie dimenzie, prostredn\u00edctvom ktor\u00fdch m\u00f4\u017eeme spom\u00ednan\u00fd probl\u00e9m rie\u0161i\u0165, pova\u017eujem:<\/p>\n<ol>\n<li><strong>Regul\u00e1cia podnikate\u013esk\u00fdch aktiv\u00edt a vz\u0165ahov pomocou pr\u00e1vnych noriem <\/strong><em>(tieto normy by mali obsahova\u0165 a pr\u00edsne vymedzova\u0165 pr\u00edpustn\u00e9 a nepr\u00edpustn\u00e9 spr\u00e1vanie, spolu s jeho vyn\u00faten\u00edm a sankciovan\u00edm)<\/em><\/li>\n<\/ol>\n<ol start=\"2\">\n<li><strong>V\u00fdchova <\/strong><em>(r\u00f4zne formy vzdel\u00e1vania, kurzy etiky a mor\u00e1lky, praktizovanie hum\u00e1nnosti a pod.)<\/em><\/li>\n<\/ol>\n<ol start=\"3\">\n<li><strong>Etick\u00fd k\u00f3dex <\/strong><em>(EK &#8211; spolo\u010dnos\u0165 ABC vlastn\u00ed, no po jeho anal\u00fdze by som navrhla nejak\u00e9 kroky k jeho vylep\u0161eniu s d\u00f4razom na presadzovanie mor\u00e1lnych hodn\u00f4t)<\/em><\/li>\n<\/ol>\n<ol start=\"4\">\n<li><strong>Tr\u00e9ningov\u00e9 programy pre mana\u017e\u00e9rov<\/strong><em> (tr\u00e9ningov\u00e9 programy maj\u00fa ve\u013emi pozit\u00edvne hodnotenie zahrani\u010dn\u00fdch firiem, ktor\u00e9 okrem EK maj\u00fa vypracovan\u00e9 aj programy pre mana\u017e\u00e9rov, ved\u00facich pracovn\u00edk a v\u0161etk\u00fdch t\u00fdch, ktor\u00ed pri svojej pr\u00e1ci prich\u00e1dzaj\u00fa do styku s etikou. \u00dalohou t\u00fdchto TP je oboznamovanie zamestnancov s etick\u00fdmi z\u00e1sadami a s\u00fa\u010dasne by mali nazna\u010dova\u0165 aby boli z\u00e1sady aplikovan\u00e9 do ka\u017edodenn\u00e9ho rutinn\u00e9ho rozhodovania. Ich spracovanie mus\u00ed by\u0165 kladn\u00fdm pr\u00ednosom pre v\u0161etky zainteresovan\u00e9 strany. Preto by moj\u00edm \u010fal\u0161\u00edm n\u00e1vrhom bolo pr\u00e1ve zadov\u00e1\u017eenie si podobn\u00fdch programov a vrelo by som odpor\u00fa\u010dala spolupr\u00e1cu s nimi. Na z\u00e1klade \u0161tatist\u00edk sa preuk\u00e1zalo, \u017ee probl\u00e9my, ktor\u00e9 su\u017eovali r\u00f4zne zahrani\u010dn\u00e9 spolo\u010dnosti sa v\u010faka ich vyu\u017eitiu minimalizovali).<\/em><\/li>\n<\/ol>\n<ol start=\"5\">\n<li><strong>Etick\u00e1 kontrola <\/strong><em>(zavedenie in\u0161tit\u00fatu etickej kontroly, v\u010faka ktorej m\u00f4\u017ee spolo\u010dnos\u0165 zdokona\u013eova\u0165 svoje spr\u00e1vanie a konanie)<\/em><\/li>\n<\/ol>\n<ol start=\"6\">\n<li><strong>Samoregul\u00e1cia <\/strong><em>(v\u00fdchova + sankcie = strata \u010dlenstva, strata opr\u00e1vnenia a pod.)<\/em><\/li>\n<\/ol>\n<p>Etick\u00e9 spr\u00e1vanie je jedn\u00fdm z predpokladov sily, \u00faspe\u0161nosti a dlhodob\u00e9ho pre\u017eitia podniku v podnikate\u013eskom prostred\u00ed. Je to prednos\u0165, ktor\u00e1 vytv\u00e1ra prest\u00ed\u017e a buduje postavenie firmy na trhu i v podvedom\u00ed spolo\u010dnosti. Pr\u00e1ve preto by mala nie len ABC, spol. s r. o. ale aj ostatn\u00e9 spolo\u010dnosti vyv\u00edja\u0165 \u010do najv\u00e4\u010d\u0161iu snahu o \u010do najlep\u0161ie etick\u00e9 a mor\u00e1lne podmienky pre svojich zamestnancov.<\/p>\n<h2>4 Opatrenia na zabezpe\u010denie navrhovan\u00fdch rie\u0161en\u00ed<\/h2>\n<p>S uveden\u00fdmi z\u00e1vermi som obozn\u00e1mila kontaktn\u00fa osobu, ktor\u00e1 v r\u00e1mci svojich pracovn\u00fdch mo\u017enost\u00ed posunie mnou navrhnut\u00e9 rie\u0161enia vy\u0161\u0161ie.<\/p>\n<h2>5 Predpokladan\u00e9 pr\u00ednosy z predlo\u017een\u00fdch n\u00e1vrhov<\/h2>\n<p>Z\u00e1very, ktor\u00e9 som prostredn\u00edctvom poskytnut\u00fdch inform\u00e1ci\u00ed nadobudla, by mohli by\u0165 pod\u013ea m\u0148a pre spolo\u010dnos\u0165 ABC ur\u010dit\u00fdm pr\u00ednosom. Presk\u00famanie navrhovan\u00fdch rie\u0161en\u00ed by znamenalo pre ABC, spol. s r. o. krok vpred. Vypracovanie rie\u0161en\u00ed prebiehalo z poh\u013eadu nezainteresovanej tzv. \u201etretej osoby\u201c. Mala som mo\u017enos\u0165 komunik\u00e1cie, spolupr\u00e1ce a vyjadrenia n\u00e1zorov zo strany mana\u017e\u00e9ra a z\u00e1rove\u0148 zo strany zamestnancov. Hodnovernos\u0165 v\u00fdsledkov je pod\u013ea m\u00f4jho n\u00e1zoru dos\u0165 vysok\u00e1, preto\u017ee inform\u00e1cie boli z\u00edskan\u00e9 anonymne, a v tom pr\u00edpade je v\u00e4\u010d\u0161ia pravdepodobnos\u0165 vyjadrenia svojho n\u00e1zoru.<\/p>\n<h2>6 Diskusia o dosiahnute\u013enosti n\u00e1vrhov, pr\u00edp. o odporuj\u00facich sil\u00e1ch<\/h2>\n<p>Dosiahnute\u013enos\u0165 n\u00e1vrhov, pr\u00edpadne odporuj\u00face sily by som mala mo\u017enos\u0165 ovplyvni\u0165 na z\u00e1klade osobn\u00e9ho pohovoru. Pr\u00edle\u017eitos\u0165 vysvetli\u0165 problematiku, jej z\u00e1mer a \u00fa\u010del by mohol napom\u00f4c\u0165 k zamysleniu sa vedenia spolo\u010dnosti nad rie\u0161enou t\u00e9mou.<\/p>\n","protected":false},"excerpt":{"rendered":"<p>1 Charakteristika podniku ABC Typ organiz\u00e1cie: spol. s r. o. Hlavn\u00e9 aktivity: mont\u00e1\u017ene technol\u00f3gie, skrutkovacia, lisovacia a zv\u00e1racia technika, elektrick\u00e9 a pneumatick\u00e9 pohony, riadiace syst\u00e9my &hellip; <\/p>\n","protected":false},"author":16,"featured_media":25058,"comment_status":"open","ping_status":"closed","sticky":false,"template":"","format":"standard","meta":{"footnotes":""},"categories":[62,553],"tags":[],"class_list":["post-8519","post","type-post","status-publish","format-standard","has-post-thumbnail","hentry","category-manazment","category-vzdelavam-sa"],"yoast_head":"<!-- This site is optimized with the Yoast SEO plugin v27.5 - https:\/\/yoast.com\/product\/yoast-seo-wordpress\/ -->\n<title>Osobn\u00e1 zodpovednos\u0165 mana\u017e\u00e9ra<\/title>\n<meta name=\"description\" content=\"Osobn\u00e1 zodpovednos\u0165 mana\u017e\u00e9ra v spolo\u010dnosti. V\u00fdchova, etick\u00e1 kontrola a k\u00f3dex, samoregul\u00e1cia. Opatrenia na zabezpe\u010denie navrhovan\u00fdch rie\u0161en\u00ed a ich pr\u00ednos.\" \/>\n<meta name=\"robots\" content=\"index, follow, max-snippet:-1, max-image-preview:large, max-video-preview:-1\" \/>\n<link rel=\"canonical\" href=\"https:\/\/www.vrtulniky.sk\/news\/osobna-zodpovednost-manazera\/\" \/>\n<meta property=\"og:locale\" content=\"sk_SK\" \/>\n<meta property=\"og:type\" content=\"article\" \/>\n<meta property=\"og:title\" content=\"Osobn\u00e1 zodpovednos\u0165 mana\u017e\u00e9ra\" \/>\n<meta property=\"og:description\" content=\"Osobn\u00e1 zodpovednos\u0165 mana\u017e\u00e9ra v spolo\u010dnosti. V\u00fdchova, etick\u00e1 kontrola a k\u00f3dex, samoregul\u00e1cia. Opatrenia na zabezpe\u010denie navrhovan\u00fdch rie\u0161en\u00ed a ich pr\u00ednos.\" \/>\n<meta property=\"og:url\" content=\"https:\/\/www.vrtulniky.sk\/news\/osobna-zodpovednost-manazera\/\" \/>\n<meta property=\"og:site_name\" content=\"Podnik\u00e1m, lietam a relaxujem\" \/>\n<meta property=\"article:publisher\" content=\"https:\/\/www.facebook.com\/vrtulniky\/\" \/>\n<meta property=\"article:published_time\" content=\"2022-12-22T06:48:16+00:00\" \/>\n<meta property=\"article:modified_time\" content=\"2024-05-13T12:58:08+00:00\" \/>\n<meta property=\"og:image\" content=\"https:\/\/www.vrtulniky.sk\/news\/wp-content\/uploads\/2022\/08\/om-tmt42.jpg\" \/>\n\t<meta property=\"og:image:width\" content=\"1024\" \/>\n\t<meta property=\"og:image:height\" content=\"768\" \/>\n\t<meta property=\"og:image:type\" content=\"image\/jpeg\" \/>\n<meta name=\"author\" content=\"Marcelka18\" \/>\n<meta name=\"twitter:card\" content=\"summary_large_image\" \/>\n<meta name=\"twitter:label1\" content=\"Autor\" \/>\n\t<meta name=\"twitter:data1\" content=\"Marcelka18\" \/>\n\t<meta name=\"twitter:label2\" content=\"Predpokladan\u00fd \u010das \u010d\u00edtania\" \/>\n\t<meta name=\"twitter:data2\" content=\"9 min\u00fat\" \/>\n<script type=\"application\/ld+json\" class=\"yoast-schema-graph\">{\"@context\":\"https:\\\/\\\/schema.org\",\"@graph\":[{\"@type\":\"Article\",\"@id\":\"https:\\\/\\\/www.vrtulniky.sk\\\/news\\\/osobna-zodpovednost-manazera\\\/#article\",\"isPartOf\":{\"@id\":\"https:\\\/\\\/www.vrtulniky.sk\\\/news\\\/osobna-zodpovednost-manazera\\\/\"},\"author\":{\"name\":\"Marcelka18\",\"@id\":\"https:\\\/\\\/www.vrtulniky.sk\\\/news\\\/#\\\/schema\\\/person\\\/493ace42f02aac57b98bb1d961d5c6f0\"},\"headline\":\"Osobn\u00e1 zodpovednos\u0165 mana\u017e\u00e9ra\",\"datePublished\":\"2022-12-22T06:48:16+00:00\",\"dateModified\":\"2024-05-13T12:58:08+00:00\",\"mainEntityOfPage\":{\"@id\":\"https:\\\/\\\/www.vrtulniky.sk\\\/news\\\/osobna-zodpovednost-manazera\\\/\"},\"wordCount\":1894,\"commentCount\":0,\"publisher\":{\"@id\":\"https:\\\/\\\/www.vrtulniky.sk\\\/news\\\/#organization\"},\"image\":{\"@id\":\"https:\\\/\\\/www.vrtulniky.sk\\\/news\\\/osobna-zodpovednost-manazera\\\/#primaryimage\"},\"thumbnailUrl\":\"https:\\\/\\\/www.vrtulniky.sk\\\/news\\\/wp-content\\\/uploads\\\/2022\\\/08\\\/om-tmt42.jpg\",\"articleSection\":[\"Mana\u017ement\",\"Vzdel\u00e1vam sa\"],\"inLanguage\":\"sk-SK\",\"potentialAction\":[{\"@type\":\"CommentAction\",\"name\":\"Comment\",\"target\":[\"https:\\\/\\\/www.vrtulniky.sk\\\/news\\\/osobna-zodpovednost-manazera\\\/#respond\"]}]},{\"@type\":\"WebPage\",\"@id\":\"https:\\\/\\\/www.vrtulniky.sk\\\/news\\\/osobna-zodpovednost-manazera\\\/\",\"url\":\"https:\\\/\\\/www.vrtulniky.sk\\\/news\\\/osobna-zodpovednost-manazera\\\/\",\"name\":\"Osobn\u00e1 zodpovednos\u0165 mana\u017e\u00e9ra\",\"isPartOf\":{\"@id\":\"https:\\\/\\\/www.vrtulniky.sk\\\/news\\\/#website\"},\"primaryImageOfPage\":{\"@id\":\"https:\\\/\\\/www.vrtulniky.sk\\\/news\\\/osobna-zodpovednost-manazera\\\/#primaryimage\"},\"image\":{\"@id\":\"https:\\\/\\\/www.vrtulniky.sk\\\/news\\\/osobna-zodpovednost-manazera\\\/#primaryimage\"},\"thumbnailUrl\":\"https:\\\/\\\/www.vrtulniky.sk\\\/news\\\/wp-content\\\/uploads\\\/2022\\\/08\\\/om-tmt42.jpg\",\"datePublished\":\"2022-12-22T06:48:16+00:00\",\"dateModified\":\"2024-05-13T12:58:08+00:00\",\"description\":\"Osobn\u00e1 zodpovednos\u0165 mana\u017e\u00e9ra v spolo\u010dnosti. V\u00fdchova, etick\u00e1 kontrola a k\u00f3dex, samoregul\u00e1cia. Opatrenia na zabezpe\u010denie navrhovan\u00fdch rie\u0161en\u00ed a ich pr\u00ednos.\",\"breadcrumb\":{\"@id\":\"https:\\\/\\\/www.vrtulniky.sk\\\/news\\\/osobna-zodpovednost-manazera\\\/#breadcrumb\"},\"inLanguage\":\"sk-SK\",\"potentialAction\":[{\"@type\":\"ReadAction\",\"target\":[\"https:\\\/\\\/www.vrtulniky.sk\\\/news\\\/osobna-zodpovednost-manazera\\\/\"]}]},{\"@type\":\"ImageObject\",\"inLanguage\":\"sk-SK\",\"@id\":\"https:\\\/\\\/www.vrtulniky.sk\\\/news\\\/osobna-zodpovednost-manazera\\\/#primaryimage\",\"url\":\"https:\\\/\\\/www.vrtulniky.sk\\\/news\\\/wp-content\\\/uploads\\\/2022\\\/08\\\/om-tmt42.jpg\",\"contentUrl\":\"https:\\\/\\\/www.vrtulniky.sk\\\/news\\\/wp-content\\\/uploads\\\/2022\\\/08\\\/om-tmt42.jpg\",\"width\":1024,\"height\":768},{\"@type\":\"BreadcrumbList\",\"@id\":\"https:\\\/\\\/www.vrtulniky.sk\\\/news\\\/osobna-zodpovednost-manazera\\\/#breadcrumb\",\"itemListElement\":[{\"@type\":\"ListItem\",\"position\":1,\"name\":\"Home\",\"item\":\"https:\\\/\\\/www.vrtulniky.sk\\\/news\\\/\"},{\"@type\":\"ListItem\",\"position\":2,\"name\":\"Osobn\u00e1 zodpovednos\u0165 mana\u017e\u00e9ra\"}]},{\"@type\":\"WebSite\",\"@id\":\"https:\\\/\\\/www.vrtulniky.sk\\\/news\\\/#website\",\"url\":\"https:\\\/\\\/www.vrtulniky.sk\\\/news\\\/\",\"name\":\"Podnik\u00e1m, lietam a relaxujem\",\"description\":\"Vrtu\u013en\u00edky.sk\",\"publisher\":{\"@id\":\"https:\\\/\\\/www.vrtulniky.sk\\\/news\\\/#organization\"},\"potentialAction\":[{\"@type\":\"SearchAction\",\"target\":{\"@type\":\"EntryPoint\",\"urlTemplate\":\"https:\\\/\\\/www.vrtulniky.sk\\\/news\\\/?s={search_term_string}\"},\"query-input\":{\"@type\":\"PropertyValueSpecification\",\"valueRequired\":true,\"valueName\":\"search_term_string\"}}],\"inLanguage\":\"sk-SK\"},{\"@type\":\"Organization\",\"@id\":\"https:\\\/\\\/www.vrtulniky.sk\\\/news\\\/#organization\",\"name\":\"Podnik\u00e1m, lietam a relaxujem\",\"url\":\"https:\\\/\\\/www.vrtulniky.sk\\\/news\\\/\",\"logo\":{\"@type\":\"ImageObject\",\"inLanguage\":\"sk-SK\",\"@id\":\"https:\\\/\\\/www.vrtulniky.sk\\\/news\\\/#\\\/schema\\\/logo\\\/image\\\/\",\"url\":\"https:\\\/\\\/www.vrtulniky.sk\\\/news\\\/wp-content\\\/uploads\\\/2022\\\/08\\\/news-vrtulniky-sk-logo-e1660318023553.png\",\"contentUrl\":\"https:\\\/\\\/www.vrtulniky.sk\\\/news\\\/wp-content\\\/uploads\\\/2022\\\/08\\\/news-vrtulniky-sk-logo-e1660318023553.png\",\"width\":201,\"height\":200,\"caption\":\"Podnik\u00e1m, lietam a relaxujem\"},\"image\":{\"@id\":\"https:\\\/\\\/www.vrtulniky.sk\\\/news\\\/#\\\/schema\\\/logo\\\/image\\\/\"},\"sameAs\":[\"https:\\\/\\\/www.facebook.com\\\/vrtulniky\\\/\"]},{\"@type\":\"Person\",\"@id\":\"https:\\\/\\\/www.vrtulniky.sk\\\/news\\\/#\\\/schema\\\/person\\\/493ace42f02aac57b98bb1d961d5c6f0\",\"name\":\"Marcelka18\",\"url\":\"https:\\\/\\\/www.vrtulniky.sk\\\/news\\\/author\\\/marcelka18\\\/\"}]}<\/script>\n<!-- \/ Yoast SEO plugin. -->","yoast_head_json":{"title":"Osobn\u00e1 zodpovednos\u0165 mana\u017e\u00e9ra","description":"Osobn\u00e1 zodpovednos\u0165 mana\u017e\u00e9ra v spolo\u010dnosti. V\u00fdchova, etick\u00e1 kontrola a k\u00f3dex, samoregul\u00e1cia. Opatrenia na zabezpe\u010denie navrhovan\u00fdch rie\u0161en\u00ed a ich pr\u00ednos.","robots":{"index":"index","follow":"follow","max-snippet":"max-snippet:-1","max-image-preview":"max-image-preview:large","max-video-preview":"max-video-preview:-1"},"canonical":"https:\/\/www.vrtulniky.sk\/news\/osobna-zodpovednost-manazera\/","og_locale":"sk_SK","og_type":"article","og_title":"Osobn\u00e1 zodpovednos\u0165 mana\u017e\u00e9ra","og_description":"Osobn\u00e1 zodpovednos\u0165 mana\u017e\u00e9ra v spolo\u010dnosti. V\u00fdchova, etick\u00e1 kontrola a k\u00f3dex, samoregul\u00e1cia. Opatrenia na zabezpe\u010denie navrhovan\u00fdch rie\u0161en\u00ed a ich pr\u00ednos.","og_url":"https:\/\/www.vrtulniky.sk\/news\/osobna-zodpovednost-manazera\/","og_site_name":"Podnik\u00e1m, lietam a relaxujem","article_publisher":"https:\/\/www.facebook.com\/vrtulniky\/","article_published_time":"2022-12-22T06:48:16+00:00","article_modified_time":"2024-05-13T12:58:08+00:00","og_image":[{"width":1024,"height":768,"url":"https:\/\/www.vrtulniky.sk\/news\/wp-content\/uploads\/2022\/08\/om-tmt42.jpg","type":"image\/jpeg"}],"author":"Marcelka18","twitter_card":"summary_large_image","twitter_misc":{"Autor":"Marcelka18","Predpokladan\u00fd \u010das \u010d\u00edtania":"9 min\u00fat"},"schema":{"@context":"https:\/\/schema.org","@graph":[{"@type":"Article","@id":"https:\/\/www.vrtulniky.sk\/news\/osobna-zodpovednost-manazera\/#article","isPartOf":{"@id":"https:\/\/www.vrtulniky.sk\/news\/osobna-zodpovednost-manazera\/"},"author":{"name":"Marcelka18","@id":"https:\/\/www.vrtulniky.sk\/news\/#\/schema\/person\/493ace42f02aac57b98bb1d961d5c6f0"},"headline":"Osobn\u00e1 zodpovednos\u0165 mana\u017e\u00e9ra","datePublished":"2022-12-22T06:48:16+00:00","dateModified":"2024-05-13T12:58:08+00:00","mainEntityOfPage":{"@id":"https:\/\/www.vrtulniky.sk\/news\/osobna-zodpovednost-manazera\/"},"wordCount":1894,"commentCount":0,"publisher":{"@id":"https:\/\/www.vrtulniky.sk\/news\/#organization"},"image":{"@id":"https:\/\/www.vrtulniky.sk\/news\/osobna-zodpovednost-manazera\/#primaryimage"},"thumbnailUrl":"https:\/\/www.vrtulniky.sk\/news\/wp-content\/uploads\/2022\/08\/om-tmt42.jpg","articleSection":["Mana\u017ement","Vzdel\u00e1vam sa"],"inLanguage":"sk-SK","potentialAction":[{"@type":"CommentAction","name":"Comment","target":["https:\/\/www.vrtulniky.sk\/news\/osobna-zodpovednost-manazera\/#respond"]}]},{"@type":"WebPage","@id":"https:\/\/www.vrtulniky.sk\/news\/osobna-zodpovednost-manazera\/","url":"https:\/\/www.vrtulniky.sk\/news\/osobna-zodpovednost-manazera\/","name":"Osobn\u00e1 zodpovednos\u0165 mana\u017e\u00e9ra","isPartOf":{"@id":"https:\/\/www.vrtulniky.sk\/news\/#website"},"primaryImageOfPage":{"@id":"https:\/\/www.vrtulniky.sk\/news\/osobna-zodpovednost-manazera\/#primaryimage"},"image":{"@id":"https:\/\/www.vrtulniky.sk\/news\/osobna-zodpovednost-manazera\/#primaryimage"},"thumbnailUrl":"https:\/\/www.vrtulniky.sk\/news\/wp-content\/uploads\/2022\/08\/om-tmt42.jpg","datePublished":"2022-12-22T06:48:16+00:00","dateModified":"2024-05-13T12:58:08+00:00","description":"Osobn\u00e1 zodpovednos\u0165 mana\u017e\u00e9ra v spolo\u010dnosti. V\u00fdchova, etick\u00e1 kontrola a k\u00f3dex, samoregul\u00e1cia. Opatrenia na zabezpe\u010denie navrhovan\u00fdch rie\u0161en\u00ed a ich pr\u00ednos.","breadcrumb":{"@id":"https:\/\/www.vrtulniky.sk\/news\/osobna-zodpovednost-manazera\/#breadcrumb"},"inLanguage":"sk-SK","potentialAction":[{"@type":"ReadAction","target":["https:\/\/www.vrtulniky.sk\/news\/osobna-zodpovednost-manazera\/"]}]},{"@type":"ImageObject","inLanguage":"sk-SK","@id":"https:\/\/www.vrtulniky.sk\/news\/osobna-zodpovednost-manazera\/#primaryimage","url":"https:\/\/www.vrtulniky.sk\/news\/wp-content\/uploads\/2022\/08\/om-tmt42.jpg","contentUrl":"https:\/\/www.vrtulniky.sk\/news\/wp-content\/uploads\/2022\/08\/om-tmt42.jpg","width":1024,"height":768},{"@type":"BreadcrumbList","@id":"https:\/\/www.vrtulniky.sk\/news\/osobna-zodpovednost-manazera\/#breadcrumb","itemListElement":[{"@type":"ListItem","position":1,"name":"Home","item":"https:\/\/www.vrtulniky.sk\/news\/"},{"@type":"ListItem","position":2,"name":"Osobn\u00e1 zodpovednos\u0165 mana\u017e\u00e9ra"}]},{"@type":"WebSite","@id":"https:\/\/www.vrtulniky.sk\/news\/#website","url":"https:\/\/www.vrtulniky.sk\/news\/","name":"Podnik\u00e1m, lietam a relaxujem","description":"Vrtu\u013en\u00edky.sk","publisher":{"@id":"https:\/\/www.vrtulniky.sk\/news\/#organization"},"potentialAction":[{"@type":"SearchAction","target":{"@type":"EntryPoint","urlTemplate":"https:\/\/www.vrtulniky.sk\/news\/?s={search_term_string}"},"query-input":{"@type":"PropertyValueSpecification","valueRequired":true,"valueName":"search_term_string"}}],"inLanguage":"sk-SK"},{"@type":"Organization","@id":"https:\/\/www.vrtulniky.sk\/news\/#organization","name":"Podnik\u00e1m, lietam a relaxujem","url":"https:\/\/www.vrtulniky.sk\/news\/","logo":{"@type":"ImageObject","inLanguage":"sk-SK","@id":"https:\/\/www.vrtulniky.sk\/news\/#\/schema\/logo\/image\/","url":"https:\/\/www.vrtulniky.sk\/news\/wp-content\/uploads\/2022\/08\/news-vrtulniky-sk-logo-e1660318023553.png","contentUrl":"https:\/\/www.vrtulniky.sk\/news\/wp-content\/uploads\/2022\/08\/news-vrtulniky-sk-logo-e1660318023553.png","width":201,"height":200,"caption":"Podnik\u00e1m, lietam a relaxujem"},"image":{"@id":"https:\/\/www.vrtulniky.sk\/news\/#\/schema\/logo\/image\/"},"sameAs":["https:\/\/www.facebook.com\/vrtulniky\/"]},{"@type":"Person","@id":"https:\/\/www.vrtulniky.sk\/news\/#\/schema\/person\/493ace42f02aac57b98bb1d961d5c6f0","name":"Marcelka18","url":"https:\/\/www.vrtulniky.sk\/news\/author\/marcelka18\/"}]}},"_links":{"self":[{"href":"https:\/\/www.vrtulniky.sk\/news\/wp-json\/wp\/v2\/posts\/8519","targetHints":{"allow":["GET"]}}],"collection":[{"href":"https:\/\/www.vrtulniky.sk\/news\/wp-json\/wp\/v2\/posts"}],"about":[{"href":"https:\/\/www.vrtulniky.sk\/news\/wp-json\/wp\/v2\/types\/post"}],"author":[{"embeddable":true,"href":"https:\/\/www.vrtulniky.sk\/news\/wp-json\/wp\/v2\/users\/16"}],"replies":[{"embeddable":true,"href":"https:\/\/www.vrtulniky.sk\/news\/wp-json\/wp\/v2\/comments?post=8519"}],"version-history":[{"count":0,"href":"https:\/\/www.vrtulniky.sk\/news\/wp-json\/wp\/v2\/posts\/8519\/revisions"}],"wp:featuredmedia":[{"embeddable":true,"href":"https:\/\/www.vrtulniky.sk\/news\/wp-json\/wp\/v2\/media\/25058"}],"wp:attachment":[{"href":"https:\/\/www.vrtulniky.sk\/news\/wp-json\/wp\/v2\/media?parent=8519"}],"wp:term":[{"taxonomy":"category","embeddable":true,"href":"https:\/\/www.vrtulniky.sk\/news\/wp-json\/wp\/v2\/categories?post=8519"},{"taxonomy":"post_tag","embeddable":true,"href":"https:\/\/www.vrtulniky.sk\/news\/wp-json\/wp\/v2\/tags?post=8519"}],"curies":[{"name":"wp","href":"https:\/\/api.w.org\/{rel}","templated":true}]}}