{"id":8797,"date":"2022-12-29T08:04:59","date_gmt":"2022-12-29T07:04:59","guid":{"rendered":"https:\/\/www.euroekonom.sk\/?p=8797"},"modified":"2024-05-13T14:58:06","modified_gmt":"2024-05-13T12:58:06","slug":"fazy-internacionalizacie-podnikania","status":"publish","type":"post","link":"https:\/\/www.vrtulniky.sk\/news\/fazy-internacionalizacie-podnikania\/","title":{"rendered":"F\u00e1zy internacionaliz\u00e1cie podnikania"},"content":{"rendered":"<h2>Prejavy internacionaliz\u00e1cie v strat\u00e9gii organiz\u00e1cie<\/h2>\n<p>Vn\u00fatorn\u00e1 organiz\u00e1cia medzin\u00e1rodne \u010dinn\u00fdch podnikov je z\u00e1visl\u00e1 predov\u0161etk\u00fdm <strong>na stupni internacionaliz\u00e1cie \u010dinnost\u00ed a medzin\u00e1rodnej strat\u00e9gii, <\/strong>ktor\u00fa spolo\u010dnos\u0165 uplat\u0148uje. Ide predov\u0161etk\u00fdm o to, do akej miery je firma st\u00e1le e\u0161te orientovan\u00e1 na dom\u00e1ci trh a od nej predov\u0161etk\u00fdm odvodzuje svoje zdroje, lebo ako v rozhodovan\u00ed preva\u017euje orient\u00e1cia na trhy zahrani\u010dn\u00e9 a zdroje s\u00fa \u010derpan\u00e9 z globalizovanej svetovej ekonomiky. Mieru internacionaliz\u00e1cie m\u00f4\u017eeme vyjadri\u0165 hlavne podielom v\u00fdkonov realizovan\u00fdch v zahrani\u010dn\u00fdch jednotk\u00e1ch na celkovom v\u00fdkone firmy, pr\u00edpadne podielom zahrani\u010dn\u00fdch pracovn\u00edkov na celkovom po\u010dte zamestnancov, percentom zisku vytvoren\u00e9ho v zahrani\u010d\u00ed, podielom zahrani\u010dnej \u00fa\u010dtovnej hodnoty na celkovej \u00fa\u010dtovnej hodnote firmy, alebo taktie\u017e jednoduch\u0161ie po\u010dtom kraj\u00edn, v ktor\u00fdch m\u00e1 firma svoje zast\u00fapenie. Samotn\u00fd proces internacionaliz\u00e1cie \u010dinnosti prebieha obvykle nieko\u013ek\u00fdmi v\u00fdvojov\u00fdmi f\u00e1zami:<\/p>\n<ul>\n<li><strong>zalo\u017eenie dc\u00e9rskej spolo\u010dnosti<\/strong><\/li>\n<li><strong>medzin\u00e1rodn\u00e1 div\u00edzia<\/strong><\/li>\n<li><strong>glob\u00e1lna organiz\u00e1cia<\/strong><\/li>\n<\/ul>\n<h2>Tri f\u00e1zy internacionaliz\u00e1cie podnikania<\/h2>\n<h3>Prv\u00e1 f\u00e1za internacionaliz\u00e1cie: zalo\u017eenie dc\u00e9rskej spolo\u010dnosti<\/h3>\n<p>Ak sa rozhodne podnik pre ob\u010dasn\u00fd v\u00fdvoz svojich v\u00fdrobkov, zria\u010fuje obvykle najprv funkciu exportn\u00e9ho a importn\u00e9ho mana\u017e\u00e9ra. Ten je len v\u00e4\u010d\u0161inou podriaden\u00fd ved\u00facemu marketingov\u00e9ho \u00faseku. S roz\u0161irovan\u00edm napr. vyv\u00e1\u017eanej v\u00fdrobkovej s\u00e9rie a s rastom kvantity a r\u00f4znorodosti zahrani\u010dn\u00fdch obchodn\u00fdch oper\u00e1ci\u00ed sa postupne export\/import m\u00f4\u017ee st\u00e1\u0165 samostatn\u00fdm \u00fasekom priamo podriaden\u00fdm v\u00fdkonn\u00e9mu riadite\u013eovi. Zalo\u017eenie dc\u00e9rskej spolo\u010dnosti v zahrani\u010d\u00ed za\u010d\u00edna d\u00e1va\u0165 zmysel vtedy, ke\u010f sa do spolo\u010dnosti dost\u00e1va v\u00fdrobn\u00e1 \u010dinnos\u0165. Zahrani\u010dn\u00e1 dc\u00e9rska spolo\u010dnos\u0165 funguje na princ\u00edpe <strong>profit centra<\/strong> t.j. je hodnoten\u00e1 pod\u013ea vytvoren\u00e9ho zisku.<\/p>\n<h3>Druh\u00e1 f\u00e1za internacionaliz\u00e1cie: medzin\u00e1rodn\u00e1 div\u00edzia<\/h3>\n<p>Medzin\u00e1rodn\u00e1 div\u00edzia prich\u00e1dza na rad vtedy, ke\u010f sa za\u010d\u00edna v\u00fdznam zahrani\u010dn\u00fdch aktiv\u00edt vyrovn\u00e1va\u0165 s \u010dinnos\u0165ou dom\u00e1cou. Spolo\u010dnos\u0165 pres\u00fava na zahrani\u010dn\u00e9 trhy nielen odbyt, ale tie\u017e niektor\u00e9 v\u00fdrobn\u00e9 \u010dinnosti. Obvykle ide najsk\u00f4r o menej n\u00e1ro\u010dn\u00e9 v\u00fdrobn\u00e9 oper\u00e1cie. Rozsah zahrani\u010dn\u00fdch aktiv\u00edt sa zv\u00e4\u010d\u0161uje nato\u013eko, \u017ee je \u00fa\u010delne zoskupi\u0165 zahrani\u010dn\u00e9 dc\u00e9rske spolo\u010dnosti do tzv. medzin\u00e1rodnej div\u00edzie. V\u00fdskum a v\u00fdvoj nov\u00fdch v\u00fdrobkov a technol\u00f3gi\u00ed je orientovan\u00fd na dom\u00e1ci trh. Je vytvoren\u00fd len \u0161pecializovan\u00fd t\u00edm, ktor\u00fd sa venuje zahrani\u010dn\u00e9mu trhu a h\u013eadaj\u00fa firmy vhodn\u00e9 pre akviz\u00edciu.<\/p>\n<h3>Hybridn\u00e1 podoba glob\u00e1lnej \u0161trukt\u00fary podniku<\/h3>\n<p>Z organiza\u010dn\u00e9ho h\u013eadiska m\u00e1 glob\u00e1lna \u0161trukt\u00fara viac dimenzion\u00e1lnu (hybridn\u00fa) podobu, ktor\u00e1 kombinuje:<\/p>\n<ul>\n<li>glob\u00e1lne strategick\u00e9 podnikate\u013esk\u00e9 jednotky (GSBU \u2013 Global Strategy Business Units) vytv\u00e1ran\u00e9 na centr\u00e1lnej \u00farovni pre cel\u00fa korpor\u00e1ciu,<\/li>\n<li>region\u00e1lne centr\u00e1ly a miestne vedenie, ich \u00falohou je rozv\u00edja\u0165 miestny trh a stara\u0165 sa o poz\u00edciu na tomto trhu,<\/li>\n<li>centr\u00e1lna funkcia korpor\u00e1cie:<\/li>\n<li>\u00falohou je formulova\u0165 strategick\u00e9 rozhodnutia s oh\u013eadom na potreby a z\u00e1ujmy celej korpor\u00e1cie,<\/li>\n<li>centr\u00e1 zdie\u013ean\u00fdch slu\u017eieb (GBServices):<\/li>\n<li>slu\u017eby s\u00fa s relat\u00edvne ni\u017e\u0161\u00edmi n\u00e1kladmi a pritom r\u00fdchle a kvalitne poskytovan\u00e9 jednotliv\u00fdm dc\u00e9rskym spolo\u010dnostiam.<\/li>\n<\/ul>\n<h3>Tretia f\u00e1za internacionaliz\u00e1cie: glob\u00e1lna organiz\u00e1cia<\/h3>\n<p>Glob\u00e1lna organiz\u00e1cia predstavuje \u0161t\u00e1dium, kedy sa organiza\u010dn\u00e1 \u0161trukt\u00fara prisp\u00f4sobuje vysokej integrovanej firemnej strat\u00e9gi\u00ed. Vedenie spolo\u010dnosti nediferencuje medzi dom\u00e1cimi a zahrani\u010dn\u00fdmi \u010dinnos\u0165ami, ale pristupuje k obom celkom rovnocenne, posudzuje ich pod\u013ea rovnak\u00fdch krit\u00e9ri\u00ed. Svetov\u00fd trh je tu ch\u00e1pan\u00fd ako jeden celok a v\u0161etky rozhodnutia s\u00fa vykon\u00e1van\u00e9 s oh\u013eadom na tento svetov\u00fd trh a efekt\u00edvnos\u0165 korpor\u00e1cie ako celku.<\/p>\n<h2>Medzin\u00e1rodn\u00e9 podnikate\u013esk\u00e9 strat\u00e9gie<\/h2>\n<p>Je potrebn\u00e9 zd\u00f4razni\u0165, \u017ee sa tu prel\u00ednaj\u00fa mot\u00edvy racion\u00e1lne ekonomick\u00e9 s osobnou motiv\u00e1ciou, z\u00e1ujmy ziskov\u00e9 s politick\u00fdmi, racion\u00e1lne kalkul\u00e1cie s intu\u00edciou. Nie s\u00fa to \u013eahk\u00e9 a jednoduch\u00e9 rie\u0161enia. Napokon aj najv\u00e4\u010d\u0161ie spolo\u010dnosti pre\u017e\u00edvaj\u00fa kr\u00edzu a m\u00f4\u017eu z trhu zmizn\u00fa\u0165, preto\u017ee in\u00e9 spolo\u010dnosti objavia trhov\u00fd segment a po\u010das 2-3 rokov zaznamenaj\u00fa raketov\u00fd \u0161tart.<br \/>\nTop mana\u017ement v\u0161etk\u00fdch spolo\u010dnost\u00ed mus\u00ed rie\u0161i\u0165 dve najd\u00f4le\u017eitej\u0161ie \u00falohy \u2013 zvoli\u0165 pre firmu strategick\u00fd smer a vytvori\u0165 organiza\u010dn\u00e9 formy, ktor\u00e9 strat\u00e9gi\u00ed dodaj\u00fa potrebn\u00fa v\u00fdkonnos\u0165<br \/>\nN\u00e1strojom, ktor\u00fd transformuje strategick\u00e9 smerovanie a strategick\u00e9 ciele do realizovanej podoby je strategick\u00fd pl\u00e1n. V strategickom pl\u00e1ne sa rozhoduje o alok\u00e1cii firemn\u00fdch zdrojov v \u010dase, tzn. o pridelen\u00ed zdrojov jednotliv\u00fdm projektom, strategick\u00fdm podnikate\u013esk\u00fdm jednotk\u00e1m, ale tie\u017e o alok\u00e1cii jednotliv\u00fdch aktiv\u00edt vo vz\u0165ahu k r\u00f4znym regi\u00f3nom, trhom, strategick\u00fdm alianci\u00e1m \u010di akviz\u00edci\u00e1m.<br \/>\nProces strategick\u00e9ho pl\u00e1novania je v medzin\u00e1rodn\u00fdch korpor\u00e1ci\u00e1ch komplikovanej\u0161\u00ed a to, \u017ee zahr\u0148uje cel\u00fd rad kraj\u00edn a region\u00e1lnych prostred\u00ed, ktor\u00e9 je potrebn\u00e9 analyzova\u0165, porozumie\u0165 im pred rozhodnut\u00edm o ich zahrnut\u00ed do firemn\u00e9ho portf\u00f3lia.<br \/>\nMedzin\u00e1rodn\u00e1 korpor\u00e1cia m\u00f4\u017ee pri strategickom riaden\u00ed vyu\u017e\u00edva\u0165 cel\u00fd rad n\u00e1strojov, ktor\u00e9 s\u00fa pon\u00fakan\u00e9 obvykle klasickou vetvou strategick\u00e9ho mana\u017ementu. Intern. podnikania so sebou z\u00e1rove\u0148 prin\u00e1\u0161a modifik\u00e1ciu be\u017en\u00fdch konkuren\u010dn\u00fdch strat\u00e9gi\u00ed. DO hry vstupuj\u00fa \u010fal\u0161ie dimenzie strategick\u00e9ho spr\u00e1vania firiem spojen\u00e9 predov\u0161etk\u00fdm:<\/p>\n<ul>\n<li>s r\u00f4znym zameran\u00edm segment\u00e1cie a vn\u00fatornej integr\u00e1cie a koordin\u00e1cie medzi. rozmiestnenie aktiv\u00edt (modely Portera)<\/li>\n<li>s r\u00f4znou mierou prisp\u00f4sobovania sa odli\u0161n\u00fdm trhom, a to ako z h\u013eadiska mana\u017e\u00e9rskeho \u0161t\u00fdlu a firemnej kult\u00fary, tak z h\u013eadiska prisp\u00f4sobenia obchodnej strat\u00e9gie a produktu<\/li>\n<li>alebo samotn\u00fdm dynamick\u00fdm kontextom, v \u0148om sa \u010dasto pohybuj\u00fa konfliktn\u00e9 skupiny s\u00edl determinuj\u00facich podobu medzin\u00e1rodnej strat\u00e9gie (model 3 konfliktn\u00fdch determinantov internacionaliz\u00e1cie Prahalada a Doza<\/li>\n<\/ul>\n<h3>Internacionaliz\u00e1cia pod\u013ea Porterovho diamantu<\/h3>\n<p>Vz\u0165ah organiz\u00e1cie a medzin\u00e1rodnej strat\u00e9gie predstavuje internacionaliz\u00e1cia <a href=\"https:\/\/www.euroekonom.sk\/domaca-zakladna-a-diamant-m-e-portera\/\">diamantu M. E. Portera<\/a>. V ka\u017edom podniku prebieha pod\u013ea Portera nieko\u013eko k\u013e\u00fa\u010dov\u00fdch \u2013 prim\u00e1rnych procesov:<\/p>\n<ul>\n<li>n\u00e1kup a z\u00e1sobovacia logistika<\/li>\n<li>v\u00fdroba<\/li>\n<li>vn\u00fatropodnikov\u00e1 logistika a distrib\u00facia<\/li>\n<li>predaj, vr\u00e1tanie propag\u00e1cie a marketingu<\/li>\n<li>sprievodn\u00e9 slu\u017eby a servis<\/li>\n<\/ul>\n<p>Aby bolo mo\u017en\u00e9 realizova\u0165 prim\u00e1rne procesy, mus\u00ed podnik uskuto\u010d\u0148ova\u0165 aj sekund\u00e1rne (podporn\u00e9) procesy:<\/p>\n<ul>\n<li>podnikov\u00e1 infra\u0161tukt\u00fara<\/li>\n<li>v\u00fdvoj technol\u00f3gi\u00ed<\/li>\n<li>riadenie \u013eudsk\u00fdch zdrojov<\/li>\n<li>obstar\u00e1vate\u013esk\u00e9 \u010dinnosti<\/li>\n<\/ul>\n","protected":false},"excerpt":{"rendered":"<p>Prejavy internacionaliz\u00e1cie v strat\u00e9gii organiz\u00e1cie Vn\u00fatorn\u00e1 organiz\u00e1cia medzin\u00e1rodne \u010dinn\u00fdch podnikov je z\u00e1visl\u00e1 predov\u0161etk\u00fdm na stupni internacionaliz\u00e1cie \u010dinnost\u00ed a medzin\u00e1rodnej strat\u00e9gii, ktor\u00fa spolo\u010dnos\u0165 uplat\u0148uje. Ide predov\u0161etk\u00fdm &hellip; <\/p>\n","protected":false},"author":15,"featured_media":24968,"comment_status":"open","ping_status":"closed","sticky":false,"template":"","format":"standard","meta":{"footnotes":""},"categories":[551,52],"tags":[],"class_list":["post-8797","post","type-post","status-publish","format-standard","has-post-thumbnail","hentry","category-podnikam","category-podnikanie"],"yoast_head":"<!-- This site is optimized with the Yoast SEO plugin v27.5 - https:\/\/yoast.com\/product\/yoast-seo-wordpress\/ -->\n<title>F\u00e1zy internacionaliz\u00e1cie podnikania<\/title>\n<meta name=\"description\" content=\"Tri f\u00e1zy internacionaliz\u00e1cie podnikania a ich prejavy v strat\u00e9gii organiz\u00e1cie. Medzin\u00e1rodn\u00e9 strat\u00e9gie a internacionaliz\u00e1cia pod\u013ea Porterovho diamantu.\" \/>\n<meta name=\"robots\" content=\"index, follow, max-snippet:-1, max-image-preview:large, max-video-preview:-1\" \/>\n<link rel=\"canonical\" href=\"https:\/\/www.vrtulniky.sk\/news\/fazy-internacionalizacie-podnikania\/\" \/>\n<meta property=\"og:locale\" content=\"sk_SK\" \/>\n<meta property=\"og:type\" content=\"article\" \/>\n<meta property=\"og:title\" content=\"F\u00e1zy internacionaliz\u00e1cie podnikania\" \/>\n<meta property=\"og:description\" content=\"Tri f\u00e1zy internacionaliz\u00e1cie podnikania a ich prejavy v strat\u00e9gii organiz\u00e1cie. Medzin\u00e1rodn\u00e9 strat\u00e9gie a internacionaliz\u00e1cia pod\u013ea Porterovho diamantu.\" \/>\n<meta property=\"og:url\" content=\"https:\/\/www.vrtulniky.sk\/news\/fazy-internacionalizacie-podnikania\/\" \/>\n<meta property=\"og:site_name\" content=\"Podnik\u00e1m, lietam a relaxujem\" \/>\n<meta property=\"article:publisher\" content=\"https:\/\/www.facebook.com\/vrtulniky\/\" \/>\n<meta property=\"article:published_time\" content=\"2022-12-29T07:04:59+00:00\" \/>\n<meta property=\"article:modified_time\" content=\"2024-05-13T12:58:06+00:00\" \/>\n<meta property=\"og:image\" content=\"https:\/\/www.vrtulniky.sk\/news\/wp-content\/uploads\/2022\/08\/marketingove-distribucne-cesty.jpg\" \/>\n\t<meta property=\"og:image:width\" content=\"912\" \/>\n\t<meta property=\"og:image:height\" content=\"735\" \/>\n\t<meta property=\"og:image:type\" content=\"image\/jpeg\" \/>\n<meta name=\"author\" content=\"Bc. Januska\" \/>\n<meta name=\"twitter:card\" content=\"summary_large_image\" \/>\n<meta name=\"twitter:label1\" content=\"Autor\" \/>\n\t<meta name=\"twitter:data1\" content=\"Bc. Januska\" \/>\n\t<meta name=\"twitter:label2\" content=\"Predpokladan\u00fd \u010das \u010d\u00edtania\" \/>\n\t<meta name=\"twitter:data2\" content=\"6 min\u00fat\" \/>\n<script type=\"application\/ld+json\" class=\"yoast-schema-graph\">{\"@context\":\"https:\\\/\\\/schema.org\",\"@graph\":[{\"@type\":\"Article\",\"@id\":\"https:\\\/\\\/www.vrtulniky.sk\\\/news\\\/fazy-internacionalizacie-podnikania\\\/#article\",\"isPartOf\":{\"@id\":\"https:\\\/\\\/www.vrtulniky.sk\\\/news\\\/fazy-internacionalizacie-podnikania\\\/\"},\"author\":{\"name\":\"Bc. Januska\",\"@id\":\"https:\\\/\\\/www.vrtulniky.sk\\\/news\\\/#\\\/schema\\\/person\\\/7ff007765bc70c0a20e1487aebea02d9\"},\"headline\":\"F\u00e1zy internacionaliz\u00e1cie podnikania\",\"datePublished\":\"2022-12-29T07:04:59+00:00\",\"dateModified\":\"2024-05-13T12:58:06+00:00\",\"mainEntityOfPage\":{\"@id\":\"https:\\\/\\\/www.vrtulniky.sk\\\/news\\\/fazy-internacionalizacie-podnikania\\\/\"},\"wordCount\":1135,\"commentCount\":0,\"publisher\":{\"@id\":\"https:\\\/\\\/www.vrtulniky.sk\\\/news\\\/#organization\"},\"image\":{\"@id\":\"https:\\\/\\\/www.vrtulniky.sk\\\/news\\\/fazy-internacionalizacie-podnikania\\\/#primaryimage\"},\"thumbnailUrl\":\"https:\\\/\\\/www.vrtulniky.sk\\\/news\\\/wp-content\\\/uploads\\\/2022\\\/08\\\/marketingove-distribucne-cesty.jpg\",\"articleSection\":[\"Podnik\u00e1m\",\"Podnikanie\"],\"inLanguage\":\"sk-SK\",\"potentialAction\":[{\"@type\":\"CommentAction\",\"name\":\"Comment\",\"target\":[\"https:\\\/\\\/www.vrtulniky.sk\\\/news\\\/fazy-internacionalizacie-podnikania\\\/#respond\"]}]},{\"@type\":\"WebPage\",\"@id\":\"https:\\\/\\\/www.vrtulniky.sk\\\/news\\\/fazy-internacionalizacie-podnikania\\\/\",\"url\":\"https:\\\/\\\/www.vrtulniky.sk\\\/news\\\/fazy-internacionalizacie-podnikania\\\/\",\"name\":\"F\u00e1zy internacionaliz\u00e1cie podnikania\",\"isPartOf\":{\"@id\":\"https:\\\/\\\/www.vrtulniky.sk\\\/news\\\/#website\"},\"primaryImageOfPage\":{\"@id\":\"https:\\\/\\\/www.vrtulniky.sk\\\/news\\\/fazy-internacionalizacie-podnikania\\\/#primaryimage\"},\"image\":{\"@id\":\"https:\\\/\\\/www.vrtulniky.sk\\\/news\\\/fazy-internacionalizacie-podnikania\\\/#primaryimage\"},\"thumbnailUrl\":\"https:\\\/\\\/www.vrtulniky.sk\\\/news\\\/wp-content\\\/uploads\\\/2022\\\/08\\\/marketingove-distribucne-cesty.jpg\",\"datePublished\":\"2022-12-29T07:04:59+00:00\",\"dateModified\":\"2024-05-13T12:58:06+00:00\",\"description\":\"Tri f\u00e1zy internacionaliz\u00e1cie podnikania a ich prejavy v strat\u00e9gii organiz\u00e1cie. Medzin\u00e1rodn\u00e9 strat\u00e9gie a internacionaliz\u00e1cia pod\u013ea Porterovho diamantu.\",\"breadcrumb\":{\"@id\":\"https:\\\/\\\/www.vrtulniky.sk\\\/news\\\/fazy-internacionalizacie-podnikania\\\/#breadcrumb\"},\"inLanguage\":\"sk-SK\",\"potentialAction\":[{\"@type\":\"ReadAction\",\"target\":[\"https:\\\/\\\/www.vrtulniky.sk\\\/news\\\/fazy-internacionalizacie-podnikania\\\/\"]}]},{\"@type\":\"ImageObject\",\"inLanguage\":\"sk-SK\",\"@id\":\"https:\\\/\\\/www.vrtulniky.sk\\\/news\\\/fazy-internacionalizacie-podnikania\\\/#primaryimage\",\"url\":\"https:\\\/\\\/www.vrtulniky.sk\\\/news\\\/wp-content\\\/uploads\\\/2022\\\/08\\\/marketingove-distribucne-cesty.jpg\",\"contentUrl\":\"https:\\\/\\\/www.vrtulniky.sk\\\/news\\\/wp-content\\\/uploads\\\/2022\\\/08\\\/marketingove-distribucne-cesty.jpg\",\"width\":912,\"height\":735},{\"@type\":\"BreadcrumbList\",\"@id\":\"https:\\\/\\\/www.vrtulniky.sk\\\/news\\\/fazy-internacionalizacie-podnikania\\\/#breadcrumb\",\"itemListElement\":[{\"@type\":\"ListItem\",\"position\":1,\"name\":\"Home\",\"item\":\"https:\\\/\\\/www.vrtulniky.sk\\\/news\\\/\"},{\"@type\":\"ListItem\",\"position\":2,\"name\":\"F\u00e1zy internacionaliz\u00e1cie podnikania\"}]},{\"@type\":\"WebSite\",\"@id\":\"https:\\\/\\\/www.vrtulniky.sk\\\/news\\\/#website\",\"url\":\"https:\\\/\\\/www.vrtulniky.sk\\\/news\\\/\",\"name\":\"Podnik\u00e1m, lietam a relaxujem\",\"description\":\"Vrtu\u013en\u00edky.sk\",\"publisher\":{\"@id\":\"https:\\\/\\\/www.vrtulniky.sk\\\/news\\\/#organization\"},\"potentialAction\":[{\"@type\":\"SearchAction\",\"target\":{\"@type\":\"EntryPoint\",\"urlTemplate\":\"https:\\\/\\\/www.vrtulniky.sk\\\/news\\\/?s={search_term_string}\"},\"query-input\":{\"@type\":\"PropertyValueSpecification\",\"valueRequired\":true,\"valueName\":\"search_term_string\"}}],\"inLanguage\":\"sk-SK\"},{\"@type\":\"Organization\",\"@id\":\"https:\\\/\\\/www.vrtulniky.sk\\\/news\\\/#organization\",\"name\":\"Podnik\u00e1m, lietam a relaxujem\",\"url\":\"https:\\\/\\\/www.vrtulniky.sk\\\/news\\\/\",\"logo\":{\"@type\":\"ImageObject\",\"inLanguage\":\"sk-SK\",\"@id\":\"https:\\\/\\\/www.vrtulniky.sk\\\/news\\\/#\\\/schema\\\/logo\\\/image\\\/\",\"url\":\"https:\\\/\\\/www.vrtulniky.sk\\\/news\\\/wp-content\\\/uploads\\\/2022\\\/08\\\/news-vrtulniky-sk-logo-e1660318023553.png\",\"contentUrl\":\"https:\\\/\\\/www.vrtulniky.sk\\\/news\\\/wp-content\\\/uploads\\\/2022\\\/08\\\/news-vrtulniky-sk-logo-e1660318023553.png\",\"width\":201,\"height\":200,\"caption\":\"Podnik\u00e1m, lietam a relaxujem\"},\"image\":{\"@id\":\"https:\\\/\\\/www.vrtulniky.sk\\\/news\\\/#\\\/schema\\\/logo\\\/image\\\/\"},\"sameAs\":[\"https:\\\/\\\/www.facebook.com\\\/vrtulniky\\\/\"]},{\"@type\":\"Person\",\"@id\":\"https:\\\/\\\/www.vrtulniky.sk\\\/news\\\/#\\\/schema\\\/person\\\/7ff007765bc70c0a20e1487aebea02d9\",\"name\":\"Bc. Januska\",\"url\":\"https:\\\/\\\/www.vrtulniky.sk\\\/news\\\/author\\\/jana6121\\\/\"}]}<\/script>\n<!-- \/ Yoast SEO plugin. -->","yoast_head_json":{"title":"F\u00e1zy internacionaliz\u00e1cie podnikania","description":"Tri f\u00e1zy internacionaliz\u00e1cie podnikania a ich prejavy v strat\u00e9gii organiz\u00e1cie. Medzin\u00e1rodn\u00e9 strat\u00e9gie a internacionaliz\u00e1cia pod\u013ea Porterovho diamantu.","robots":{"index":"index","follow":"follow","max-snippet":"max-snippet:-1","max-image-preview":"max-image-preview:large","max-video-preview":"max-video-preview:-1"},"canonical":"https:\/\/www.vrtulniky.sk\/news\/fazy-internacionalizacie-podnikania\/","og_locale":"sk_SK","og_type":"article","og_title":"F\u00e1zy internacionaliz\u00e1cie podnikania","og_description":"Tri f\u00e1zy internacionaliz\u00e1cie podnikania a ich prejavy v strat\u00e9gii organiz\u00e1cie. Medzin\u00e1rodn\u00e9 strat\u00e9gie a internacionaliz\u00e1cia pod\u013ea Porterovho diamantu.","og_url":"https:\/\/www.vrtulniky.sk\/news\/fazy-internacionalizacie-podnikania\/","og_site_name":"Podnik\u00e1m, lietam a relaxujem","article_publisher":"https:\/\/www.facebook.com\/vrtulniky\/","article_published_time":"2022-12-29T07:04:59+00:00","article_modified_time":"2024-05-13T12:58:06+00:00","og_image":[{"width":912,"height":735,"url":"https:\/\/www.vrtulniky.sk\/news\/wp-content\/uploads\/2022\/08\/marketingove-distribucne-cesty.jpg","type":"image\/jpeg"}],"author":"Bc. Januska","twitter_card":"summary_large_image","twitter_misc":{"Autor":"Bc. Januska","Predpokladan\u00fd \u010das \u010d\u00edtania":"6 min\u00fat"},"schema":{"@context":"https:\/\/schema.org","@graph":[{"@type":"Article","@id":"https:\/\/www.vrtulniky.sk\/news\/fazy-internacionalizacie-podnikania\/#article","isPartOf":{"@id":"https:\/\/www.vrtulniky.sk\/news\/fazy-internacionalizacie-podnikania\/"},"author":{"name":"Bc. Januska","@id":"https:\/\/www.vrtulniky.sk\/news\/#\/schema\/person\/7ff007765bc70c0a20e1487aebea02d9"},"headline":"F\u00e1zy internacionaliz\u00e1cie podnikania","datePublished":"2022-12-29T07:04:59+00:00","dateModified":"2024-05-13T12:58:06+00:00","mainEntityOfPage":{"@id":"https:\/\/www.vrtulniky.sk\/news\/fazy-internacionalizacie-podnikania\/"},"wordCount":1135,"commentCount":0,"publisher":{"@id":"https:\/\/www.vrtulniky.sk\/news\/#organization"},"image":{"@id":"https:\/\/www.vrtulniky.sk\/news\/fazy-internacionalizacie-podnikania\/#primaryimage"},"thumbnailUrl":"https:\/\/www.vrtulniky.sk\/news\/wp-content\/uploads\/2022\/08\/marketingove-distribucne-cesty.jpg","articleSection":["Podnik\u00e1m","Podnikanie"],"inLanguage":"sk-SK","potentialAction":[{"@type":"CommentAction","name":"Comment","target":["https:\/\/www.vrtulniky.sk\/news\/fazy-internacionalizacie-podnikania\/#respond"]}]},{"@type":"WebPage","@id":"https:\/\/www.vrtulniky.sk\/news\/fazy-internacionalizacie-podnikania\/","url":"https:\/\/www.vrtulniky.sk\/news\/fazy-internacionalizacie-podnikania\/","name":"F\u00e1zy internacionaliz\u00e1cie podnikania","isPartOf":{"@id":"https:\/\/www.vrtulniky.sk\/news\/#website"},"primaryImageOfPage":{"@id":"https:\/\/www.vrtulniky.sk\/news\/fazy-internacionalizacie-podnikania\/#primaryimage"},"image":{"@id":"https:\/\/www.vrtulniky.sk\/news\/fazy-internacionalizacie-podnikania\/#primaryimage"},"thumbnailUrl":"https:\/\/www.vrtulniky.sk\/news\/wp-content\/uploads\/2022\/08\/marketingove-distribucne-cesty.jpg","datePublished":"2022-12-29T07:04:59+00:00","dateModified":"2024-05-13T12:58:06+00:00","description":"Tri f\u00e1zy internacionaliz\u00e1cie podnikania a ich prejavy v strat\u00e9gii organiz\u00e1cie. Medzin\u00e1rodn\u00e9 strat\u00e9gie a internacionaliz\u00e1cia pod\u013ea Porterovho diamantu.","breadcrumb":{"@id":"https:\/\/www.vrtulniky.sk\/news\/fazy-internacionalizacie-podnikania\/#breadcrumb"},"inLanguage":"sk-SK","potentialAction":[{"@type":"ReadAction","target":["https:\/\/www.vrtulniky.sk\/news\/fazy-internacionalizacie-podnikania\/"]}]},{"@type":"ImageObject","inLanguage":"sk-SK","@id":"https:\/\/www.vrtulniky.sk\/news\/fazy-internacionalizacie-podnikania\/#primaryimage","url":"https:\/\/www.vrtulniky.sk\/news\/wp-content\/uploads\/2022\/08\/marketingove-distribucne-cesty.jpg","contentUrl":"https:\/\/www.vrtulniky.sk\/news\/wp-content\/uploads\/2022\/08\/marketingove-distribucne-cesty.jpg","width":912,"height":735},{"@type":"BreadcrumbList","@id":"https:\/\/www.vrtulniky.sk\/news\/fazy-internacionalizacie-podnikania\/#breadcrumb","itemListElement":[{"@type":"ListItem","position":1,"name":"Home","item":"https:\/\/www.vrtulniky.sk\/news\/"},{"@type":"ListItem","position":2,"name":"F\u00e1zy internacionaliz\u00e1cie podnikania"}]},{"@type":"WebSite","@id":"https:\/\/www.vrtulniky.sk\/news\/#website","url":"https:\/\/www.vrtulniky.sk\/news\/","name":"Podnik\u00e1m, lietam a relaxujem","description":"Vrtu\u013en\u00edky.sk","publisher":{"@id":"https:\/\/www.vrtulniky.sk\/news\/#organization"},"potentialAction":[{"@type":"SearchAction","target":{"@type":"EntryPoint","urlTemplate":"https:\/\/www.vrtulniky.sk\/news\/?s={search_term_string}"},"query-input":{"@type":"PropertyValueSpecification","valueRequired":true,"valueName":"search_term_string"}}],"inLanguage":"sk-SK"},{"@type":"Organization","@id":"https:\/\/www.vrtulniky.sk\/news\/#organization","name":"Podnik\u00e1m, lietam a relaxujem","url":"https:\/\/www.vrtulniky.sk\/news\/","logo":{"@type":"ImageObject","inLanguage":"sk-SK","@id":"https:\/\/www.vrtulniky.sk\/news\/#\/schema\/logo\/image\/","url":"https:\/\/www.vrtulniky.sk\/news\/wp-content\/uploads\/2022\/08\/news-vrtulniky-sk-logo-e1660318023553.png","contentUrl":"https:\/\/www.vrtulniky.sk\/news\/wp-content\/uploads\/2022\/08\/news-vrtulniky-sk-logo-e1660318023553.png","width":201,"height":200,"caption":"Podnik\u00e1m, lietam a relaxujem"},"image":{"@id":"https:\/\/www.vrtulniky.sk\/news\/#\/schema\/logo\/image\/"},"sameAs":["https:\/\/www.facebook.com\/vrtulniky\/"]},{"@type":"Person","@id":"https:\/\/www.vrtulniky.sk\/news\/#\/schema\/person\/7ff007765bc70c0a20e1487aebea02d9","name":"Bc. Januska","url":"https:\/\/www.vrtulniky.sk\/news\/author\/jana6121\/"}]}},"_links":{"self":[{"href":"https:\/\/www.vrtulniky.sk\/news\/wp-json\/wp\/v2\/posts\/8797","targetHints":{"allow":["GET"]}}],"collection":[{"href":"https:\/\/www.vrtulniky.sk\/news\/wp-json\/wp\/v2\/posts"}],"about":[{"href":"https:\/\/www.vrtulniky.sk\/news\/wp-json\/wp\/v2\/types\/post"}],"author":[{"embeddable":true,"href":"https:\/\/www.vrtulniky.sk\/news\/wp-json\/wp\/v2\/users\/15"}],"replies":[{"embeddable":true,"href":"https:\/\/www.vrtulniky.sk\/news\/wp-json\/wp\/v2\/comments?post=8797"}],"version-history":[{"count":0,"href":"https:\/\/www.vrtulniky.sk\/news\/wp-json\/wp\/v2\/posts\/8797\/revisions"}],"wp:featuredmedia":[{"embeddable":true,"href":"https:\/\/www.vrtulniky.sk\/news\/wp-json\/wp\/v2\/media\/24968"}],"wp:attachment":[{"href":"https:\/\/www.vrtulniky.sk\/news\/wp-json\/wp\/v2\/media?parent=8797"}],"wp:term":[{"taxonomy":"category","embeddable":true,"href":"https:\/\/www.vrtulniky.sk\/news\/wp-json\/wp\/v2\/categories?post=8797"},{"taxonomy":"post_tag","embeddable":true,"href":"https:\/\/www.vrtulniky.sk\/news\/wp-json\/wp\/v2\/tags?post=8797"}],"curies":[{"name":"wp","href":"https:\/\/api.w.org\/{rel}","templated":true}]}}