{"id":9692,"date":"2023-01-24T10:41:51","date_gmt":"2023-01-24T09:41:51","guid":{"rendered":"https:\/\/www.euroekonom.sk\/?p=9692"},"modified":"2024-05-13T14:57:49","modified_gmt":"2024-05-13T12:57:49","slug":"manazment-a-jeho-prostredie","status":"publish","type":"post","link":"https:\/\/www.vrtulniky.sk\/news\/manazment-a-jeho-prostredie\/","title":{"rendered":"Mana\u017ement a jeho prostredie"},"content":{"rendered":"<h2>\u00davod<\/h2>\n<p>Prostredie je pojem, s ktor\u00fdm sa v s\u00fa\u010dasnosti stret\u00e1vame pomerne \u010dasto. Vymedzuje sa ako priestor, ktor\u00fd zah\u0155\u0148a podnety potrebn\u00e9 pre rozvoj osobnosti, obklopuje jedinca a vyvol\u00e1va psychick\u00e9 reakcie. Cie\u013eom semin\u00e1rnej pr\u00e1ce je pribl\u00ed\u017ei\u0165 si prostredie mana\u017ementu.<br \/>\nV mana\u017emente sa ka\u017ed\u00e1 organiz\u00e1cia sna\u017e\u00ed uskuto\u010d\u0148ova\u0165 svoje \u00falohy, poslanie, \u010di ciele. Jej \u010dinnos\u0165 prebieha v ur\u010ditom prostred\u00ed, s ktor\u00fdm je v neust\u00e1lom kontakte a predstavuje z\u00e1klad jej existencie. Rozli\u0161ujeme extern\u00e9 (vonkaj\u0161ie) prostredie a intern\u00e9 (vn\u00fatorn\u00e9) prostredie pozost\u00e1vaj\u00face z r\u00f4znych v\u00e4zieb a vz\u0165ahov. Organiz\u00e1cia prostredn\u00edctvom interakcie s prostred\u00edm m\u00f4\u017ee dosiahnu\u0165 efekt\u00edvnej\u0161ie nap\u013a\u0148anie cie\u013eov, predv\u00eddanie r\u00f4znych vplyvov, v\u00fdvoja, \u010di u\u013eah\u010denie v oblasti rozhodovania.<\/p>\n<h2>Prostredie mana\u017ementu<\/h2>\n<p>Ka\u017ed\u00e1 organiz\u00e1cia uskuto\u010d\u0148uje svoje \u00falohy, poslanie, \u010di ciele v ur\u010ditom prostred\u00ed, z ktor\u00e9ho z\u00edskava zdroje a ktor\u00e9mu odovzd\u00e1va v\u00fdsledky svojej \u010dinnosti. Ak si chce na trhu udr\u017ea\u0165 poz\u00edciu, mus\u00ed starostlivo pozorova\u0165 a analyzova\u0165 toto okolie. Charakterizovanie okolia a zhodnotenie mo\u017enost\u00ed umo\u017e\u0148uje definova\u0165 mo\u017en\u00e9 smery a orient\u00e1ciu \u010fal\u0161ieho v\u00fdvoja. Prostredie teda predstavuje podmienku existencie organiz\u00e1cie.<\/p>\n<h2>Organiz\u00e1cia ako syst\u00e9m<\/h2>\n<p>Syst\u00e9m v organiz\u00e1ci\u00ed sl\u00fa\u017ei na zabezpe\u010denie spr\u00e1vneho fungovania jej jednotliv\u00fdch prvkov. <em>\u201eSyst\u00e9m je s\u00fabor vn\u00fatorn\u00e9 prepojen\u00fdch a vn\u00fatorn\u00e9 s\u00favisiacich \u010dast\u00ed, ktor\u00e9 tvoria jednotn\u00fd celok.&#8220; <\/em>Existuj\u00fa dva z\u00e1kladn\u00e9 syst\u00e9my, a to:<\/p>\n<ul>\n<li>uzavret\u00fd (nep\u00f4sob\u00ed so svoj\u00edm prostred\u00edm)<\/li>\n<li>a otvoren\u00fd syst\u00e9m (je dynamick\u00fd a interakt\u00edvny so svoj\u00edm prostred\u00edm).<\/li>\n<\/ul>\n<p>Ak v organiz\u00e1ci\u00ed existuje ur\u010dit\u00fd syst\u00e9m, znamen\u00e1 to ust\u00e1len\u00fa \u0161trukt\u00faru, existenciu a fungovanie organiza\u010dn\u00fdch \u010dl\u00e1nkov, r\u00f4znych v\u00e4zieb a vz\u0165ahov s in\u00fdmi syst\u00e9mami, ktor\u00e9 s\u00fa v interakcii s prostred\u00edm za \u00fa\u010delom naplnenia cie\u013eov organiz\u00e1cie.<br \/>\nV\u00fdznam syst\u00e9mov\u00e9ho pr\u00edstupu spo\u010d\u00edva v tom, \u017ee organiz\u00e1cia sa ch\u00e1pe ako dynamick\u00fd celok, na ktor\u00fd vpl\u00fdva rad vn\u00fatorn\u00fdch a vonkaj\u0161\u00edch faktorov v <a title=\"Glob\u00e1lne prostredie\" href=\"https:\/\/www.euroekonom.sk\/globalne-prostredie\/\">glob\u00e1lnom prostred\u00ed<\/a>. Predv\u00edda\u0165 ich vplyv a v\u00fdvoj umo\u017e\u0148uje vhodnej\u0161ie reagova\u0165 na r\u00f4zne skuto\u010dnosti a prij\u00edma\u0165 adekv\u00e1tne rozhodnutia. Vznikaj\u00face probl\u00e9my by sa nemali rie\u0161i\u0165 izolovane, ale je potrebn\u00e9 ich vn\u00edma\u0165 v kontexte s poznan\u00edm vz\u00e1jomn\u00fdch vz\u0165ahov medzi prvkami ako aj faktorov vonkaj\u0161ieho prostredia. Syst\u00e9mov\u00fd pr\u00edstup umo\u017e\u0148uje racion\u00e1lnej\u0161ie zaistenie fungovania, dosahovania \u00fa\u010delu, \u010fal\u0161ieho rozvoja organiz\u00e1cie a jej \u010dlenov a zaistenie bezpe\u010dnosti. V literat\u00fare sa naj\u010dastej\u0161ie m\u00f4\u017eeme stretn\u00fa\u0165 s dvoma pojmami:<\/p>\n<ul>\n<li>extern\u00e9 a intern\u00e9 prostredie alebo<\/li>\n<li>podnikate\u013esk\u00e9 prostredie a prostredie podniku.<\/li>\n<\/ul>\n<h2>Extern\u00e9 (vonkaj\u0161ie) prostredie<\/h2>\n<p>Podnik uskuto\u010d\u0148uje svoje ciele v <a title=\"Anal\u00fdza extern\u00e9ho prostredia podniku\" href=\"https:\/\/www.euroekonom.sk\/manazment\/strategicky-manazment\/analyza-externeho-prostredia-podniku\/\">externom prostred\u00ed<\/a>, ktor\u00e9 okrem toho, \u017ee poskytuje mno\u017estvo pr\u00edle\u017eitost\u00ed, je aj zdrojom hrozieb a riz\u00edk. <em>\u201eVonkaj\u0161ie prostredie, v ktorom sa podnik nach\u00e1dza, sklad\u00e1 sa z dvoch sf\u00e9r. Vy\u0161\u0161ia sf\u00e9ra sa naz\u00fdva makroprostredie a pozost\u00e1va z ekonomick\u00e9ho, soci\u00e1lneho, technick\u00e9ho, demografick\u00e9ho, pr\u00e1vneho, politick\u00e9ho a ekologick\u00e9ho sektora. Ni\u017e\u0161ia sf\u00e9ra sa naz\u00fdva odvetvov\u00e9 prostredie a obsahuje \u010dinitele, ktor\u00e9 priamo ovplyv\u0148uj\u00fa postavenie podniku. S\u00fa to konkuren\u010dn\u00e9 podniky, z\u00e1kazn\u00edci, dod\u00e1vatelia a \u010fal\u0161ie faktory.\u201c<\/em><\/p>\n<h2>Intern\u00e9 (vn\u00fatorn\u00e9) prostredie<\/h2>\n<p><a title=\"Anal\u00fdza intern\u00e9ho prostredia podniku\" href=\"https:\/\/www.euroekonom.sk\/manazment\/strategicky-manazment\/analyza-interneho-prostredia-podniku\/\">Intern\u00e9 prostredie<\/a> tvor\u00ed vn\u00fatorn\u00e9 podmienky organiz\u00e1cie, v ktor\u00fdch doch\u00e1dza k transform\u00e1cii zdrojov. M\u00f4\u017eeme ho \u010dleni\u0165 pod\u013ea \u00farovne mana\u017ementu, funk\u010dnej alebo organiza\u010dnej \u0161trukt\u00fary, fyzick\u00e9ho prostredia, vykon\u00e1van\u00fdch procesov, \u010di zamestn\u00e1vate\u013esk\u00fdch vz\u0165ahov. Je potrebn\u00e9 identifikova\u0165 prednosti, ktor\u00fdmi organiz\u00e1cia disponuje a zhodnoti\u0165 ich d\u00f4le\u017eitos\u0165. S\u00fa\u010dasne je v\u00fdznamn\u00e9 odhali\u0165 slabosti a zisti\u0165, \u010di predstavuj\u00fa z\u00e1va\u017en\u00fa zranite\u013enos\u0165.<br \/>\nSchopnos\u0165 organiz\u00e1cie dosiahnu\u0165 stanoven\u00e9 ciele je ohrozovan\u00e1 ale aj podporovan\u00e1 jeho extern\u00fdm prostred\u00edm. Rozdiel medzi pr\u00edle\u017eitos\u0165ou a hrozbou nespo\u010d\u00edva len v samotn\u00fdch trendoch, ale z\u00e1vis\u00ed aj od zdrojov organiz\u00e1cie, \u010di jeho slab\u00fdch a siln\u00fdch str\u00e1nok. Intern\u00e1 anal\u00fdza podniku sk\u00fama a posudzuje vn\u00fatorn\u00e9 prostredie podniku a spolu s externou anal\u00fdzou tvoria v\u00fdchodisko na formulovanie strat\u00e9gie.<\/p>\n<h2>Z\u00e1ver<\/h2>\n<p>V\u0161etky typy prostredia ur\u010dit\u00fdm sp\u00f4sobom ovplyv\u0148uj\u00fa ka\u017ed\u00e9ho \u010dloveka v r\u00f4znych oblastiach. Rozhoduj\u00facim faktorom, okrem in\u00fdch, je prostredie ktor\u00e9 m\u00e1 ve\u013ek\u00fd vplyv na v\u00fdvin, v\u00fdchovu a vzdel\u00e1vanie \u010dloveka. Ke\u010f\u017ee z\u00e1kladn\u00fdm \u010dl\u00e1nkom organiz\u00e1cie s\u00fa \u013eudia, prostredie je neoddelite\u013enou s\u00fa\u010das\u0165ou jej \u010dinnosti.<br \/>\nProstredie, cez ktor\u00e9 \u010dlovek vstupuje do \u017eivota je rodina, prostredn\u00edctvom ktorej sa uskuto\u010d\u0148uje v\u00fdvin, v\u00fdchova, \u010di n\u00e1sledn\u00fd rozvoj v\u0161etk\u00fdch kval\u00edt a postupn\u00e9 za\u010dle\u0148ovanie sa do spolo\u010dnosti. Na z\u00e1klade t\u00fdchto vplyvov si jedinec v dospelosti vytv\u00e1ra svoje vlastn\u00e9 prostredie, ktor\u00e9 vypoved\u00e1 o mo\u017enostiach a schopnostiach, ale aj predstav\u00e1ch a zvykoch. Ka\u017ed\u00e1 organiz\u00e1cia sa v s\u00fa\u010dasnosti pohybuje v komplikovanom podnikate\u013eskom prostred\u00ed. Spr\u00e1vna orient\u00e1cia na trhu a v konkuren\u010dnom prostred\u00ed, dosiahnutie stanoven\u00fdch cie\u013eov a napredovanie hospod\u00e1rskej jednotky si vy\u017eaduje ustavi\u010dne sk\u00famanie prostredia organiz\u00e1cie. Makroekonomick\u00e9 ukazovatele, anal\u00fdzy a prognostick\u00e9 met\u00f3dy pon\u00fakaj\u00fa organiz\u00e1ci\u00ed lep\u0161\u00ed poh\u013ead na prostredie, v ktorom realizuje svoju \u010dinnos\u0165. Poznanie prostredia poskytuje organiz\u00e1ci\u00ed pr\u00edle\u017eitos\u0165 r\u00fdchlej\u0161ie reagovanie na zmeny a s\u00fa\u010dasne je organiz\u00e1cia schopn\u00e1 lep\u0161ie sa adaptova\u0165 na neust\u00e1le sa meniace prostredie, v ktorom sa pohybuje.<br \/>\nProstredie spolu s v\u00fdchovou zast\u00e1vaj\u00fa d\u00f4le\u017eit\u00fa \u00falohu nie len pri rozvoji osobnosti, ale sa podie\u013eaj\u00fa aj na celkovej kvalite \u017eivota. \u010c\u00edm je <a href=\"https:\/\/www.euroekonom.sk\/osobnost-manazera-vlastnosti-schopnosti-a-charakteristiky\/\">osobnos\u0165 \u010dloveka<\/a> rozvinutej\u0161ia a \u010d\u00edm je kvalita jeho \u017eivota vy\u0161\u0161ia, t\u00fdm vy\u0161\u0161ie s\u00fa predpoklady pre \u00faspe\u0161n\u00e9 fungovanie organiz\u00e1cie.<\/p>\n","protected":false},"excerpt":{"rendered":"<p>\u00davod Prostredie je pojem, s ktor\u00fdm sa v s\u00fa\u010dasnosti stret\u00e1vame pomerne \u010dasto. Vymedzuje sa ako priestor, ktor\u00fd zah\u0155\u0148a podnety potrebn\u00e9 pre rozvoj osobnosti, obklopuje jedinca &hellip; <\/p>\n","protected":false},"author":16,"featured_media":25109,"comment_status":"open","ping_status":"closed","sticky":false,"template":"","format":"standard","meta":{"footnotes":""},"categories":[62,553],"tags":[169,170],"class_list":["post-9692","post","type-post","status-publish","format-standard","has-post-thumbnail","hentry","category-manazment","category-vzdelavam-sa","tag-manazment","tag-prostredie"],"yoast_head":"<!-- This site is optimized with the Yoast SEO plugin v27.5 - https:\/\/yoast.com\/product\/yoast-seo-wordpress\/ -->\n<title>Mana\u017ement a jeho prostredie<\/title>\n<meta name=\"description\" content=\"Organiz\u00e1cia ako syst\u00e9m. Prostredie mana\u017ementu. Intern\u00e9 (vn\u00fatorn\u00e9) prostredie. Extern\u00e9 (vonkaj\u0161ie) prostredie.\" \/>\n<meta name=\"robots\" content=\"index, follow, max-snippet:-1, max-image-preview:large, max-video-preview:-1\" \/>\n<link rel=\"canonical\" href=\"https:\/\/www.vrtulniky.sk\/news\/manazment-a-jeho-prostredie\/\" \/>\n<meta property=\"og:locale\" content=\"sk_SK\" \/>\n<meta property=\"og:type\" content=\"article\" \/>\n<meta property=\"og:title\" content=\"Mana\u017ement a jeho prostredie\" \/>\n<meta property=\"og:description\" content=\"Organiz\u00e1cia ako syst\u00e9m. Prostredie mana\u017ementu. Intern\u00e9 (vn\u00fatorn\u00e9) prostredie. Extern\u00e9 (vonkaj\u0161ie) prostredie.\" \/>\n<meta property=\"og:url\" content=\"https:\/\/www.vrtulniky.sk\/news\/manazment-a-jeho-prostredie\/\" \/>\n<meta property=\"og:site_name\" content=\"Podnik\u00e1m, lietam a relaxujem\" \/>\n<meta property=\"article:publisher\" content=\"https:\/\/www.facebook.com\/vrtulniky\/\" \/>\n<meta property=\"article:published_time\" content=\"2023-01-24T09:41:51+00:00\" \/>\n<meta property=\"article:modified_time\" content=\"2024-05-13T12:57:49+00:00\" \/>\n<meta property=\"og:image\" content=\"https:\/\/www.vrtulniky.sk\/news\/wp-content\/uploads\/2022\/08\/pracovny-pohovor.jpg\" \/>\n\t<meta property=\"og:image:width\" content=\"1650\" \/>\n\t<meta property=\"og:image:height\" content=\"1100\" \/>\n\t<meta property=\"og:image:type\" content=\"image\/jpeg\" \/>\n<meta name=\"author\" content=\"Marcelka18\" \/>\n<meta name=\"twitter:card\" content=\"summary_large_image\" \/>\n<meta name=\"twitter:label1\" content=\"Autor\" \/>\n\t<meta name=\"twitter:data1\" content=\"Marcelka18\" \/>\n\t<meta name=\"twitter:label2\" content=\"Predpokladan\u00fd \u010das \u010d\u00edtania\" \/>\n\t<meta name=\"twitter:data2\" content=\"5 min\u00fat\" \/>\n<script type=\"application\/ld+json\" class=\"yoast-schema-graph\">{\"@context\":\"https:\\\/\\\/schema.org\",\"@graph\":[{\"@type\":\"Article\",\"@id\":\"https:\\\/\\\/www.vrtulniky.sk\\\/news\\\/manazment-a-jeho-prostredie\\\/#article\",\"isPartOf\":{\"@id\":\"https:\\\/\\\/www.vrtulniky.sk\\\/news\\\/manazment-a-jeho-prostredie\\\/\"},\"author\":{\"name\":\"Marcelka18\",\"@id\":\"https:\\\/\\\/www.vrtulniky.sk\\\/news\\\/#\\\/schema\\\/person\\\/493ace42f02aac57b98bb1d961d5c6f0\"},\"headline\":\"Mana\u017ement a jeho prostredie\",\"datePublished\":\"2023-01-24T09:41:51+00:00\",\"dateModified\":\"2024-05-13T12:57:49+00:00\",\"mainEntityOfPage\":{\"@id\":\"https:\\\/\\\/www.vrtulniky.sk\\\/news\\\/manazment-a-jeho-prostredie\\\/\"},\"wordCount\":1020,\"commentCount\":0,\"publisher\":{\"@id\":\"https:\\\/\\\/www.vrtulniky.sk\\\/news\\\/#organization\"},\"image\":{\"@id\":\"https:\\\/\\\/www.vrtulniky.sk\\\/news\\\/manazment-a-jeho-prostredie\\\/#primaryimage\"},\"thumbnailUrl\":\"https:\\\/\\\/www.vrtulniky.sk\\\/news\\\/wp-content\\\/uploads\\\/2022\\\/08\\\/pracovny-pohovor.jpg\",\"keywords\":[\"mana\u017ement\",\"prostredie\"],\"articleSection\":[\"Mana\u017ement\",\"Vzdel\u00e1vam sa\"],\"inLanguage\":\"sk-SK\",\"potentialAction\":[{\"@type\":\"CommentAction\",\"name\":\"Comment\",\"target\":[\"https:\\\/\\\/www.vrtulniky.sk\\\/news\\\/manazment-a-jeho-prostredie\\\/#respond\"]}]},{\"@type\":\"WebPage\",\"@id\":\"https:\\\/\\\/www.vrtulniky.sk\\\/news\\\/manazment-a-jeho-prostredie\\\/\",\"url\":\"https:\\\/\\\/www.vrtulniky.sk\\\/news\\\/manazment-a-jeho-prostredie\\\/\",\"name\":\"Mana\u017ement a jeho prostredie\",\"isPartOf\":{\"@id\":\"https:\\\/\\\/www.vrtulniky.sk\\\/news\\\/#website\"},\"primaryImageOfPage\":{\"@id\":\"https:\\\/\\\/www.vrtulniky.sk\\\/news\\\/manazment-a-jeho-prostredie\\\/#primaryimage\"},\"image\":{\"@id\":\"https:\\\/\\\/www.vrtulniky.sk\\\/news\\\/manazment-a-jeho-prostredie\\\/#primaryimage\"},\"thumbnailUrl\":\"https:\\\/\\\/www.vrtulniky.sk\\\/news\\\/wp-content\\\/uploads\\\/2022\\\/08\\\/pracovny-pohovor.jpg\",\"datePublished\":\"2023-01-24T09:41:51+00:00\",\"dateModified\":\"2024-05-13T12:57:49+00:00\",\"description\":\"Organiz\u00e1cia ako syst\u00e9m. Prostredie mana\u017ementu. Intern\u00e9 (vn\u00fatorn\u00e9) prostredie. Extern\u00e9 (vonkaj\u0161ie) prostredie.\",\"breadcrumb\":{\"@id\":\"https:\\\/\\\/www.vrtulniky.sk\\\/news\\\/manazment-a-jeho-prostredie\\\/#breadcrumb\"},\"inLanguage\":\"sk-SK\",\"potentialAction\":[{\"@type\":\"ReadAction\",\"target\":[\"https:\\\/\\\/www.vrtulniky.sk\\\/news\\\/manazment-a-jeho-prostredie\\\/\"]}]},{\"@type\":\"ImageObject\",\"inLanguage\":\"sk-SK\",\"@id\":\"https:\\\/\\\/www.vrtulniky.sk\\\/news\\\/manazment-a-jeho-prostredie\\\/#primaryimage\",\"url\":\"https:\\\/\\\/www.vrtulniky.sk\\\/news\\\/wp-content\\\/uploads\\\/2022\\\/08\\\/pracovny-pohovor.jpg\",\"contentUrl\":\"https:\\\/\\\/www.vrtulniky.sk\\\/news\\\/wp-content\\\/uploads\\\/2022\\\/08\\\/pracovny-pohovor.jpg\",\"width\":1650,\"height\":1100},{\"@type\":\"BreadcrumbList\",\"@id\":\"https:\\\/\\\/www.vrtulniky.sk\\\/news\\\/manazment-a-jeho-prostredie\\\/#breadcrumb\",\"itemListElement\":[{\"@type\":\"ListItem\",\"position\":1,\"name\":\"Home\",\"item\":\"https:\\\/\\\/www.vrtulniky.sk\\\/news\\\/\"},{\"@type\":\"ListItem\",\"position\":2,\"name\":\"Mana\u017ement a jeho prostredie\"}]},{\"@type\":\"WebSite\",\"@id\":\"https:\\\/\\\/www.vrtulniky.sk\\\/news\\\/#website\",\"url\":\"https:\\\/\\\/www.vrtulniky.sk\\\/news\\\/\",\"name\":\"Podnik\u00e1m, lietam a relaxujem\",\"description\":\"Vrtu\u013en\u00edky.sk\",\"publisher\":{\"@id\":\"https:\\\/\\\/www.vrtulniky.sk\\\/news\\\/#organization\"},\"potentialAction\":[{\"@type\":\"SearchAction\",\"target\":{\"@type\":\"EntryPoint\",\"urlTemplate\":\"https:\\\/\\\/www.vrtulniky.sk\\\/news\\\/?s={search_term_string}\"},\"query-input\":{\"@type\":\"PropertyValueSpecification\",\"valueRequired\":true,\"valueName\":\"search_term_string\"}}],\"inLanguage\":\"sk-SK\"},{\"@type\":\"Organization\",\"@id\":\"https:\\\/\\\/www.vrtulniky.sk\\\/news\\\/#organization\",\"name\":\"Podnik\u00e1m, lietam a relaxujem\",\"url\":\"https:\\\/\\\/www.vrtulniky.sk\\\/news\\\/\",\"logo\":{\"@type\":\"ImageObject\",\"inLanguage\":\"sk-SK\",\"@id\":\"https:\\\/\\\/www.vrtulniky.sk\\\/news\\\/#\\\/schema\\\/logo\\\/image\\\/\",\"url\":\"https:\\\/\\\/www.vrtulniky.sk\\\/news\\\/wp-content\\\/uploads\\\/2022\\\/08\\\/news-vrtulniky-sk-logo-e1660318023553.png\",\"contentUrl\":\"https:\\\/\\\/www.vrtulniky.sk\\\/news\\\/wp-content\\\/uploads\\\/2022\\\/08\\\/news-vrtulniky-sk-logo-e1660318023553.png\",\"width\":201,\"height\":200,\"caption\":\"Podnik\u00e1m, lietam a relaxujem\"},\"image\":{\"@id\":\"https:\\\/\\\/www.vrtulniky.sk\\\/news\\\/#\\\/schema\\\/logo\\\/image\\\/\"},\"sameAs\":[\"https:\\\/\\\/www.facebook.com\\\/vrtulniky\\\/\"]},{\"@type\":\"Person\",\"@id\":\"https:\\\/\\\/www.vrtulniky.sk\\\/news\\\/#\\\/schema\\\/person\\\/493ace42f02aac57b98bb1d961d5c6f0\",\"name\":\"Marcelka18\",\"url\":\"https:\\\/\\\/www.vrtulniky.sk\\\/news\\\/author\\\/marcelka18\\\/\"}]}<\/script>\n<!-- \/ Yoast SEO plugin. -->","yoast_head_json":{"title":"Mana\u017ement a jeho prostredie","description":"Organiz\u00e1cia ako syst\u00e9m. Prostredie mana\u017ementu. Intern\u00e9 (vn\u00fatorn\u00e9) prostredie. Extern\u00e9 (vonkaj\u0161ie) prostredie.","robots":{"index":"index","follow":"follow","max-snippet":"max-snippet:-1","max-image-preview":"max-image-preview:large","max-video-preview":"max-video-preview:-1"},"canonical":"https:\/\/www.vrtulniky.sk\/news\/manazment-a-jeho-prostredie\/","og_locale":"sk_SK","og_type":"article","og_title":"Mana\u017ement a jeho prostredie","og_description":"Organiz\u00e1cia ako syst\u00e9m. Prostredie mana\u017ementu. Intern\u00e9 (vn\u00fatorn\u00e9) prostredie. Extern\u00e9 (vonkaj\u0161ie) prostredie.","og_url":"https:\/\/www.vrtulniky.sk\/news\/manazment-a-jeho-prostredie\/","og_site_name":"Podnik\u00e1m, lietam a relaxujem","article_publisher":"https:\/\/www.facebook.com\/vrtulniky\/","article_published_time":"2023-01-24T09:41:51+00:00","article_modified_time":"2024-05-13T12:57:49+00:00","og_image":[{"width":1650,"height":1100,"url":"https:\/\/www.vrtulniky.sk\/news\/wp-content\/uploads\/2022\/08\/pracovny-pohovor.jpg","type":"image\/jpeg"}],"author":"Marcelka18","twitter_card":"summary_large_image","twitter_misc":{"Autor":"Marcelka18","Predpokladan\u00fd \u010das \u010d\u00edtania":"5 min\u00fat"},"schema":{"@context":"https:\/\/schema.org","@graph":[{"@type":"Article","@id":"https:\/\/www.vrtulniky.sk\/news\/manazment-a-jeho-prostredie\/#article","isPartOf":{"@id":"https:\/\/www.vrtulniky.sk\/news\/manazment-a-jeho-prostredie\/"},"author":{"name":"Marcelka18","@id":"https:\/\/www.vrtulniky.sk\/news\/#\/schema\/person\/493ace42f02aac57b98bb1d961d5c6f0"},"headline":"Mana\u017ement a jeho prostredie","datePublished":"2023-01-24T09:41:51+00:00","dateModified":"2024-05-13T12:57:49+00:00","mainEntityOfPage":{"@id":"https:\/\/www.vrtulniky.sk\/news\/manazment-a-jeho-prostredie\/"},"wordCount":1020,"commentCount":0,"publisher":{"@id":"https:\/\/www.vrtulniky.sk\/news\/#organization"},"image":{"@id":"https:\/\/www.vrtulniky.sk\/news\/manazment-a-jeho-prostredie\/#primaryimage"},"thumbnailUrl":"https:\/\/www.vrtulniky.sk\/news\/wp-content\/uploads\/2022\/08\/pracovny-pohovor.jpg","keywords":["mana\u017ement","prostredie"],"articleSection":["Mana\u017ement","Vzdel\u00e1vam sa"],"inLanguage":"sk-SK","potentialAction":[{"@type":"CommentAction","name":"Comment","target":["https:\/\/www.vrtulniky.sk\/news\/manazment-a-jeho-prostredie\/#respond"]}]},{"@type":"WebPage","@id":"https:\/\/www.vrtulniky.sk\/news\/manazment-a-jeho-prostredie\/","url":"https:\/\/www.vrtulniky.sk\/news\/manazment-a-jeho-prostredie\/","name":"Mana\u017ement a jeho prostredie","isPartOf":{"@id":"https:\/\/www.vrtulniky.sk\/news\/#website"},"primaryImageOfPage":{"@id":"https:\/\/www.vrtulniky.sk\/news\/manazment-a-jeho-prostredie\/#primaryimage"},"image":{"@id":"https:\/\/www.vrtulniky.sk\/news\/manazment-a-jeho-prostredie\/#primaryimage"},"thumbnailUrl":"https:\/\/www.vrtulniky.sk\/news\/wp-content\/uploads\/2022\/08\/pracovny-pohovor.jpg","datePublished":"2023-01-24T09:41:51+00:00","dateModified":"2024-05-13T12:57:49+00:00","description":"Organiz\u00e1cia ako syst\u00e9m. Prostredie mana\u017ementu. Intern\u00e9 (vn\u00fatorn\u00e9) prostredie. Extern\u00e9 (vonkaj\u0161ie) prostredie.","breadcrumb":{"@id":"https:\/\/www.vrtulniky.sk\/news\/manazment-a-jeho-prostredie\/#breadcrumb"},"inLanguage":"sk-SK","potentialAction":[{"@type":"ReadAction","target":["https:\/\/www.vrtulniky.sk\/news\/manazment-a-jeho-prostredie\/"]}]},{"@type":"ImageObject","inLanguage":"sk-SK","@id":"https:\/\/www.vrtulniky.sk\/news\/manazment-a-jeho-prostredie\/#primaryimage","url":"https:\/\/www.vrtulniky.sk\/news\/wp-content\/uploads\/2022\/08\/pracovny-pohovor.jpg","contentUrl":"https:\/\/www.vrtulniky.sk\/news\/wp-content\/uploads\/2022\/08\/pracovny-pohovor.jpg","width":1650,"height":1100},{"@type":"BreadcrumbList","@id":"https:\/\/www.vrtulniky.sk\/news\/manazment-a-jeho-prostredie\/#breadcrumb","itemListElement":[{"@type":"ListItem","position":1,"name":"Home","item":"https:\/\/www.vrtulniky.sk\/news\/"},{"@type":"ListItem","position":2,"name":"Mana\u017ement a jeho prostredie"}]},{"@type":"WebSite","@id":"https:\/\/www.vrtulniky.sk\/news\/#website","url":"https:\/\/www.vrtulniky.sk\/news\/","name":"Podnik\u00e1m, lietam a relaxujem","description":"Vrtu\u013en\u00edky.sk","publisher":{"@id":"https:\/\/www.vrtulniky.sk\/news\/#organization"},"potentialAction":[{"@type":"SearchAction","target":{"@type":"EntryPoint","urlTemplate":"https:\/\/www.vrtulniky.sk\/news\/?s={search_term_string}"},"query-input":{"@type":"PropertyValueSpecification","valueRequired":true,"valueName":"search_term_string"}}],"inLanguage":"sk-SK"},{"@type":"Organization","@id":"https:\/\/www.vrtulniky.sk\/news\/#organization","name":"Podnik\u00e1m, lietam a relaxujem","url":"https:\/\/www.vrtulniky.sk\/news\/","logo":{"@type":"ImageObject","inLanguage":"sk-SK","@id":"https:\/\/www.vrtulniky.sk\/news\/#\/schema\/logo\/image\/","url":"https:\/\/www.vrtulniky.sk\/news\/wp-content\/uploads\/2022\/08\/news-vrtulniky-sk-logo-e1660318023553.png","contentUrl":"https:\/\/www.vrtulniky.sk\/news\/wp-content\/uploads\/2022\/08\/news-vrtulniky-sk-logo-e1660318023553.png","width":201,"height":200,"caption":"Podnik\u00e1m, lietam a relaxujem"},"image":{"@id":"https:\/\/www.vrtulniky.sk\/news\/#\/schema\/logo\/image\/"},"sameAs":["https:\/\/www.facebook.com\/vrtulniky\/"]},{"@type":"Person","@id":"https:\/\/www.vrtulniky.sk\/news\/#\/schema\/person\/493ace42f02aac57b98bb1d961d5c6f0","name":"Marcelka18","url":"https:\/\/www.vrtulniky.sk\/news\/author\/marcelka18\/"}]}},"_links":{"self":[{"href":"https:\/\/www.vrtulniky.sk\/news\/wp-json\/wp\/v2\/posts\/9692","targetHints":{"allow":["GET"]}}],"collection":[{"href":"https:\/\/www.vrtulniky.sk\/news\/wp-json\/wp\/v2\/posts"}],"about":[{"href":"https:\/\/www.vrtulniky.sk\/news\/wp-json\/wp\/v2\/types\/post"}],"author":[{"embeddable":true,"href":"https:\/\/www.vrtulniky.sk\/news\/wp-json\/wp\/v2\/users\/16"}],"replies":[{"embeddable":true,"href":"https:\/\/www.vrtulniky.sk\/news\/wp-json\/wp\/v2\/comments?post=9692"}],"version-history":[{"count":0,"href":"https:\/\/www.vrtulniky.sk\/news\/wp-json\/wp\/v2\/posts\/9692\/revisions"}],"wp:featuredmedia":[{"embeddable":true,"href":"https:\/\/www.vrtulniky.sk\/news\/wp-json\/wp\/v2\/media\/25109"}],"wp:attachment":[{"href":"https:\/\/www.vrtulniky.sk\/news\/wp-json\/wp\/v2\/media?parent=9692"}],"wp:term":[{"taxonomy":"category","embeddable":true,"href":"https:\/\/www.vrtulniky.sk\/news\/wp-json\/wp\/v2\/categories?post=9692"},{"taxonomy":"post_tag","embeddable":true,"href":"https:\/\/www.vrtulniky.sk\/news\/wp-json\/wp\/v2\/tags?post=9692"}],"curies":[{"name":"wp","href":"https:\/\/api.w.org\/{rel}","templated":true}]}}