{"id":9760,"date":"2023-01-28T10:52:49","date_gmt":"2023-01-28T09:52:49","guid":{"rendered":"https:\/\/www.euroekonom.sk\/?p=9760"},"modified":"2024-05-13T14:57:48","modified_gmt":"2024-05-13T12:57:48","slug":"manazer-a-komunikacia","status":"publish","type":"post","link":"https:\/\/www.vrtulniky.sk\/news\/manazer-a-komunikacia\/","title":{"rendered":"Mana\u017e\u00e9r a komunik\u00e1cia"},"content":{"rendered":"<h2>\u00davod<\/h2>\n<p>Pojem komunik\u00e1cia je mo\u017en\u00e9 odvodi\u0165 z latinsk\u00e9ho slova \u201ecommunicare\u201c, \u010do presne znamen\u00e1 \u201evytvori\u0165 spolo\u010dn\u00e9 s niek\u00fdm\u201c, da\u0165 in\u00fdm my\u0161lienku, n\u00e1dej, poznanie. Komunik\u00e1ciou chceme ozn\u00e1mi\u0165, sprostredkova\u0165, podeli\u0165 sa s ur\u010dit\u00fdmi inform\u00e1ciami, my\u0161lienkami, postojmi, n\u00e1zormi. Vo v\u0161eobecnosti sa komunik\u00e1cia pou\u017e\u00edva na ozna\u010denie procesu vz\u00e1jomn\u00e9ho dorozumievania sa, odovzdania a prij\u00edmania inform\u00e1ci\u00ed pomocou priameho alebo nepriameho kontaktu. Ka\u017ed\u00e1 komunik\u00e1cia nesie v sebe obsah aj vz\u0165ah. Komunik\u00e1cia s t\u00fdm ist\u00fdm obsahom m\u00e1va r\u00f4zne podoby, a to pod\u013ea toho, ak\u00fd vz\u0165ah k sebe maj\u00fa komunika\u010dn\u00ed partneri a ako sa poznaj\u00fa. Komunikujeme v\u017edy obsah i vz\u0165ah z\u00e1rove\u0148. Pre efekt\u00edvnu komunik\u00e1ciu nesta\u010d\u00ed kontrolova\u0165 iba jednu z t\u00fdchto dvoch <a href=\"https:\/\/www.euroekonom.sk\/komunikacny-proces-a-komunikacne-prostriedky\/\">zlo\u017eiek komunik\u00e1cie<\/a>.<\/p>\n<h2>Komunik\u00e1cia v organiz\u00e1ci\u00ed<\/h2>\n<p>\u00daspe\u0161n\u00e1 komunik\u00e1cia v organiz\u00e1cii predpoklad\u00e1 okrem pochopenia z\u00e1konitost\u00ed komunika\u010dn\u00e9ho procesu a jeho zvl\u00e1\u0161tnost\u00ed v organiz\u00e1cii aj vytvorenie podporuj\u00facej komunika\u010dnej atmosf\u00e9ry, vhodn\u00e9 vyu\u017e\u00edvanie komunika\u010dn\u00fdch n\u00e1strojov a prostriedkov, re\u0161pektovanie z\u00e1sad efekt\u00edvnej komunik\u00e1cie a zdokona\u013eovanie komunika\u010dn\u00fdch zru\u010dnost\u00ed mana\u017e\u00e9rov. Na efekt\u00edvnu komunik\u00e1ciu sa v organiz\u00e1cii vyu\u017e\u00edvaj\u00fa viacer\u00e9 prostriedky, n\u00e1stroje a techniky. Medzi najbe\u017enej\u0161ie patria r\u00f4zne verb\u00e1lne hovoren\u00e9 n\u00e1stroje (rozhovor, in\u0161trukt\u00e1\u017e, slovn\u00e9 pr\u00edkazy, hodnotenia), verb\u00e1lne p\u00edsomn\u00e9 prostriedky (z\u00e1pisnice, podnikov\u00e9 spr\u00e1vy, analytick\u00e9 materi\u00e1ly, vn\u00fatropodnikov\u00e9 normy, let\u00e1ky, obe\u017en\u00edky, informa\u010dn\u00e9 bulletiny, informa\u010dn\u00e9 tabule a pod.). Ve\u013ek\u00fdm rozvojom prech\u00e1dzaj\u00fa technick\u00e9 informa\u010dn\u00e9 prostriedky. N\u00e1stupom modern\u00fdch informa\u010dn\u00fdch technol\u00f3gi\u00ed sa ur\u00fdch\u013euje proces v\u00fdmeny inform\u00e1ci\u00ed. Mo\u017enosti telef\u00f3nu, faxu, rozhlasu a in\u00fdch prostriedkov s\u00fa nahradzovan\u00e9 internetom, elektronickou po\u0161tou, vn\u00fatropodnikov\u00fdmi informa\u010dn\u00fdmi sie\u0165ami a podobne.<\/p>\n<h2>Mana\u017e\u00e9r a komunik\u00e1cia<\/h2>\n<p>Vo v\u0161etk\u00fdch organiz\u00e1ci\u00e1ch, a to ziskovo i neziskovo orientovan\u00fdch, p\u00f4sobia mana\u017e\u00e9ri. V spolo\u010dnosti maj\u00fa v\u00fdznamn\u00e9 poslanie, preto\u017ee v dobrom i zlom ovplyv\u0148uj\u00fa jej \u010dinnos\u0165 a v\u00fdsledky. Mana\u017e\u00e9rom sa nikto z n\u00e1s nerod\u00ed, ale skuto\u010dnos\u0165, \u017ee sa n\u00edm stane, d\u00e1va mo\u017enos\u0165 dok\u00e1za\u0165, \u010di t\u00fato pracovn\u00fa rolu zvl\u00e1dne, alebo nie. Mana\u017e\u00e9ri predstavuj\u00fa v tomto pr\u00edpade len jednu kateg\u00f3riu pracovn\u00edkov, vykon\u00e1vaj\u00facich proces mana\u017ementu. V organiz\u00e1ci\u00e1ch s\u00fa r\u00f4zni mana\u017e\u00e9ri, pri\u010dom v\u0161etci rie\u0161ia rovnak\u00e9 probl\u00e9my, t.j. usiluj\u00fa sa dosiahnu\u0165 ur\u010dit\u00e9 ciele a \u010dinnosti aplikuj\u00fa mnoh\u00e9 rovnak\u00e9 postupy efekt\u00edvneho mana\u017ementu. S\u00fa bezprostredne spojen\u00ed s procesom mana\u017ementu.<br \/>\nObjektom mana\u017e\u00e9rskeho povolania s\u00fa hlavn\u00e9 zdroje (inputy) organiz\u00e1cie, t.j. \u013eudsk\u00e9, fyzick\u00e9, informa\u010dn\u00e9 zdroje, ktor\u00e9 organiz\u00e1cia prij\u00edma a vyu\u017e\u00edva z okolia. \u00dalohou mana\u017e\u00e9rskeho povolania je ich vz\u00e1jomne kombinova\u0165 tak, aby sa dosiahli \u017eiaduce ciele. S t\u00fdmto z\u00e1merom mana\u017e\u00e9r koordinuje aktivity jemu podriaden\u00fdch \u013eud\u00ed. Sta\u0165 sa mana\u017e\u00e9rom vy\u017eaduje ve\u013ek\u00e9 mno\u017estvo vedomosti a zru\u010dnosti potrebn\u00fdch pre zvl\u00e1dania po\u017eiadaviek podniku. Vy\u017eaduje sa, by jeho form\u00e1lna autorita kore\u0161pondovala s jeho prirodzenou (neform\u00e1lnou) autoritou.<br \/>\nV modern\u00fdch organiz\u00e1ci\u00e1ch m\u00e1 rozhoduj\u00faci v\u00fdznam obojstrann\u00e1 komunik\u00e1cia, sk\u00f4r neform\u00e1lna a \u00fastna. V spolo\u010denskej komunik\u00e1ci\u00ed mana\u017e\u00e9ri jednotliv\u00fdch stup\u0148ov organiz\u00e1cie vykon\u00e1vaj\u00fa mana\u017e\u00e9rske funkcie, ale vzh\u013eadom na odli\u0161n\u00e9 miesto a postavenie v nej, podiel funkcii je rozdielny. V s\u00fa\u010dasnosti efekt\u00edvna mana\u017e\u00e9rska pr\u00e1ca si vy\u017eaduje kvalitn\u00e9 <a href=\"https:\/\/www.euroekonom.sk\/rozhodovanie-a-rozhodovaci-proces\/\">inform\u00e1cie na rozhodovanie<\/a>. V organiz\u00e1ci\u00ed je preto potrebn\u00e9 zabezpe\u010di\u0165 syst\u00e9m toku inform\u00e1ci\u00ed. R\u00fdchla, priama, otvoren\u00e1 a presved\u010div\u00e1 komunik\u00e1cia mana\u017e\u00e9ra , ale tie\u017e aj zamestnancov, sa bez oh\u013eadu na ve\u013ekos\u0165 organiz\u00e1cie st\u00e1va jedn\u00fdm z najd\u00f4le\u017eitej\u0161\u00edch predpokladov jej zdrav\u00e9ho v\u00fdvoja.<br \/>\nMana\u017e\u00e9ri svojou osobnos\u0165ou, svojimi n\u00e1vykmi, komunika\u010dn\u00fdmi zru\u010dnos\u0165ami, \u0161t\u00fdlom pr\u00e1ce s \u013eu\u010fmi a vlastn\u00fdm vplyvom na utv\u00e1ranie vz\u0165ahov v organiz\u00e1cii v\u00fdrazne ovplyv\u0148uj\u00fa aj komunika\u010dn\u00fa atmosf\u00e9ru. Na \u00fa\u010dinn\u00e9 vyu\u017e\u00edvaniu komunika\u010dn\u00fdch n\u00e1strojov a prostriedkov pom\u00e1haj\u00fa mana\u017e\u00e9rovi okrem jeho osobnostn\u00fdch prednost\u00ed aj jeho komunika\u010dn\u00e9 zru\u010dnosti.Ich v\u00fdznam narast\u00e1 pri rie\u0161en\u00ed zlo\u017eitej\u0161\u00edch \u010di neo\u010dak\u00e1van\u00fdch probl\u00e9mov. Zvl\u00e1dnu\u0165 z\u00e1kladn\u00e9 komunika\u010dn\u00e9 zru\u010dnosti by mali nie iba mana\u017e\u00e9ri na vrcholn\u00fdch poz\u00edci\u00e1ch, ale v\u0161etci, ktor\u00ed maj\u00fa podriaden\u00fdch, ako aj t\u00ed, \u010do prezentuj\u00fa organiz\u00e1ciu navonok (z\u00e1stupcovia, hovorcovia a pod.).<\/p>\n<h2>Z\u00e1ver<\/h2>\n<p>Komunik\u00e1ciou ako vednou discipl\u00ednou sa zaoberaj\u00fa mnoh\u00e9 vedn\u00e9 odbory, je v centre z\u00e1ujmu jazykovedy, kult\u00farnej antropol\u00f3gie, etnol\u00f3gie, logiky, zaoberaj\u00fa sa \u0148ou psychol\u00f3govia aj filozofi. Efekt\u00edvna komunik\u00e1cia je z\u00e1kladn\u00fdm predpokladom \u00faspe\u0161n\u00e9ho fungovania medzi\u013eudsk\u00fdch vz\u0165ahov. Efekt\u00edvnos\u0165 komunik\u00e1cie je ovplyvnen\u00e1 nieko\u013ek\u00fdmi \u010dinite\u013emi, ku ktor\u00fdm patria odborn\u00e9 vedomosti, pohotovos\u0165 myslenia, kultivovanos\u0165 vyjadrovania, samotn\u00e9 spr\u00e1vanie, presved\u010div\u00e9 vystupovanie v zmysle z\u00e1sad spolo\u010densk\u00e9ho styku a pod. Komunik\u00e1cia neznamen\u00e1 len hovori\u0165 a p\u00edsa\u0165, ale aj po\u010d\u00fava\u0165. D\u00f4le\u017eit\u00e9 je necha\u0165 druh\u00e9ho dohovori\u0165, da\u0165 mu \u010das a vytvori\u0165 priestor pre anal\u00fdzu danej situ\u00e1cie, premyslenie probl\u00e9mov, mo\u017enos\u0165 vyjadri\u0165 sa, nesk\u00e1ka\u0165 do re\u010di a pod. Komunik\u00e1cia je jednoducho neoddelite\u013enou s\u00fa\u010das\u0165ou n\u00e1\u0161ho \u017eivota, preto by sme sa mali nau\u010di\u0165 zaobch\u00e1dza\u0165 so slovami spr\u00e1vne.<br \/>\nKomunik\u00e1cia je hlavn\u00fdm n\u00e1strojom hodnotenia \u013eud\u00ed, ich motiv\u00e1cie a usmer\u0148ovan\u00ed, mana\u017e\u00e9ri komunikuj\u00fa s dod\u00e1vate\u013emi, so z\u00e1kazn\u00edkmi, s predstavite\u013emi \u0161t\u00e1tnej spr\u00e1vy a s verejnos\u0165ou. Preto by sa mana\u017e\u00e9ri mali usilova\u0165 o zvl\u00e1dnutie z\u00e1sad efekt\u00edvnej komunik\u00e1cie, zdokona\u013eovanie svojich komunika\u010dn\u00fdch zru\u010dnost\u00ed a o zvl\u00e1dnutie efekt\u00edvnych komunika\u010dn\u00fdch techn\u00edk.<\/p>\n","protected":false},"excerpt":{"rendered":"<p>\u00davod Pojem komunik\u00e1cia je mo\u017en\u00e9 odvodi\u0165 z latinsk\u00e9ho slova \u201ecommunicare\u201c, \u010do presne znamen\u00e1 \u201evytvori\u0165 spolo\u010dn\u00e9 s niek\u00fdm\u201c, da\u0165 in\u00fdm my\u0161lienku, n\u00e1dej, poznanie. Komunik\u00e1ciou chceme ozn\u00e1mi\u0165, &hellip; <\/p>\n","protected":false},"author":16,"featured_media":25150,"comment_status":"open","ping_status":"closed","sticky":false,"template":"","format":"standard","meta":{"footnotes":""},"categories":[62,553],"tags":[123],"class_list":["post-9760","post","type-post","status-publish","format-standard","has-post-thumbnail","hentry","category-manazment","category-vzdelavam-sa","tag-komunikacia"],"yoast_head":"<!-- This site is optimized with the Yoast SEO plugin v27.5 - https:\/\/yoast.com\/product\/yoast-seo-wordpress\/ -->\n<title>Mana\u017e\u00e9r a komunik\u00e1cia<\/title>\n<meta name=\"description\" content=\"Komunik\u00e1cia v organiz\u00e1ci\u00ed. Obojstrann\u00e1, \u00fastna a neform\u00e1lna komunik\u00e1cia v organiz\u00e1cii.\" \/>\n<meta name=\"robots\" content=\"index, follow, max-snippet:-1, max-image-preview:large, max-video-preview:-1\" \/>\n<link rel=\"canonical\" href=\"https:\/\/www.vrtulniky.sk\/news\/manazer-a-komunikacia\/\" \/>\n<meta property=\"og:locale\" content=\"sk_SK\" \/>\n<meta property=\"og:type\" content=\"article\" \/>\n<meta property=\"og:title\" content=\"Mana\u017e\u00e9r a komunik\u00e1cia\" \/>\n<meta property=\"og:description\" content=\"Komunik\u00e1cia v organiz\u00e1ci\u00ed. Obojstrann\u00e1, \u00fastna a neform\u00e1lna komunik\u00e1cia v organiz\u00e1cii.\" \/>\n<meta property=\"og:url\" content=\"https:\/\/www.vrtulniky.sk\/news\/manazer-a-komunikacia\/\" \/>\n<meta property=\"og:site_name\" content=\"Podnik\u00e1m, lietam a relaxujem\" \/>\n<meta property=\"article:publisher\" content=\"https:\/\/www.facebook.com\/vrtulniky\/\" \/>\n<meta property=\"article:published_time\" content=\"2023-01-28T09:52:49+00:00\" \/>\n<meta property=\"article:modified_time\" content=\"2024-05-13T12:57:48+00:00\" \/>\n<meta property=\"og:image\" content=\"https:\/\/www.vrtulniky.sk\/news\/wp-content\/uploads\/2022\/08\/prijimacky-na-strednu-slovensky-jazyk-literatura-25.jpg\" \/>\n\t<meta property=\"og:image:width\" content=\"1350\" \/>\n\t<meta property=\"og:image:height\" content=\"900\" \/>\n\t<meta property=\"og:image:type\" content=\"image\/jpeg\" \/>\n<meta name=\"author\" content=\"Marcelka18\" \/>\n<meta name=\"twitter:card\" content=\"summary_large_image\" \/>\n<meta name=\"twitter:label1\" content=\"Autor\" \/>\n\t<meta name=\"twitter:data1\" content=\"Marcelka18\" \/>\n\t<meta name=\"twitter:label2\" content=\"Predpokladan\u00fd \u010das \u010d\u00edtania\" \/>\n\t<meta name=\"twitter:data2\" content=\"4 min\u00faty\" \/>\n<script type=\"application\/ld+json\" class=\"yoast-schema-graph\">{\"@context\":\"https:\\\/\\\/schema.org\",\"@graph\":[{\"@type\":\"Article\",\"@id\":\"https:\\\/\\\/www.vrtulniky.sk\\\/news\\\/manazer-a-komunikacia\\\/#article\",\"isPartOf\":{\"@id\":\"https:\\\/\\\/www.vrtulniky.sk\\\/news\\\/manazer-a-komunikacia\\\/\"},\"author\":{\"name\":\"Marcelka18\",\"@id\":\"https:\\\/\\\/www.vrtulniky.sk\\\/news\\\/#\\\/schema\\\/person\\\/493ace42f02aac57b98bb1d961d5c6f0\"},\"headline\":\"Mana\u017e\u00e9r a komunik\u00e1cia\",\"datePublished\":\"2023-01-28T09:52:49+00:00\",\"dateModified\":\"2024-05-13T12:57:48+00:00\",\"mainEntityOfPage\":{\"@id\":\"https:\\\/\\\/www.vrtulniky.sk\\\/news\\\/manazer-a-komunikacia\\\/\"},\"wordCount\":1040,\"commentCount\":0,\"publisher\":{\"@id\":\"https:\\\/\\\/www.vrtulniky.sk\\\/news\\\/#organization\"},\"image\":{\"@id\":\"https:\\\/\\\/www.vrtulniky.sk\\\/news\\\/manazer-a-komunikacia\\\/#primaryimage\"},\"thumbnailUrl\":\"https:\\\/\\\/www.vrtulniky.sk\\\/news\\\/wp-content\\\/uploads\\\/2022\\\/08\\\/prijimacky-na-strednu-slovensky-jazyk-literatura-25.jpg\",\"keywords\":[\"komunik\u00e1cia\"],\"articleSection\":[\"Mana\u017ement\",\"Vzdel\u00e1vam sa\"],\"inLanguage\":\"sk-SK\",\"potentialAction\":[{\"@type\":\"CommentAction\",\"name\":\"Comment\",\"target\":[\"https:\\\/\\\/www.vrtulniky.sk\\\/news\\\/manazer-a-komunikacia\\\/#respond\"]}]},{\"@type\":\"WebPage\",\"@id\":\"https:\\\/\\\/www.vrtulniky.sk\\\/news\\\/manazer-a-komunikacia\\\/\",\"url\":\"https:\\\/\\\/www.vrtulniky.sk\\\/news\\\/manazer-a-komunikacia\\\/\",\"name\":\"Mana\u017e\u00e9r a komunik\u00e1cia\",\"isPartOf\":{\"@id\":\"https:\\\/\\\/www.vrtulniky.sk\\\/news\\\/#website\"},\"primaryImageOfPage\":{\"@id\":\"https:\\\/\\\/www.vrtulniky.sk\\\/news\\\/manazer-a-komunikacia\\\/#primaryimage\"},\"image\":{\"@id\":\"https:\\\/\\\/www.vrtulniky.sk\\\/news\\\/manazer-a-komunikacia\\\/#primaryimage\"},\"thumbnailUrl\":\"https:\\\/\\\/www.vrtulniky.sk\\\/news\\\/wp-content\\\/uploads\\\/2022\\\/08\\\/prijimacky-na-strednu-slovensky-jazyk-literatura-25.jpg\",\"datePublished\":\"2023-01-28T09:52:49+00:00\",\"dateModified\":\"2024-05-13T12:57:48+00:00\",\"description\":\"Komunik\u00e1cia v organiz\u00e1ci\u00ed. Obojstrann\u00e1, \u00fastna a neform\u00e1lna komunik\u00e1cia v organiz\u00e1cii.\",\"breadcrumb\":{\"@id\":\"https:\\\/\\\/www.vrtulniky.sk\\\/news\\\/manazer-a-komunikacia\\\/#breadcrumb\"},\"inLanguage\":\"sk-SK\",\"potentialAction\":[{\"@type\":\"ReadAction\",\"target\":[\"https:\\\/\\\/www.vrtulniky.sk\\\/news\\\/manazer-a-komunikacia\\\/\"]}]},{\"@type\":\"ImageObject\",\"inLanguage\":\"sk-SK\",\"@id\":\"https:\\\/\\\/www.vrtulniky.sk\\\/news\\\/manazer-a-komunikacia\\\/#primaryimage\",\"url\":\"https:\\\/\\\/www.vrtulniky.sk\\\/news\\\/wp-content\\\/uploads\\\/2022\\\/08\\\/prijimacky-na-strednu-slovensky-jazyk-literatura-25.jpg\",\"contentUrl\":\"https:\\\/\\\/www.vrtulniky.sk\\\/news\\\/wp-content\\\/uploads\\\/2022\\\/08\\\/prijimacky-na-strednu-slovensky-jazyk-literatura-25.jpg\",\"width\":1350,\"height\":900},{\"@type\":\"BreadcrumbList\",\"@id\":\"https:\\\/\\\/www.vrtulniky.sk\\\/news\\\/manazer-a-komunikacia\\\/#breadcrumb\",\"itemListElement\":[{\"@type\":\"ListItem\",\"position\":1,\"name\":\"Home\",\"item\":\"https:\\\/\\\/www.vrtulniky.sk\\\/news\\\/\"},{\"@type\":\"ListItem\",\"position\":2,\"name\":\"Mana\u017e\u00e9r a komunik\u00e1cia\"}]},{\"@type\":\"WebSite\",\"@id\":\"https:\\\/\\\/www.vrtulniky.sk\\\/news\\\/#website\",\"url\":\"https:\\\/\\\/www.vrtulniky.sk\\\/news\\\/\",\"name\":\"Podnik\u00e1m, lietam a relaxujem\",\"description\":\"Vrtu\u013en\u00edky.sk\",\"publisher\":{\"@id\":\"https:\\\/\\\/www.vrtulniky.sk\\\/news\\\/#organization\"},\"potentialAction\":[{\"@type\":\"SearchAction\",\"target\":{\"@type\":\"EntryPoint\",\"urlTemplate\":\"https:\\\/\\\/www.vrtulniky.sk\\\/news\\\/?s={search_term_string}\"},\"query-input\":{\"@type\":\"PropertyValueSpecification\",\"valueRequired\":true,\"valueName\":\"search_term_string\"}}],\"inLanguage\":\"sk-SK\"},{\"@type\":\"Organization\",\"@id\":\"https:\\\/\\\/www.vrtulniky.sk\\\/news\\\/#organization\",\"name\":\"Podnik\u00e1m, lietam a relaxujem\",\"url\":\"https:\\\/\\\/www.vrtulniky.sk\\\/news\\\/\",\"logo\":{\"@type\":\"ImageObject\",\"inLanguage\":\"sk-SK\",\"@id\":\"https:\\\/\\\/www.vrtulniky.sk\\\/news\\\/#\\\/schema\\\/logo\\\/image\\\/\",\"url\":\"https:\\\/\\\/www.vrtulniky.sk\\\/news\\\/wp-content\\\/uploads\\\/2022\\\/08\\\/news-vrtulniky-sk-logo-e1660318023553.png\",\"contentUrl\":\"https:\\\/\\\/www.vrtulniky.sk\\\/news\\\/wp-content\\\/uploads\\\/2022\\\/08\\\/news-vrtulniky-sk-logo-e1660318023553.png\",\"width\":201,\"height\":200,\"caption\":\"Podnik\u00e1m, lietam a relaxujem\"},\"image\":{\"@id\":\"https:\\\/\\\/www.vrtulniky.sk\\\/news\\\/#\\\/schema\\\/logo\\\/image\\\/\"},\"sameAs\":[\"https:\\\/\\\/www.facebook.com\\\/vrtulniky\\\/\"]},{\"@type\":\"Person\",\"@id\":\"https:\\\/\\\/www.vrtulniky.sk\\\/news\\\/#\\\/schema\\\/person\\\/493ace42f02aac57b98bb1d961d5c6f0\",\"name\":\"Marcelka18\",\"url\":\"https:\\\/\\\/www.vrtulniky.sk\\\/news\\\/author\\\/marcelka18\\\/\"}]}<\/script>\n<!-- \/ Yoast SEO plugin. -->","yoast_head_json":{"title":"Mana\u017e\u00e9r a komunik\u00e1cia","description":"Komunik\u00e1cia v organiz\u00e1ci\u00ed. Obojstrann\u00e1, \u00fastna a neform\u00e1lna komunik\u00e1cia v organiz\u00e1cii.","robots":{"index":"index","follow":"follow","max-snippet":"max-snippet:-1","max-image-preview":"max-image-preview:large","max-video-preview":"max-video-preview:-1"},"canonical":"https:\/\/www.vrtulniky.sk\/news\/manazer-a-komunikacia\/","og_locale":"sk_SK","og_type":"article","og_title":"Mana\u017e\u00e9r a komunik\u00e1cia","og_description":"Komunik\u00e1cia v organiz\u00e1ci\u00ed. Obojstrann\u00e1, \u00fastna a neform\u00e1lna komunik\u00e1cia v organiz\u00e1cii.","og_url":"https:\/\/www.vrtulniky.sk\/news\/manazer-a-komunikacia\/","og_site_name":"Podnik\u00e1m, lietam a relaxujem","article_publisher":"https:\/\/www.facebook.com\/vrtulniky\/","article_published_time":"2023-01-28T09:52:49+00:00","article_modified_time":"2024-05-13T12:57:48+00:00","og_image":[{"width":1350,"height":900,"url":"https:\/\/www.vrtulniky.sk\/news\/wp-content\/uploads\/2022\/08\/prijimacky-na-strednu-slovensky-jazyk-literatura-25.jpg","type":"image\/jpeg"}],"author":"Marcelka18","twitter_card":"summary_large_image","twitter_misc":{"Autor":"Marcelka18","Predpokladan\u00fd \u010das \u010d\u00edtania":"4 min\u00faty"},"schema":{"@context":"https:\/\/schema.org","@graph":[{"@type":"Article","@id":"https:\/\/www.vrtulniky.sk\/news\/manazer-a-komunikacia\/#article","isPartOf":{"@id":"https:\/\/www.vrtulniky.sk\/news\/manazer-a-komunikacia\/"},"author":{"name":"Marcelka18","@id":"https:\/\/www.vrtulniky.sk\/news\/#\/schema\/person\/493ace42f02aac57b98bb1d961d5c6f0"},"headline":"Mana\u017e\u00e9r a komunik\u00e1cia","datePublished":"2023-01-28T09:52:49+00:00","dateModified":"2024-05-13T12:57:48+00:00","mainEntityOfPage":{"@id":"https:\/\/www.vrtulniky.sk\/news\/manazer-a-komunikacia\/"},"wordCount":1040,"commentCount":0,"publisher":{"@id":"https:\/\/www.vrtulniky.sk\/news\/#organization"},"image":{"@id":"https:\/\/www.vrtulniky.sk\/news\/manazer-a-komunikacia\/#primaryimage"},"thumbnailUrl":"https:\/\/www.vrtulniky.sk\/news\/wp-content\/uploads\/2022\/08\/prijimacky-na-strednu-slovensky-jazyk-literatura-25.jpg","keywords":["komunik\u00e1cia"],"articleSection":["Mana\u017ement","Vzdel\u00e1vam sa"],"inLanguage":"sk-SK","potentialAction":[{"@type":"CommentAction","name":"Comment","target":["https:\/\/www.vrtulniky.sk\/news\/manazer-a-komunikacia\/#respond"]}]},{"@type":"WebPage","@id":"https:\/\/www.vrtulniky.sk\/news\/manazer-a-komunikacia\/","url":"https:\/\/www.vrtulniky.sk\/news\/manazer-a-komunikacia\/","name":"Mana\u017e\u00e9r a komunik\u00e1cia","isPartOf":{"@id":"https:\/\/www.vrtulniky.sk\/news\/#website"},"primaryImageOfPage":{"@id":"https:\/\/www.vrtulniky.sk\/news\/manazer-a-komunikacia\/#primaryimage"},"image":{"@id":"https:\/\/www.vrtulniky.sk\/news\/manazer-a-komunikacia\/#primaryimage"},"thumbnailUrl":"https:\/\/www.vrtulniky.sk\/news\/wp-content\/uploads\/2022\/08\/prijimacky-na-strednu-slovensky-jazyk-literatura-25.jpg","datePublished":"2023-01-28T09:52:49+00:00","dateModified":"2024-05-13T12:57:48+00:00","description":"Komunik\u00e1cia v organiz\u00e1ci\u00ed. Obojstrann\u00e1, \u00fastna a neform\u00e1lna komunik\u00e1cia v organiz\u00e1cii.","breadcrumb":{"@id":"https:\/\/www.vrtulniky.sk\/news\/manazer-a-komunikacia\/#breadcrumb"},"inLanguage":"sk-SK","potentialAction":[{"@type":"ReadAction","target":["https:\/\/www.vrtulniky.sk\/news\/manazer-a-komunikacia\/"]}]},{"@type":"ImageObject","inLanguage":"sk-SK","@id":"https:\/\/www.vrtulniky.sk\/news\/manazer-a-komunikacia\/#primaryimage","url":"https:\/\/www.vrtulniky.sk\/news\/wp-content\/uploads\/2022\/08\/prijimacky-na-strednu-slovensky-jazyk-literatura-25.jpg","contentUrl":"https:\/\/www.vrtulniky.sk\/news\/wp-content\/uploads\/2022\/08\/prijimacky-na-strednu-slovensky-jazyk-literatura-25.jpg","width":1350,"height":900},{"@type":"BreadcrumbList","@id":"https:\/\/www.vrtulniky.sk\/news\/manazer-a-komunikacia\/#breadcrumb","itemListElement":[{"@type":"ListItem","position":1,"name":"Home","item":"https:\/\/www.vrtulniky.sk\/news\/"},{"@type":"ListItem","position":2,"name":"Mana\u017e\u00e9r a komunik\u00e1cia"}]},{"@type":"WebSite","@id":"https:\/\/www.vrtulniky.sk\/news\/#website","url":"https:\/\/www.vrtulniky.sk\/news\/","name":"Podnik\u00e1m, lietam a relaxujem","description":"Vrtu\u013en\u00edky.sk","publisher":{"@id":"https:\/\/www.vrtulniky.sk\/news\/#organization"},"potentialAction":[{"@type":"SearchAction","target":{"@type":"EntryPoint","urlTemplate":"https:\/\/www.vrtulniky.sk\/news\/?s={search_term_string}"},"query-input":{"@type":"PropertyValueSpecification","valueRequired":true,"valueName":"search_term_string"}}],"inLanguage":"sk-SK"},{"@type":"Organization","@id":"https:\/\/www.vrtulniky.sk\/news\/#organization","name":"Podnik\u00e1m, lietam a relaxujem","url":"https:\/\/www.vrtulniky.sk\/news\/","logo":{"@type":"ImageObject","inLanguage":"sk-SK","@id":"https:\/\/www.vrtulniky.sk\/news\/#\/schema\/logo\/image\/","url":"https:\/\/www.vrtulniky.sk\/news\/wp-content\/uploads\/2022\/08\/news-vrtulniky-sk-logo-e1660318023553.png","contentUrl":"https:\/\/www.vrtulniky.sk\/news\/wp-content\/uploads\/2022\/08\/news-vrtulniky-sk-logo-e1660318023553.png","width":201,"height":200,"caption":"Podnik\u00e1m, lietam a relaxujem"},"image":{"@id":"https:\/\/www.vrtulniky.sk\/news\/#\/schema\/logo\/image\/"},"sameAs":["https:\/\/www.facebook.com\/vrtulniky\/"]},{"@type":"Person","@id":"https:\/\/www.vrtulniky.sk\/news\/#\/schema\/person\/493ace42f02aac57b98bb1d961d5c6f0","name":"Marcelka18","url":"https:\/\/www.vrtulniky.sk\/news\/author\/marcelka18\/"}]}},"_links":{"self":[{"href":"https:\/\/www.vrtulniky.sk\/news\/wp-json\/wp\/v2\/posts\/9760","targetHints":{"allow":["GET"]}}],"collection":[{"href":"https:\/\/www.vrtulniky.sk\/news\/wp-json\/wp\/v2\/posts"}],"about":[{"href":"https:\/\/www.vrtulniky.sk\/news\/wp-json\/wp\/v2\/types\/post"}],"author":[{"embeddable":true,"href":"https:\/\/www.vrtulniky.sk\/news\/wp-json\/wp\/v2\/users\/16"}],"replies":[{"embeddable":true,"href":"https:\/\/www.vrtulniky.sk\/news\/wp-json\/wp\/v2\/comments?post=9760"}],"version-history":[{"count":0,"href":"https:\/\/www.vrtulniky.sk\/news\/wp-json\/wp\/v2\/posts\/9760\/revisions"}],"wp:featuredmedia":[{"embeddable":true,"href":"https:\/\/www.vrtulniky.sk\/news\/wp-json\/wp\/v2\/media\/25150"}],"wp:attachment":[{"href":"https:\/\/www.vrtulniky.sk\/news\/wp-json\/wp\/v2\/media?parent=9760"}],"wp:term":[{"taxonomy":"category","embeddable":true,"href":"https:\/\/www.vrtulniky.sk\/news\/wp-json\/wp\/v2\/categories?post=9760"},{"taxonomy":"post_tag","embeddable":true,"href":"https:\/\/www.vrtulniky.sk\/news\/wp-json\/wp\/v2\/tags?post=9760"}],"curies":[{"name":"wp","href":"https:\/\/api.w.org\/{rel}","templated":true}]}}